{"id":19711,"date":"2023-10-03T08:53:58","date_gmt":"2023-10-03T08:53:58","guid":{"rendered":"https:\/\/www.aszende.com\/?p=19711"},"modified":"2025-09-12T07:50:46","modified_gmt":"2025-09-12T07:50:46","slug":"cota-zero-que-es-ajudes-i-quan-es-obligatori","status":"publish","type":"post","link":"https:\/\/www.aszende.com\/ca\/blog\/cota-zero-que-es-ajudes-i-quan-es-obligatori\/","title":{"rendered":"Cota zero: Qu\u00e8 \u00e9s, ajudes i quan \u00e9s obligatori?"},"content":{"rendered":"\t\t<div data-elementor-type=\"wp-post\" data-elementor-id=\"19711\" class=\"elementor elementor-19711 elementor-18059\" data-elementor-post-type=\"post\">\n\t\t\t\t\t\t<section class=\"elementor-section elementor-top-section elementor-element elementor-element-9b88610 elementor-section-boxed elementor-section-height-default elementor-section-height-default\" data-id=\"9b88610\" data-element_type=\"section\" data-e-type=\"section\">\n\t\t\t\t\t\t<div class=\"elementor-container elementor-column-gap-default\">\n\t\t\t\t\t<div class=\"elementor-column elementor-col-50 elementor-top-column elementor-element elementor-element-5ecd1d8\" data-id=\"5ecd1d8\" data-element_type=\"column\" data-e-type=\"column\">\n\t\t\t<div class=\"elementor-widget-wrap elementor-element-populated\">\n\t\t\t\t\t\t<div class=\"elementor-element elementor-element-f905b91 elementor-widget elementor-widget-text-editor\" data-id=\"f905b91\" data-element_type=\"widget\" data-e-type=\"widget\" data-widget_type=\"text-editor.default\">\n\t\t\t\t<div class=\"elementor-widget-container\">\n\t\t\t\t\t\t\t\t\t<p>Una de les preguntes que apareix sovint entre les comunitats de ve\u00efns i els propietaris d&#8217;habitatges t\u00e9 a veure amb els ascensors i la necessitat de baixar-los a <strong>cota zero<\/strong> . Els dubtes solen estar vinculats als requisits per fer-ho i quan \u00e9s obligatori.  <\/p>\n<p>Per aix\u00f2, a continuaci\u00f3, respondrem a aix\u00f2 i molt m\u00e9s.<\/p>\n\t\t\t\t\t\t\t\t<\/div>\n\t\t\t\t<\/div>\n\t\t\t\t\t<\/div>\n\t\t<\/div>\n\t\t\t\t<div class=\"elementor-column elementor-col-50 elementor-top-column elementor-element elementor-element-16f1b08\" data-id=\"16f1b08\" data-element_type=\"column\" data-e-type=\"column\">\n\t\t\t<div class=\"elementor-widget-wrap elementor-element-populated\">\n\t\t\t\t\t\t<div class=\"elementor-element elementor-element-d1cb96d elementor-widget elementor-widget-image\" data-id=\"d1cb96d\" data-element_type=\"widget\" data-e-type=\"widget\" data-widget_type=\"image.default\">\n\t\t\t\t<div class=\"elementor-widget-container\">\n\t\t\t\t\t\t\t\t\t\t\t\t\t\t\t<img fetchpriority=\"high\" decoding=\"async\" width=\"911\" height=\"772\" src=\"https:\/\/www.aszende.com\/wp-content\/uploads\/2023\/09\/cota-cero-2.webp\" class=\"attachment-large size-large wp-image-18080\" alt=\"cota-cero-ascensor\" srcset=\"https:\/\/www.aszende.com\/wp-content\/uploads\/2023\/09\/cota-cero-2.webp 911w, https:\/\/www.aszende.com\/wp-content\/uploads\/2023\/09\/cota-cero-2-300x254.webp 300w, https:\/\/www.aszende.com\/wp-content\/uploads\/2023\/09\/cota-cero-2-768x651.webp 768w, https:\/\/www.aszende.com\/wp-content\/uploads\/2023\/09\/cota-cero-2-600x508.webp 600w\" sizes=\"(max-width: 911px) 100vw, 911px\" \/>\t\t\t\t\t\t\t\t\t\t\t\t\t\t\t<\/div>\n\t\t\t\t<\/div>\n\t\t\t\t\t<\/div>\n\t\t<\/div>\n\t\t\t\t\t<\/div>\n\t\t<\/section>\n\t\t\t\t<section class=\"elementor-section elementor-top-section elementor-element elementor-element-c63e6fa elementor-section-boxed elementor-section-height-default elementor-section-height-default\" data-id=\"c63e6fa\" data-element_type=\"section\" data-e-type=\"section\">\n\t\t\t\t\t\t<div class=\"elementor-container elementor-column-gap-default\">\n\t\t\t\t\t<div class=\"elementor-column elementor-col-100 elementor-top-column elementor-element elementor-element-f8b9d92\" data-id=\"f8b9d92\" data-element_type=\"column\" data-e-type=\"column\">\n\t\t\t<div class=\"elementor-widget-wrap elementor-element-populated\">\n\t\t\t\t\t\t<div class=\"elementor-element elementor-element-18b4344 elementor-widget elementor-widget-heading\" data-id=\"18b4344\" data-element_type=\"widget\" data-e-type=\"widget\" data-widget_type=\"heading.default\">\n\t\t\t\t<div class=\"elementor-widget-container\">\n\t\t\t\t\t<h2 class=\"elementor-heading-title elementor-size-large\">\u00bfQu\u00e9 significa baixar un ascensor a cota zero?<\/h2>\t\t\t\t<\/div>\n\t\t\t\t<\/div>\n\t\t\t\t<div class=\"elementor-element elementor-element-8177796 elementor-widget elementor-widget-text-editor\" data-id=\"8177796\" data-element_type=\"widget\" data-e-type=\"widget\" data-widget_type=\"text-editor.default\">\n\t\t\t\t<div class=\"elementor-widget-container\">\n\t\t\t\t\t\t\t\t\t<p>Per comen\u00e7ar, quan parlem de baixar l&#8217;ascensor a cota zero, estem fent refer\u00e8ncia a <strong>eliminar qualsevol esgla\u00f3 o barrera arquitect\u00f2nica<\/strong> en general que hi pugui haver per accedir a l&#8217;interior de l&#8217;ascensor. Aix\u00f2, comprenent que els esglaons poden representar un gran inconvenient per a les <b>persones amb mobilitat redu\u00efda.<\/b><\/p>\n<p><span style=\"font-style: inherit; font-weight: inherit; color: var( --e-global-color-text ); background-color: var(--ast-global-color-5);\">En aquest sentit, baixar l\u00b4ascensor a cota zero vol dir<\/span> <strong style=\"font-style: inherit; color: var( --e-global-color-text ); background-color: var(--ast-global-color-5);\">millorar l\u00b4accessibilitat<\/strong><span style=\"font-style: inherit; font-weight: inherit; color: var( --e-global-color-text ); background-color: var(--ast-global-color-5);\"> de la comunitat. \u00c9s un aspecte en qu\u00e8 s&#8217;ha de posar focus, sobretot a pa\u00efsos com <\/span><strong style=\"font-style: inherit; color: var( --e-global-color-text ); background-color: var(--ast-global-color-5);\">Espanya<\/strong> <span style=\"font-style: inherit; font-weight: inherit; color: var( --e-global-color-text ); background-color: var(--ast-global-color-5);\">, on hi ha una gran quantitat d&#8217;edificacions antigues, les quals encara no compten amb aquestes mesures d&#8217;accessibilitat, entre d&#8217;altres.<\/span><\/p>\n<p><b><\/b>Amb l&#8217;objectiu de garantir l&#8217;accessibilitat total a l&#8217;habitatge de les persones de mobilitat redu\u00efda o m\u00e9s grans de 70 anys, des <span class=\"ui-provider ec bps bpt bpu bpv bpw bpx bpy bpz bqa bqb bqc bqd bqe bqf bqg bqh bqi bqj bqk bql bqm bqn bqo bqp bqq bqr bqs bqt bqu bqv bqw bqx bqy bqz\" dir=\"ltr\">del juny del 2013<\/span> hi ha una llei que estableix l&#8217; <strong>obligatorietat d&#8217;acondicionar tots els edificis<\/strong> . A m\u00e9s, al <strong>article 10.1.b de la llei 49\/1960 de Propietat Horitzontal<\/strong> es determina que, en el cas dedificis amb persones que pertanyin a les categories abans esmentades, ser\u00e0 de car\u00e0cter obligatori <a href=\"https:\/\/www.aszende.com\/ca\/blog\/instal%c2%b7ladors-dascensors-consells-segons-el-lloc-dinstal%c2%b7lacio\/\">instal\u00b7lar un ascensor<\/a> o baixar-lo a cota zero, segons correspongui<strong>, sense necessitat d&#8217;un acord previ<\/strong> per part de la junta de propietaris, pel fet que es considera com una millora en la qualitat de vida de tots.<\/p>\n\t\t\t\t\t\t\t\t<\/div>\n\t\t\t\t<\/div>\n\t\t\t\t<div class=\"elementor-element elementor-element-3e25bfb elementor-widget elementor-widget-image\" data-id=\"3e25bfb\" data-element_type=\"widget\" data-e-type=\"widget\" data-widget_type=\"image.default\">\n\t\t\t\t<div class=\"elementor-widget-container\">\n\t\t\t\t\t\t\t\t\t\t\t\t\t\t\t<img decoding=\"async\" width=\"1200\" height=\"557\" src=\"https:\/\/www.aszende.com\/wp-content\/uploads\/2023\/09\/cota-cero-porteria.webp\" class=\"attachment-full size-full wp-image-18083\" alt=\"cota-cero-porteria\" srcset=\"https:\/\/www.aszende.com\/wp-content\/uploads\/2023\/09\/cota-cero-porteria.webp 1200w, https:\/\/www.aszende.com\/wp-content\/uploads\/2023\/09\/cota-cero-porteria-300x139.webp 300w, https:\/\/www.aszende.com\/wp-content\/uploads\/2023\/09\/cota-cero-porteria-1024x475.webp 1024w, https:\/\/www.aszende.com\/wp-content\/uploads\/2023\/09\/cota-cero-porteria-768x356.webp 768w, https:\/\/www.aszende.com\/wp-content\/uploads\/2023\/09\/cota-cero-porteria-600x279.webp 600w\" sizes=\"(max-width: 1200px) 100vw, 1200px\" \/>\t\t\t\t\t\t\t\t\t\t\t\t\t\t\t<\/div>\n\t\t\t\t<\/div>\n\t\t\t\t<div class=\"elementor-element elementor-element-897e43d elementor-widget elementor-widget-heading\" data-id=\"897e43d\" data-element_type=\"widget\" data-e-type=\"widget\" data-widget_type=\"heading.default\">\n\t\t\t\t<div class=\"elementor-widget-container\">\n\t\t\t\t\t<h3 class=\"elementor-heading-title elementor-size-medium\">\u00c9s obligatori baixar a cota zero? <br><\/h3>\t\t\t\t<\/div>\n\t\t\t\t<\/div>\n\t\t\t\t<div class=\"elementor-element elementor-element-fa6b244 elementor-widget elementor-widget-text-editor\" data-id=\"fa6b244\" data-element_type=\"widget\" data-e-type=\"widget\" data-widget_type=\"text-editor.default\">\n\t\t\t\t<div class=\"elementor-widget-container\">\n\t\t\t\t\t\t\t\t\t<p>Prenent aix\u00f2, \u00e9s obligatori baixar l&#8217;ascensor a cota zero <strong>si \u00e9s l&#8217;\u00fanica manera de garantir l&#8217;accessibilitat en un edifici<\/strong> . Aix\u00f2 vol dir que per als casos en qu\u00e8 existeixi, per exemple, una rampa, aix\u00f2 deixa de tenir car\u00e0cter obligatori i cal tenir un acord previ per part de la junta de propietaris.<\/p>\n<p>Un altre factor que incideix en l&#8217;obligatorietat t\u00e9 a veure amb el cost de l&#8217;operaci\u00f3. L&#8217;obra s&#8217;ha de dur a terme de manera <strong>obligat\u00f2ria si el cost no supera les 12 mensualitats<\/strong> ordin\u00e0ries de despeses comunes, un cop dedu\u00efdes les ajudes p\u00fabliques o les subvencions.<\/p>\n<p>Cal destacar, com hem dit anteriorment, que la situaci\u00f3 canvia en els casos en qu\u00e8 la petici\u00f3 de baixar l&#8217;ascensor a cota zero sigui duta a terme davant de la comunitat o el president comunal per <strong>una persona amb mobilitat redu\u00efda o una persona m\u00e9s gran de 70 anys<\/strong> . Quan aix\u00f2 passa, s&#8217;aplica immediatament l&#8217;article 10.1 que estableix que ser\u00e0 obligatori baixar a cota zero l&#8217;ascensor i no requerir\u00e0 previ acord per part de la junta de propietaris o comunitat.<\/p>\n\t\t\t\t\t\t\t\t<\/div>\n\t\t\t\t<\/div>\n\t\t\t\t<div class=\"elementor-element elementor-element-cb5855a elementor-widget elementor-widget-heading\" data-id=\"cb5855a\" data-element_type=\"widget\" data-e-type=\"widget\" data-widget_type=\"heading.default\">\n\t\t\t\t<div class=\"elementor-widget-container\">\n\t\t\t\t\t<h3 class=\"elementor-heading-title elementor-size-medium\">\nDe quina forma es paga la baixada a cota zero?\u200b<\/h3>\t\t\t\t<\/div>\n\t\t\t\t<\/div>\n\t\t\t\t<div class=\"elementor-element elementor-element-3dd4881 elementor-widget elementor-widget-text-editor\" data-id=\"3dd4881\" data-element_type=\"widget\" data-e-type=\"widget\" data-widget_type=\"text-editor.default\">\n\t\t\t\t<div class=\"elementor-widget-container\">\n\t\t\t\t\t\t\t\t\t<p>Ara que hem vist en qu\u00e8 consisteix i en quins casos \u00e9s obligatori baixar l&#8217;ascensor a cota zero, et volem explicar com es defineix el pagament del proc\u00e9s. Generalment, les despeses implicades s\u00f3n <strong>dividides entre tots els propietaris de la comunitat<\/strong> , en funci\u00f3 de la seva quota de participaci\u00f3 per a \u00e0rees comunes, establerta a la llei de Propietat Horitzontal.<\/p>\n<p>En els casos en qu\u00e8 l&#8217;edifici tingui <strong>locals comercials<\/strong> , la comunitat pot triar exonerar de pagaments els propietaris del local.<\/p>\n<p>Pel que fa al cost total de l&#8217;obra, quan ja s&#8217;han dedu\u00eft les subvencions i els ajuts p\u00fablics que es puguin aconseguir, si el cost anual no \u00e9s m\u00e9s gran de 12 quotes mensuals ordin\u00e0ries, la despesa s&#8217;ha d&#8217;assumir per part de tots els ve\u00efns. Per\u00f2 <strong>si la quota \u00e9s superior a aquestes 12 mensualitats<\/strong> , els propietaris interessats s&#8217;ofereixen a baixar a cota zero l&#8217;opci\u00f3 d&#8217;assumir l&#8217;import excedent.<\/p>\n\t\t\t\t\t\t\t\t<\/div>\n\t\t\t\t<\/div>\n\t\t\t\t\t<\/div>\n\t\t<\/div>\n\t\t\t\t\t<\/div>\n\t\t<\/section>\n\t\t\t\t<section class=\"elementor-section elementor-top-section elementor-element elementor-element-444ad95 elementor-section-boxed elementor-section-height-default elementor-section-height-default\" data-id=\"444ad95\" data-element_type=\"section\" data-e-type=\"section\">\n\t\t\t\t\t\t<div class=\"elementor-container elementor-column-gap-default\">\n\t\t\t\t\t<div class=\"elementor-column elementor-col-33 elementor-top-column elementor-element elementor-element-bf13cb0\" data-id=\"bf13cb0\" data-element_type=\"column\" data-e-type=\"column\">\n\t\t\t<div class=\"elementor-widget-wrap elementor-element-populated\">\n\t\t\t\t\t\t<div class=\"elementor-element elementor-element-6b9abfc elementor-widget elementor-widget-image\" data-id=\"6b9abfc\" data-element_type=\"widget\" data-e-type=\"widget\" data-widget_type=\"image.default\">\n\t\t\t\t<div class=\"elementor-widget-container\">\n\t\t\t\t\t\t\t\t\t\t\t\t\t\t\t<img decoding=\"async\" width=\"633\" height=\"1024\" src=\"https:\/\/www.aszende.com\/wp-content\/uploads\/2023\/09\/cota-cero-plataforma2-633x1024.webp\" class=\"attachment-large size-large wp-image-18074\" alt=\"cota-cero-plataforma\" srcset=\"https:\/\/www.aszende.com\/wp-content\/uploads\/2023\/09\/cota-cero-plataforma2-633x1024.webp 633w, https:\/\/www.aszende.com\/wp-content\/uploads\/2023\/09\/cota-cero-plataforma2-186x300.webp 186w, https:\/\/www.aszende.com\/wp-content\/uploads\/2023\/09\/cota-cero-plataforma2-600x970.webp 600w, https:\/\/www.aszende.com\/wp-content\/uploads\/2023\/09\/cota-cero-plataforma2.webp 713w\" sizes=\"(max-width: 633px) 100vw, 633px\" \/>\t\t\t\t\t\t\t\t\t\t\t\t\t\t\t<\/div>\n\t\t\t\t<\/div>\n\t\t\t\t\t<\/div>\n\t\t<\/div>\n\t\t\t\t<div class=\"elementor-column elementor-col-66 elementor-top-column elementor-element elementor-element-aee3902\" data-id=\"aee3902\" data-element_type=\"column\" data-e-type=\"column\">\n\t\t\t<div class=\"elementor-widget-wrap elementor-element-populated\">\n\t\t\t\t\t\t<div class=\"elementor-element elementor-element-0c5e758 elementor-widget elementor-widget-heading\" data-id=\"0c5e758\" data-element_type=\"widget\" data-e-type=\"widget\" data-widget_type=\"heading.default\">\n\t\t\t\t<div class=\"elementor-widget-container\">\n\t\t\t\t\t<h3 class=\"elementor-heading-title elementor-size-medium\">\n\u00c9s necessari canviar l'ascensor?\u200b<\/h3>\t\t\t\t<\/div>\n\t\t\t\t<\/div>\n\t\t\t\t<div class=\"elementor-element elementor-element-c410bc6 elementor-widget elementor-widget-text-editor\" data-id=\"c410bc6\" data-element_type=\"widget\" data-e-type=\"widget\" data-widget_type=\"text-editor.default\">\n\t\t\t\t<div class=\"elementor-widget-container\">\n\t\t\t\t\t\t\t\t\t<p>Una altra de les preguntes que apareix sovint en relaci\u00f3 amb aquest tema \u00e9s si cal canviar l&#8217;ascensor per poder baixar-lo a cota zero. La resposta \u00e9s que, en principi, aix\u00f2 no caldria. De tota manera, <strong>hi ha tres situacions en qu\u00e8 els propietaris poden decidir canviar l&#8217;ascensor<\/strong> per complir aquest requisit:<\/p>\n<ul>\n<li>Una \u00e9s quan es busca <a href=\"https:\/\/www.aszende.com\/ca\/blog\/per-que-modernitzar-el-teu-ascensor\/\">modernitzar l&#8217;ascensor<\/a> , aprofitant l&#8217;obra per canviar el dispositiu.<span lang=\"es-419\"><span style=\"font-variant-numeric: normal; font-variant-east-asian: normal; font-variant-alternates: normal; font-kerning: auto; font-optical-sizing: auto; font-feature-settings: normal; font-variation-settings: normal; font-variant-position: normal; font-stretch: normal; font-size: 7pt; line-height: normal; font-family: 'Times New Roman';\">  <\/span><\/span><\/li>\n<li>Optimitzar les dimensions del buit, instal\u00b7lant un nou ascensor amb m\u00e9s superf\u00edcie de cabina \u00fatil i\/o major Pas lliure de Portes.<\/li>\n<li>Una altra \u00e9s quan hi ha <strong>manca d&#8217;espai per a la fossa<\/strong> de l&#8217;ascensor actual, ja que els models m\u00e9s moderns solen ocupar menys espai per aconseguir aquest prop\u00f2sit.<\/li>\n<\/ul>\n\t\t\t\t\t\t\t\t<\/div>\n\t\t\t\t<\/div>\n\t\t\t\t<div class=\"elementor-element elementor-element-52c5a5a elementor-widget elementor-widget-heading\" data-id=\"52c5a5a\" data-element_type=\"widget\" data-e-type=\"widget\" data-widget_type=\"heading.default\">\n\t\t\t\t<div class=\"elementor-widget-container\">\n\t\t\t\t\t<h3 class=\"elementor-heading-title elementor-size-medium\">Quines altres alternatives d'accessibilitat existeixen?\u200b<\/h3>\t\t\t\t<\/div>\n\t\t\t\t<\/div>\n\t\t\t\t<div class=\"elementor-element elementor-element-8519d33 elementor-widget elementor-widget-text-editor\" data-id=\"8519d33\" data-element_type=\"widget\" data-e-type=\"widget\" data-widget_type=\"text-editor.default\">\n\t\t\t\t<div class=\"elementor-widget-container\">\n\t\t\t\t\t\t\t\t\t<p>Per acabar, hem esmentat pr\u00e8viament que baixar l&#8217;ascensor a cota zero no \u00e9s obligatori en els casos en qu\u00e8 hi hagi altres alternatives d&#8217;accessibilitat. Com hem esmentat, el que \u00e9s obligatori, en realitat, \u00e9s <strong>eliminar les barreres arquitect\u00f2niques a les edificacions.<\/strong> No obstant aix\u00f2, si hi ha altres alternatives disponibles, no cal anar a la cota zero.<\/p>\n<p><span style=\"font-style: inherit; font-weight: inherit; color: var( --e-global-color-text ); background-color: var(--ast-global-color-5);\">En aquest sentit, a m\u00e9s de les tradicionals<\/span> <strong style=\"font-style: inherit; color: var( --e-global-color-text ); background-color: var(--ast-global-color-5);\">rampes<\/strong> <span style=\"font-style: inherit; font-weight: inherit; color: var( --e-global-color-text ); background-color: var(--ast-global-color-5);\">, el que moltes comunitats de ve\u00efns trien \u00e9s incorporar una<\/span> <strong style=\"font-style: inherit; color: var( --e-global-color-text ); background-color: var(--ast-global-color-5);\">plataforma vertical<\/strong><span style=\"font-style: inherit; font-weight: inherit; color: var( --e-global-color-text ); background-color: var(--ast-global-color-5);\">. Aquestes poden ser solucions per quan no es vol dur a terme lobra de baixar a cota zero. De tota manera, continua sent la manera m\u00e9s efectiva de complir amb la regulaci\u00f3 vigent i garantir una bona qualitat de vida per a tots els habitants de la propietat horitzontal.<\/span><\/p>\n\t\t\t\t\t\t\t\t<\/div>\n\t\t\t\t<\/div>\n\t\t\t\t\t<\/div>\n\t\t<\/div>\n\t\t\t\t\t<\/div>\n\t\t<\/section>\n\t\t\t\t<section class=\"elementor-section elementor-top-section elementor-element elementor-element-b68c84a elementor-section-boxed elementor-section-height-default elementor-section-height-default\" data-id=\"b68c84a\" data-element_type=\"section\" data-e-type=\"section\">\n\t\t\t\t\t\t<div class=\"elementor-container elementor-column-gap-default\">\n\t\t\t\t\t<div class=\"elementor-column elementor-col-100 elementor-top-column elementor-element elementor-element-da2c2b7\" data-id=\"da2c2b7\" data-element_type=\"column\" data-e-type=\"column\">\n\t\t\t<div class=\"elementor-widget-wrap elementor-element-populated\">\n\t\t\t\t\t\t<div class=\"elementor-element elementor-element-e7ce33d elementor-widget elementor-widget-text-editor\" data-id=\"e7ce33d\" data-element_type=\"widget\" data-e-type=\"widget\" data-widget_type=\"text-editor.default\">\n\t\t\t\t<div class=\"elementor-widget-container\">\n\t\t\t\t\t\t\t\t\t<p>A <a href=\"https:\/\/www.aszende.com\/ca\/\">Aszende<\/a> oferim una gamma integral de solucions per cobrir totes les necessitats referides a mobilitat vertical, incloent-hi la instal\u00b7laci\u00f3 i les actualitzacions d&#8217;ascensors. A m\u00e9s, comptem amb t\u00e8cnics que es desplacen a les instal\u00b7lacions per oferir alternatives personalitzades i ajustades a les necessitats de cada cas. Contacta&#8217;ns i assabenta&#8217;t com podem ajudar-te.<\/p>\n<p class=\"p1\" style=\"text-align: right;\">Jos\u00e9 Ignacio Alcaraz<br \/><em><span style=\"font-weight: bold;\">Director Instal\u00b7lacions Aszende<\/span><\/em><\/p>\n\t\t\t\t\t\t\t\t<\/div>\n\t\t\t\t<\/div>\n\t\t\t\t<div class=\"elementor-element elementor-element-afa878b elementor-widget-divider--view-line elementor-widget elementor-widget-divider\" data-id=\"afa878b\" data-element_type=\"widget\" data-e-type=\"widget\" data-widget_type=\"divider.default\">\n\t\t\t\t<div class=\"elementor-widget-container\">\n\t\t\t\t\t\t\t<div class=\"elementor-divider\">\n\t\t\t<span class=\"elementor-divider-separator\">\n\t\t\t\t\t\t<\/span>\n\t\t<\/div>\n\t\t\t\t\t\t<\/div>\n\t\t\t\t<\/div>\n\t\t\t\t\t<\/div>\n\t\t<\/div>\n\t\t\t\t\t<\/div>\n\t\t<\/section>\n\t\t\t\t<\/div>\n\t\t","protected":false},"excerpt":{"rendered":"<p>Una de les preguntes que apareix sovint entre les comunitats de ve\u00efns i els propietaris d&#8217;habitatges t\u00e9 a veure amb els ascensors i la necessitat de baixar-los a cota zero . Els dubtes solen estar vinculats als requisits per fer-ho i quan \u00e9s obligatori. Per aix\u00f2, a continuaci\u00f3, respondrem a aix\u00f2 i molt m\u00e9s. \u00bfQu\u00e9 [&hellip;]<\/p>\n","protected":false},"author":3,"featured_media":18080,"comment_status":"closed","ping_status":"closed","sticky":false,"template":"","format":"standard","meta":{"site-sidebar-layout":"default","site-content-layout":"default","ast-site-content-layout":"default","site-content-style":"default","site-sidebar-style":"default","ast-global-header-display":"","ast-banner-title-visibility":"","ast-main-header-display":"","ast-hfb-above-header-display":"","ast-hfb-below-header-display":"","ast-hfb-mobile-header-display":"","site-post-title":"","ast-breadcrumbs-content":"","ast-featured-img":"","footer-sml-layout":"","theme-transparent-header-meta":"default","adv-header-id-meta":"","stick-header-meta":"","header-above-stick-meta":"","header-main-stick-meta":"","header-below-stick-meta":"","astra-migrate-meta-layouts":"default","ast-page-background-enabled":"default","ast-page-background-meta":{"desktop":{"background-color":"var(--ast-global-color-4)","background-image":"","background-repeat":"repeat","background-position":"center center","background-size":"auto","background-attachment":"scroll","background-type":"","background-media":"","overlay-type":"","overlay-color":"","overlay-opacity":"","overlay-gradient":""},"tablet":{"background-color":"","background-image":"","background-repeat":"repeat","background-position":"center center","background-size":"auto","background-attachment":"scroll","background-type":"","background-media":"","overlay-type":"","overlay-color":"","overlay-opacity":"","overlay-gradient":""},"mobile":{"background-color":"","background-image":"","background-repeat":"repeat","background-position":"center center","background-size":"auto","background-attachment":"scroll","background-type":"","background-media":"","overlay-type":"","overlay-color":"","overlay-opacity":"","overlay-gradient":""}},"ast-content-background-meta":{"desktop":{"background-color":"var(--ast-global-color-5)","background-image":"","background-repeat":"repeat","background-position":"center center","background-size":"auto","background-attachment":"scroll","background-type":"","background-media":"","overlay-type":"","overlay-color":"","overlay-opacity":"","overlay-gradient":""},"tablet":{"background-color":"var(--ast-global-color-5)","background-image":"","background-repeat":"repeat","background-position":"center center","background-size":"auto","background-attachment":"scroll","background-type":"","background-media":"","overlay-type":"","overlay-color":"","overlay-opacity":"","overlay-gradient":""},"mobile":{"background-color":"var(--ast-global-color-5)","background-image":"","background-repeat":"repeat","background-position":"center center","background-size":"auto","background-attachment":"scroll","background-type":"","background-media":"","overlay-type":"","overlay-color":"","overlay-opacity":"","overlay-gradient":""}},"footnotes":""},"categories":[15],"tags":[],"class_list":["post-19711","post","type-post","status-publish","format-standard","has-post-thumbnail","hentry","category-noticias"],"yoast_head":"<!-- This site is optimized with the Yoast SEO plugin v27.0 - https:\/\/yoast.com\/product\/yoast-seo-wordpress\/ -->\n<title>Cota zero: Qu\u00e8 \u00e9s, ajudes i quan \u00e9s obligatori? - Aszende<\/title>\n<meta name=\"description\" content=\"En aquest article de bloc d&#039;Aszende, repassem qu\u00e8 \u00e9s i quan \u00e9s obligatori baixar un ascensor a Cota Cero.\" \/>\n<meta name=\"robots\" content=\"index, follow, max-snippet:-1, max-image-preview:large, max-video-preview:-1\" \/>\n<link rel=\"canonical\" href=\"https:\/\/www.aszende.com\/ca\/blog\/cota-zero-que-es-ajudes-i-quan-es-obligatori\/\" \/>\n<meta property=\"og:locale\" content=\"ca_ES\" \/>\n<meta property=\"og:type\" content=\"article\" \/>\n<meta property=\"og:title\" content=\"Cota zero: Qu\u00e8 \u00e9s, ajudes i quan \u00e9s obligatori? - Aszende\" \/>\n<meta property=\"og:description\" content=\"En aquest article de bloc d&#039;Aszende, repassem qu\u00e8 \u00e9s i quan \u00e9s obligatori baixar un ascensor a Cota Cero.\" \/>\n<meta property=\"og:url\" content=\"https:\/\/www.aszende.com\/ca\/blog\/cota-zero-que-es-ajudes-i-quan-es-obligatori\/\" \/>\n<meta property=\"og:site_name\" content=\"Aszende\" \/>\n<meta property=\"article:published_time\" content=\"2023-10-03T08:53:58+00:00\" \/>\n<meta property=\"article:modified_time\" content=\"2025-09-12T07:50:46+00:00\" \/>\n<meta property=\"og:image\" content=\"https:\/\/www.aszende.com\/wp-content\/uploads\/2023\/09\/cota-cero-2.webp\" \/>\n\t<meta property=\"og:image:width\" content=\"911\" \/>\n\t<meta property=\"og:image:height\" content=\"772\" \/>\n\t<meta property=\"og:image:type\" content=\"image\/webp\" \/>\n<meta name=\"author\" content=\"ntineo\" \/>\n<meta name=\"twitter:card\" content=\"summary_large_image\" \/>\n<meta name=\"twitter:label1\" content=\"Escrit per\" \/>\n\t<meta name=\"twitter:data1\" content=\"ntineo\" \/>\n\t<meta name=\"twitter:label2\" content=\"Temps estimat de lectura\" \/>\n\t<meta name=\"twitter:data2\" content=\"6 minuts\" \/>\n<script type=\"application\/ld+json\" class=\"yoast-schema-graph\">{\"@context\":\"https:\/\/schema.org\",\"@graph\":[{\"@type\":\"Article\",\"@id\":\"https:\/\/www.aszende.com\/ca\/blog\/cota-zero-que-es-ajudes-i-quan-es-obligatori\/#article\",\"isPartOf\":{\"@id\":\"https:\/\/www.aszende.com\/ca\/blog\/cota-zero-que-es-ajudes-i-quan-es-obligatori\/\"},\"author\":{\"name\":\"ntineo\",\"@id\":\"https:\/\/www.aszende.com\/en\/#\/schema\/person\/c72ed6d0d23d06b629dbf84c66a74753\"},\"headline\":\"Cota zero: Qu\u00e8 \u00e9s, ajudes i quan \u00e9s obligatori?\",\"datePublished\":\"2023-10-03T08:53:58+00:00\",\"dateModified\":\"2025-09-12T07:50:46+00:00\",\"mainEntityOfPage\":{\"@id\":\"https:\/\/www.aszende.com\/ca\/blog\/cota-zero-que-es-ajudes-i-quan-es-obligatori\/\"},\"wordCount\":1007,\"publisher\":{\"@id\":\"https:\/\/www.aszende.com\/en\/#organization\"},\"image\":{\"@id\":\"https:\/\/www.aszende.com\/ca\/blog\/cota-zero-que-es-ajudes-i-quan-es-obligatori\/#primaryimage\"},\"thumbnailUrl\":\"https:\/\/www.aszende.com\/wp-content\/uploads\/2023\/09\/cota-cero-2.webp\",\"articleSection\":[\"Noticias\"],\"inLanguage\":\"ca\"},{\"@type\":\"WebPage\",\"@id\":\"https:\/\/www.aszende.com\/ca\/blog\/cota-zero-que-es-ajudes-i-quan-es-obligatori\/\",\"url\":\"https:\/\/www.aszende.com\/ca\/blog\/cota-zero-que-es-ajudes-i-quan-es-obligatori\/\",\"name\":\"Cota zero: Qu\u00e8 \u00e9s, ajudes i quan \u00e9s obligatori? - Aszende\",\"isPartOf\":{\"@id\":\"https:\/\/www.aszende.com\/en\/#website\"},\"primaryImageOfPage\":{\"@id\":\"https:\/\/www.aszende.com\/ca\/blog\/cota-zero-que-es-ajudes-i-quan-es-obligatori\/#primaryimage\"},\"image\":{\"@id\":\"https:\/\/www.aszende.com\/ca\/blog\/cota-zero-que-es-ajudes-i-quan-es-obligatori\/#primaryimage\"},\"thumbnailUrl\":\"https:\/\/www.aszende.com\/wp-content\/uploads\/2023\/09\/cota-cero-2.webp\",\"datePublished\":\"2023-10-03T08:53:58+00:00\",\"dateModified\":\"2025-09-12T07:50:46+00:00\",\"description\":\"En aquest article de bloc d'Aszende, repassem qu\u00e8 \u00e9s i quan \u00e9s obligatori baixar un ascensor a Cota Cero.\",\"breadcrumb\":{\"@id\":\"https:\/\/www.aszende.com\/ca\/blog\/cota-zero-que-es-ajudes-i-quan-es-obligatori\/#breadcrumb\"},\"inLanguage\":\"ca\",\"potentialAction\":[{\"@type\":\"ReadAction\",\"target\":[\"https:\/\/www.aszende.com\/ca\/blog\/cota-zero-que-es-ajudes-i-quan-es-obligatori\/\"]}]},{\"@type\":\"ImageObject\",\"inLanguage\":\"ca\",\"@id\":\"https:\/\/www.aszende.com\/ca\/blog\/cota-zero-que-es-ajudes-i-quan-es-obligatori\/#primaryimage\",\"url\":\"https:\/\/www.aszende.com\/wp-content\/uploads\/2023\/09\/cota-cero-2.webp\",\"contentUrl\":\"https:\/\/www.aszende.com\/wp-content\/uploads\/2023\/09\/cota-cero-2.webp\",\"width\":911,\"height\":772,\"caption\":\"cota-cero-ascensor\"},{\"@type\":\"BreadcrumbList\",\"@id\":\"https:\/\/www.aszende.com\/ca\/blog\/cota-zero-que-es-ajudes-i-quan-es-obligatori\/#breadcrumb\",\"itemListElement\":[{\"@type\":\"ListItem\",\"position\":1,\"name\":\"Inicio\",\"item\":\"https:\/\/www.aszende.com\/ca\/\"},{\"@type\":\"ListItem\",\"position\":2,\"name\":\"Cota zero: Qu\u00e8 \u00e9s, ajudes i quan \u00e9s obligatori?\"}]},{\"@type\":\"WebSite\",\"@id\":\"https:\/\/www.aszende.com\/en\/#website\",\"url\":\"https:\/\/www.aszende.com\/en\/\",\"name\":\"Aszende\",\"description\":\"\",\"publisher\":{\"@id\":\"https:\/\/www.aszende.com\/en\/#organization\"},\"potentialAction\":[{\"@type\":\"SearchAction\",\"target\":{\"@type\":\"EntryPoint\",\"urlTemplate\":\"https:\/\/www.aszende.com\/en\/?s={search_term_string}\"},\"query-input\":{\"@type\":\"PropertyValueSpecification\",\"valueRequired\":true,\"valueName\":\"search_term_string\"}}],\"inLanguage\":\"ca\"},{\"@type\":\"Organization\",\"@id\":\"https:\/\/www.aszende.com\/en\/#organization\",\"name\":\"Aszende\",\"url\":\"https:\/\/www.aszende.com\/en\/\",\"logo\":{\"@type\":\"ImageObject\",\"inLanguage\":\"ca\",\"@id\":\"https:\/\/www.aszende.com\/en\/#\/schema\/logo\/image\/\",\"url\":\"https:\/\/www.aszende.com\/wp-content\/uploads\/2022\/10\/LOGO-Aszende-sin-R.png\",\"contentUrl\":\"https:\/\/www.aszende.com\/wp-content\/uploads\/2022\/10\/LOGO-Aszende-sin-R.png\",\"width\":346,\"height\":114,\"caption\":\"Aszende\"},\"image\":{\"@id\":\"https:\/\/www.aszende.com\/en\/#\/schema\/logo\/image\/\"}},{\"@type\":\"Person\",\"@id\":\"https:\/\/www.aszende.com\/en\/#\/schema\/person\/c72ed6d0d23d06b629dbf84c66a74753\",\"name\":\"ntineo\",\"image\":{\"@type\":\"ImageObject\",\"inLanguage\":\"ca\",\"@id\":\"https:\/\/www.aszende.com\/en\/#\/schema\/person\/image\/\",\"url\":\"https:\/\/secure.gravatar.com\/avatar\/60c9d57b42d58b52af17802fe7085e9b10e013fefe9bf7cd6b711cab00d1b78a?s=96&d=mm&r=g\",\"contentUrl\":\"https:\/\/secure.gravatar.com\/avatar\/60c9d57b42d58b52af17802fe7085e9b10e013fefe9bf7cd6b711cab00d1b78a?s=96&d=mm&r=g\",\"caption\":\"ntineo\"}}]}<\/script>\n<!-- \/ Yoast SEO plugin. -->","yoast_head_json":{"title":"Cota zero: Qu\u00e8 \u00e9s, ajudes i quan \u00e9s obligatori? - Aszende","description":"En aquest article de bloc d'Aszende, repassem qu\u00e8 \u00e9s i quan \u00e9s obligatori baixar un ascensor a Cota Cero.","robots":{"index":"index","follow":"follow","max-snippet":"max-snippet:-1","max-image-preview":"max-image-preview:large","max-video-preview":"max-video-preview:-1"},"canonical":"https:\/\/www.aszende.com\/ca\/blog\/cota-zero-que-es-ajudes-i-quan-es-obligatori\/","og_locale":"ca_ES","og_type":"article","og_title":"Cota zero: Qu\u00e8 \u00e9s, ajudes i quan \u00e9s obligatori? - Aszende","og_description":"En aquest article de bloc d'Aszende, repassem qu\u00e8 \u00e9s i quan \u00e9s obligatori baixar un ascensor a Cota Cero.","og_url":"https:\/\/www.aszende.com\/ca\/blog\/cota-zero-que-es-ajudes-i-quan-es-obligatori\/","og_site_name":"Aszende","article_published_time":"2023-10-03T08:53:58+00:00","article_modified_time":"2025-09-12T07:50:46+00:00","og_image":[{"width":911,"height":772,"url":"https:\/\/www.aszende.com\/wp-content\/uploads\/2023\/09\/cota-cero-2.webp","type":"image\/webp"}],"author":"ntineo","twitter_card":"summary_large_image","twitter_misc":{"Escrit per":"ntineo","Temps estimat de lectura":"6 minuts"},"schema":{"@context":"https:\/\/schema.org","@graph":[{"@type":"Article","@id":"https:\/\/www.aszende.com\/ca\/blog\/cota-zero-que-es-ajudes-i-quan-es-obligatori\/#article","isPartOf":{"@id":"https:\/\/www.aszende.com\/ca\/blog\/cota-zero-que-es-ajudes-i-quan-es-obligatori\/"},"author":{"name":"ntineo","@id":"https:\/\/www.aszende.com\/en\/#\/schema\/person\/c72ed6d0d23d06b629dbf84c66a74753"},"headline":"Cota zero: Qu\u00e8 \u00e9s, ajudes i quan \u00e9s obligatori?","datePublished":"2023-10-03T08:53:58+00:00","dateModified":"2025-09-12T07:50:46+00:00","mainEntityOfPage":{"@id":"https:\/\/www.aszende.com\/ca\/blog\/cota-zero-que-es-ajudes-i-quan-es-obligatori\/"},"wordCount":1007,"publisher":{"@id":"https:\/\/www.aszende.com\/en\/#organization"},"image":{"@id":"https:\/\/www.aszende.com\/ca\/blog\/cota-zero-que-es-ajudes-i-quan-es-obligatori\/#primaryimage"},"thumbnailUrl":"https:\/\/www.aszende.com\/wp-content\/uploads\/2023\/09\/cota-cero-2.webp","articleSection":["Noticias"],"inLanguage":"ca"},{"@type":"WebPage","@id":"https:\/\/www.aszende.com\/ca\/blog\/cota-zero-que-es-ajudes-i-quan-es-obligatori\/","url":"https:\/\/www.aszende.com\/ca\/blog\/cota-zero-que-es-ajudes-i-quan-es-obligatori\/","name":"Cota zero: Qu\u00e8 \u00e9s, ajudes i quan \u00e9s obligatori? - Aszende","isPartOf":{"@id":"https:\/\/www.aszende.com\/en\/#website"},"primaryImageOfPage":{"@id":"https:\/\/www.aszende.com\/ca\/blog\/cota-zero-que-es-ajudes-i-quan-es-obligatori\/#primaryimage"},"image":{"@id":"https:\/\/www.aszende.com\/ca\/blog\/cota-zero-que-es-ajudes-i-quan-es-obligatori\/#primaryimage"},"thumbnailUrl":"https:\/\/www.aszende.com\/wp-content\/uploads\/2023\/09\/cota-cero-2.webp","datePublished":"2023-10-03T08:53:58+00:00","dateModified":"2025-09-12T07:50:46+00:00","description":"En aquest article de bloc d'Aszende, repassem qu\u00e8 \u00e9s i quan \u00e9s obligatori baixar un ascensor a Cota Cero.","breadcrumb":{"@id":"https:\/\/www.aszende.com\/ca\/blog\/cota-zero-que-es-ajudes-i-quan-es-obligatori\/#breadcrumb"},"inLanguage":"ca","potentialAction":[{"@type":"ReadAction","target":["https:\/\/www.aszende.com\/ca\/blog\/cota-zero-que-es-ajudes-i-quan-es-obligatori\/"]}]},{"@type":"ImageObject","inLanguage":"ca","@id":"https:\/\/www.aszende.com\/ca\/blog\/cota-zero-que-es-ajudes-i-quan-es-obligatori\/#primaryimage","url":"https:\/\/www.aszende.com\/wp-content\/uploads\/2023\/09\/cota-cero-2.webp","contentUrl":"https:\/\/www.aszende.com\/wp-content\/uploads\/2023\/09\/cota-cero-2.webp","width":911,"height":772,"caption":"cota-cero-ascensor"},{"@type":"BreadcrumbList","@id":"https:\/\/www.aszende.com\/ca\/blog\/cota-zero-que-es-ajudes-i-quan-es-obligatori\/#breadcrumb","itemListElement":[{"@type":"ListItem","position":1,"name":"Inicio","item":"https:\/\/www.aszende.com\/ca\/"},{"@type":"ListItem","position":2,"name":"Cota zero: Qu\u00e8 \u00e9s, ajudes i quan \u00e9s obligatori?"}]},{"@type":"WebSite","@id":"https:\/\/www.aszende.com\/en\/#website","url":"https:\/\/www.aszende.com\/en\/","name":"Aszende","description":"","publisher":{"@id":"https:\/\/www.aszende.com\/en\/#organization"},"potentialAction":[{"@type":"SearchAction","target":{"@type":"EntryPoint","urlTemplate":"https:\/\/www.aszende.com\/en\/?s={search_term_string}"},"query-input":{"@type":"PropertyValueSpecification","valueRequired":true,"valueName":"search_term_string"}}],"inLanguage":"ca"},{"@type":"Organization","@id":"https:\/\/www.aszende.com\/en\/#organization","name":"Aszende","url":"https:\/\/www.aszende.com\/en\/","logo":{"@type":"ImageObject","inLanguage":"ca","@id":"https:\/\/www.aszende.com\/en\/#\/schema\/logo\/image\/","url":"https:\/\/www.aszende.com\/wp-content\/uploads\/2022\/10\/LOGO-Aszende-sin-R.png","contentUrl":"https:\/\/www.aszende.com\/wp-content\/uploads\/2022\/10\/LOGO-Aszende-sin-R.png","width":346,"height":114,"caption":"Aszende"},"image":{"@id":"https:\/\/www.aszende.com\/en\/#\/schema\/logo\/image\/"}},{"@type":"Person","@id":"https:\/\/www.aszende.com\/en\/#\/schema\/person\/c72ed6d0d23d06b629dbf84c66a74753","name":"ntineo","image":{"@type":"ImageObject","inLanguage":"ca","@id":"https:\/\/www.aszende.com\/en\/#\/schema\/person\/image\/","url":"https:\/\/secure.gravatar.com\/avatar\/60c9d57b42d58b52af17802fe7085e9b10e013fefe9bf7cd6b711cab00d1b78a?s=96&d=mm&r=g","contentUrl":"https:\/\/secure.gravatar.com\/avatar\/60c9d57b42d58b52af17802fe7085e9b10e013fefe9bf7cd6b711cab00d1b78a?s=96&d=mm&r=g","caption":"ntineo"}}]}},"_links":{"self":[{"href":"https:\/\/www.aszende.com\/ca\/wp-json\/wp\/v2\/posts\/19711","targetHints":{"allow":["GET"]}}],"collection":[{"href":"https:\/\/www.aszende.com\/ca\/wp-json\/wp\/v2\/posts"}],"about":[{"href":"https:\/\/www.aszende.com\/ca\/wp-json\/wp\/v2\/types\/post"}],"author":[{"embeddable":true,"href":"https:\/\/www.aszende.com\/ca\/wp-json\/wp\/v2\/users\/3"}],"replies":[{"embeddable":true,"href":"https:\/\/www.aszende.com\/ca\/wp-json\/wp\/v2\/comments?post=19711"}],"version-history":[{"count":0,"href":"https:\/\/www.aszende.com\/ca\/wp-json\/wp\/v2\/posts\/19711\/revisions"}],"wp:featuredmedia":[{"embeddable":true,"href":"https:\/\/www.aszende.com\/ca\/wp-json\/wp\/v2\/media\/18080"}],"wp:attachment":[{"href":"https:\/\/www.aszende.com\/ca\/wp-json\/wp\/v2\/media?parent=19711"}],"wp:term":[{"taxonomy":"category","embeddable":true,"href":"https:\/\/www.aszende.com\/ca\/wp-json\/wp\/v2\/categories?post=19711"},{"taxonomy":"post_tag","embeddable":true,"href":"https:\/\/www.aszende.com\/ca\/wp-json\/wp\/v2\/tags?post=19711"}],"curies":[{"name":"wp","href":"https:\/\/api.w.org\/{rel}","templated":true}]}}