{"id":22117,"date":"2024-03-25T12:15:00","date_gmt":"2024-03-25T12:15:00","guid":{"rendered":"https:\/\/www.aszende.com\/?p=22117"},"modified":"2025-09-12T07:59:14","modified_gmt":"2025-09-12T07:59:14","slug":"rehabilitacio-facanes","status":"publish","type":"post","link":"https:\/\/www.aszende.com\/ca\/blog\/rehabilitacio-facanes\/","title":{"rendered":"Rehabilitaci\u00f3 de fa\u00e7anes: aspectes que has de con\u00e8ixer"},"content":{"rendered":"\t\t<div data-elementor-type=\"wp-post\" data-elementor-id=\"22117\" class=\"elementor elementor-22117 elementor-22104\" data-elementor-post-type=\"post\">\n\t\t\t\t\t\t<section class=\"elementor-section elementor-top-section elementor-element elementor-element-9b88610 elementor-section-boxed elementor-section-height-default elementor-section-height-default\" data-id=\"9b88610\" data-element_type=\"section\" data-e-type=\"section\">\n\t\t\t\t\t\t<div class=\"elementor-container elementor-column-gap-default\">\n\t\t\t\t\t<div class=\"elementor-column elementor-col-50 elementor-top-column elementor-element elementor-element-5ecd1d8\" data-id=\"5ecd1d8\" data-element_type=\"column\" data-e-type=\"column\">\n\t\t\t<div class=\"elementor-widget-wrap elementor-element-populated\">\n\t\t\t\t\t\t<div class=\"elementor-element elementor-element-f905b91 elementor-widget elementor-widget-text-editor\" data-id=\"f905b91\" data-element_type=\"widget\" data-e-type=\"widget\" data-widget_type=\"text-editor.default\">\n\t\t\t\t<div class=\"elementor-widget-container\">\n\t\t\t\t\t\t\t\t\t<p>La rehabilitaci\u00f3 de fa\u00e7anes \u00e9s un proc\u00e9s integral destinat a la conservaci\u00f3, la restauraci\u00f3 i la millora de les estructures exteriors de tota mena d\u2019edificacions. \u00c9s una pr\u00e0ctica multidisciplin\u00e0ria que aborda aspectes fonamentals per mantenir i per <strong>potenciar el valor dels immobles<\/strong> en termes tant est\u00e8tics com funcionals.<\/p>\n<p>Quan parlem de rehabilitaci\u00f3 de fa\u00e7anes, estem fent refer\u00e8ncia a un proc\u00e9s que compr\u00e8n un conjunt d\u2019accions dirigides a <strong>prevenir deterioraments futurs, corregir danys i actualitzar l\u2019est\u00e8tica de les superf\u00edcies exteriors<\/strong>. Tamb\u00e9 es refereix a la millora dels a\u00efllaments. Aquestes accions poden incloure des de la reparaci\u00f3 de fissures i esquerdes, passant pels tractaments impermeabilitzants i fins a la renovaci\u00f3 completa dels revestiments.<\/p>\n\t\t\t\t\t\t\t\t<\/div>\n\t\t\t\t<\/div>\n\t\t\t\t\t<\/div>\n\t\t<\/div>\n\t\t\t\t<div class=\"elementor-column elementor-col-50 elementor-top-column elementor-element elementor-element-16f1b08\" data-id=\"16f1b08\" data-element_type=\"column\" data-e-type=\"column\">\n\t\t\t<div class=\"elementor-widget-wrap elementor-element-populated\">\n\t\t\t\t\t\t<div class=\"elementor-element elementor-element-d1cb96d elementor-widget elementor-widget-image\" data-id=\"d1cb96d\" data-element_type=\"widget\" data-e-type=\"widget\" data-widget_type=\"image.default\">\n\t\t\t\t<div class=\"elementor-widget-container\">\n\t\t\t\t\t\t\t\t\t\t\t\t\t\t\t<img fetchpriority=\"high\" decoding=\"async\" width=\"911\" height=\"772\" src=\"https:\/\/www.aszende.com\/wp-content\/uploads\/2024\/03\/rehabilitacion-fachadas.jpg\" class=\"attachment-large size-large wp-image-22175\" alt=\"rehabilitacion-fachadas\" srcset=\"https:\/\/www.aszende.com\/wp-content\/uploads\/2024\/03\/rehabilitacion-fachadas.jpg 911w, https:\/\/www.aszende.com\/wp-content\/uploads\/2024\/03\/rehabilitacion-fachadas-300x254.jpg 300w, https:\/\/www.aszende.com\/wp-content\/uploads\/2024\/03\/rehabilitacion-fachadas-768x651.jpg 768w, https:\/\/www.aszende.com\/wp-content\/uploads\/2024\/03\/rehabilitacion-fachadas-600x508.jpg 600w\" sizes=\"(max-width: 911px) 100vw, 911px\" \/>\t\t\t\t\t\t\t\t\t\t\t\t\t\t\t<\/div>\n\t\t\t\t<\/div>\n\t\t\t\t\t<\/div>\n\t\t<\/div>\n\t\t\t\t\t<\/div>\n\t\t<\/section>\n\t\t\t\t<section class=\"elementor-section elementor-top-section elementor-element elementor-element-c63e6fa elementor-section-boxed elementor-section-height-default elementor-section-height-default\" data-id=\"c63e6fa\" data-element_type=\"section\" data-e-type=\"section\">\n\t\t\t\t\t\t<div class=\"elementor-container elementor-column-gap-default\">\n\t\t\t\t\t<div class=\"elementor-column elementor-col-100 elementor-top-column elementor-element elementor-element-f8b9d92\" data-id=\"f8b9d92\" data-element_type=\"column\" data-e-type=\"column\">\n\t\t\t<div class=\"elementor-widget-wrap elementor-element-populated\">\n\t\t\t\t\t\t<div class=\"elementor-element elementor-element-18b4344 elementor-widget elementor-widget-heading\" data-id=\"18b4344\" data-element_type=\"widget\" data-e-type=\"widget\" data-widget_type=\"heading.default\">\n\t\t\t\t<div class=\"elementor-widget-container\">\n\t\t\t\t\t<h2 class=\"elementor-heading-title elementor-size-large\">Beneficis de la rehabilitaci\u00f3 de fa\u00e7anes<\/h2>\t\t\t\t<\/div>\n\t\t\t\t<\/div>\n\t\t\t\t<div class=\"elementor-element elementor-element-8177796 elementor-widget elementor-widget-text-editor\" data-id=\"8177796\" data-element_type=\"widget\" data-e-type=\"widget\" data-widget_type=\"text-editor.default\">\n\t\t\t\t<div class=\"elementor-widget-container\">\n\t\t\t\t\t\t\t\t\t<p>Mantenir, conservar o millorar la integritat de les fa\u00e7anes \u00e9s un aspecte que no solament preserva l\u2019est\u00e8tica arquitect\u00f2nica de les edificacions, sin\u00f3 que tamb\u00e9 porta amb si altres beneficis tant econ\u00f2mics com funcionals. Entre aquests, podem destacar els seg\u00fcents:<\/p>\n<ul>\n<li><strong>Conservaci\u00f3 del valor patrimonial de l\u2019edificaci\u00f3<\/strong>: en rehabilitar les fa\u00e7anes, s\u2019est\u00e0 contribuint a la preservaci\u00f3 del valor patrimonial dels immobles. El valor patrimonial no nom\u00e9s \u00e9s una q\u00fcesti\u00f3 de la import\u00e0ncia que t\u00e9 dins del seu context hist\u00f2ric i arquitect\u00f2nic, tamb\u00e9 t\u00e9 en compte altres components com el social, el cultural i, pel seu lloc, l\u2019est\u00e8tic.<\/li>\n<li><strong>Increment del valor immobiliari<\/strong>: una fa\u00e7ana rehabilitada augmenta el seu valor en el mercat immobiliari, facilitant o millorant les condicions de la seva comercialitzaci\u00f3.<\/li>\n<li><strong>Optimitzaci\u00f3 de l&#8217; a\u00efllamen<\/strong>t: en millorar els sistemes d\u2019a\u00efllament de la fa\u00e7ana s\u2019augmenta el confort a l\u2019interior dels habitatges, alhora que es redueix el consum energ\u00e8tic associat a sistemes de climatitzaci\u00f3.<\/li>\n<li><strong>Compliment normatiu<\/strong>: moltes vegades, la rehabilitaci\u00f3 de fa\u00e7anes busca adequar les edificacions a les normatives vigents en <a href=\"https:\/\/www.aszende.com\/blog\/la-accesibilidad-en-portales-y-escaleras\/\">termes d\u2019accessibilitat<\/a>, sostenibilitat, seguretat, entre altres aspectes. Aix\u00f2, per tal d\u2019evitar possibles sancions i millorar la qualitat de vida dels habitants.<\/li>\n<li><strong>Prolongaci\u00f3 de la vida \u00fatil<\/strong>: finalment, a partir de la correcci\u00f3 de patologies existents a les fa\u00e7anes, la rehabilitaci\u00f3 contribueix a perllongar la vida \u00fatil de les edificacions. <\/li>\n<\/ul>\n\t\t\t\t\t\t\t\t<\/div>\n\t\t\t\t<\/div>\n\t\t\t\t\t<\/div>\n\t\t<\/div>\n\t\t\t\t\t<\/div>\n\t\t<\/section>\n\t\t\t\t<section class=\"elementor-section elementor-top-section elementor-element elementor-element-c28fdf0 elementor-section-boxed elementor-section-height-default elementor-section-height-default\" data-id=\"c28fdf0\" data-element_type=\"section\" data-e-type=\"section\">\n\t\t\t\t\t\t<div class=\"elementor-container elementor-column-gap-default\">\n\t\t\t\t\t<div class=\"elementor-column elementor-col-100 elementor-top-column elementor-element elementor-element-171f5ef\" data-id=\"171f5ef\" data-element_type=\"column\" data-e-type=\"column\">\n\t\t\t<div class=\"elementor-widget-wrap elementor-element-populated\">\n\t\t\t\t\t\t<div class=\"elementor-element elementor-element-bee984d elementor-widget elementor-widget-heading\" data-id=\"bee984d\" data-element_type=\"widget\" data-e-type=\"widget\" data-widget_type=\"heading.default\">\n\t\t\t\t<div class=\"elementor-widget-container\">\n\t\t\t\t\t<h2 class=\"elementor-heading-title elementor-size-large\">Qu\u00e8 tenir en compte abans de rehabilitar una fa\u00e7ana?<\/h2>\t\t\t\t<\/div>\n\t\t\t\t<\/div>\n\t\t\t\t<div class=\"elementor-element elementor-element-b83d585 elementor-widget elementor-widget-text-editor\" data-id=\"b83d585\" data-element_type=\"widget\" data-e-type=\"widget\" data-widget_type=\"text-editor.default\">\n\t\t\t\t<div class=\"elementor-widget-container\">\n\t\t\t\t\t\t\t\t\t<p>Abans d\u2019embarcar-se en el proc\u00e9s de rehabilitaci\u00f3 de fa\u00e7anes, \u00e9s indispensable considerar una s\u00e8rie d\u2019aspectes orientats a assegurar la qualitat i efectivitat del servei contractat per a aix\u00f2. Qui demani aquesta intervenci\u00f3 ha de, necess\u00e0riament, vetllar perqu\u00e8 l\u2019empresa elegida compleixi amb una s\u00e8rie de requisits que han de garantir el bon resultat. Aquests requisits s\u00f3n:<\/p>\n\t\t\t\t\t\t\t\t<\/div>\n\t\t\t\t<\/div>\n\t\t\t\t\t<\/div>\n\t\t<\/div>\n\t\t\t\t\t<\/div>\n\t\t<\/section>\n\t\t\t\t<section class=\"elementor-section elementor-top-section elementor-element elementor-element-3fe29e5 elementor-section-boxed elementor-section-height-default elementor-section-height-default\" data-id=\"3fe29e5\" data-element_type=\"section\" data-e-type=\"section\">\n\t\t\t\t\t\t<div class=\"elementor-container elementor-column-gap-default\">\n\t\t\t\t\t<div class=\"elementor-column elementor-col-33 elementor-top-column elementor-element elementor-element-ed67bc1\" data-id=\"ed67bc1\" data-element_type=\"column\" data-e-type=\"column\">\n\t\t\t<div class=\"elementor-widget-wrap elementor-element-populated\">\n\t\t\t\t\t\t<div class=\"elementor-element elementor-element-6b9abfc elementor-widget elementor-widget-image\" data-id=\"6b9abfc\" data-element_type=\"widget\" data-e-type=\"widget\" data-widget_type=\"image.default\">\n\t\t\t\t<div class=\"elementor-widget-container\">\n\t\t\t\t\t\t\t\t\t\t\t\t\t\t\t<img decoding=\"async\" width=\"713\" height=\"821\" src=\"https:\/\/www.aszende.com\/wp-content\/uploads\/2024\/03\/rehabilitacion-fachada-aszende.jpg\" class=\"attachment-large size-large wp-image-22169\" alt=\"rehabilitacion-fachada-aszende\" srcset=\"https:\/\/www.aszende.com\/wp-content\/uploads\/2024\/03\/rehabilitacion-fachada-aszende.jpg 713w, https:\/\/www.aszende.com\/wp-content\/uploads\/2024\/03\/rehabilitacion-fachada-aszende-261x300.jpg 261w, https:\/\/www.aszende.com\/wp-content\/uploads\/2024\/03\/rehabilitacion-fachada-aszende-600x691.jpg 600w\" sizes=\"(max-width: 713px) 100vw, 713px\" \/>\t\t\t\t\t\t\t\t\t\t\t\t\t\t\t<\/div>\n\t\t\t\t<\/div>\n\t\t\t\t<div class=\"elementor-element elementor-element-eefb50e elementor-widget elementor-widget-image\" data-id=\"eefb50e\" data-element_type=\"widget\" data-e-type=\"widget\" data-widget_type=\"image.default\">\n\t\t\t\t<div class=\"elementor-widget-container\">\n\t\t\t\t\t\t\t\t\t\t\t\t\t\t\t<img fetchpriority=\"high\" decoding=\"async\" width=\"911\" height=\"772\" src=\"https:\/\/www.aszende.com\/wp-content\/uploads\/2024\/03\/rehabilitacion-fachadas.jpg\" class=\"attachment-large size-large wp-image-22175\" alt=\"rehabilitacion-fachadas\" srcset=\"https:\/\/www.aszende.com\/wp-content\/uploads\/2024\/03\/rehabilitacion-fachadas.jpg 911w, https:\/\/www.aszende.com\/wp-content\/uploads\/2024\/03\/rehabilitacion-fachadas-300x254.jpg 300w, https:\/\/www.aszende.com\/wp-content\/uploads\/2024\/03\/rehabilitacion-fachadas-768x651.jpg 768w, https:\/\/www.aszende.com\/wp-content\/uploads\/2024\/03\/rehabilitacion-fachadas-600x508.jpg 600w\" sizes=\"(max-width: 911px) 100vw, 911px\" \/>\t\t\t\t\t\t\t\t\t\t\t\t\t\t\t<\/div>\n\t\t\t\t<\/div>\n\t\t\t\t\t<\/div>\n\t\t<\/div>\n\t\t\t\t<div class=\"elementor-column elementor-col-66 elementor-top-column elementor-element elementor-element-0cf7375\" data-id=\"0cf7375\" data-element_type=\"column\" data-e-type=\"column\">\n\t\t\t<div class=\"elementor-widget-wrap elementor-element-populated\">\n\t\t\t\t\t\t<div class=\"elementor-element elementor-element-15ac91a elementor-widget elementor-widget-heading\" data-id=\"15ac91a\" data-element_type=\"widget\" data-e-type=\"widget\" data-widget_type=\"heading.default\">\n\t\t\t\t<div class=\"elementor-widget-container\">\n\t\t\t\t\t<h3 class=\"elementor-heading-title elementor-size-default\">Experi\u00e8ncia i refer\u00e8ncies anteriors<\/h3>\t\t\t\t<\/div>\n\t\t\t\t<\/div>\n\t\t\t\t<div class=\"elementor-element elementor-element-36a72d3 elementor-widget elementor-widget-text-editor\" data-id=\"36a72d3\" data-element_type=\"widget\" data-e-type=\"widget\" data-widget_type=\"text-editor.default\">\n\t\t\t\t<div class=\"elementor-widget-container\">\n\t\t\t\t\t\t\t\t\t<p>En primer lloc, l\u2019empresa escollida per tirar endavant la rehabilitaci\u00f3 ha de comptar amb una <strong>traject\u00f2ria s\u00f2lida en el sector<\/strong>. Per assegurar-se que aix\u00ed sigui, es recomana indagar en si aquesta est\u00e0 recolzada per projectes previs exitosos. Les pr\u00e0ctiques recomanades en aquest sentit s\u00f3n avaluar les refer\u00e8ncies de l\u2019empresa i quins han estat els resultats obtinguts pr\u00e8viament.<\/p>\n\t\t\t\t\t\t\t\t<\/div>\n\t\t\t\t<\/div>\n\t\t\t\t<div class=\"elementor-element elementor-element-ac04c7a elementor-widget elementor-widget-heading\" data-id=\"ac04c7a\" data-element_type=\"widget\" data-e-type=\"widget\" data-widget_type=\"heading.default\">\n\t\t\t\t<div class=\"elementor-widget-container\">\n\t\t\t\t\t<h3 class=\"elementor-heading-title elementor-size-default\">Criteris de sostenibilitat i efici\u00e8ncia energ\u00e8tica<\/h3>\t\t\t\t<\/div>\n\t\t\t\t<\/div>\n\t\t\t\t<div class=\"elementor-element elementor-element-1b1520f elementor-widget elementor-widget-text-editor\" data-id=\"1b1520f\" data-element_type=\"widget\" data-e-type=\"widget\" data-widget_type=\"text-editor.default\">\n\t\t\t\t<div class=\"elementor-widget-container\">\n\t\t\t\t\t\t\t\t\t<p>En segona inst\u00e0ncia, \u00e9s clau que l\u2019empresa contractada per dur a terme la rehabilitaci\u00f3 de fa\u00e7anes demostri <strong>comprom\u00eds amb la sostenibilitat<\/strong> i amb assolir l\u2019efici\u00e8ncia energ\u00e8tica en les seves pr\u00e0ctiques. Si l\u2019empresa adopta materials, tecnologies i procediments respectuosos amb el medi ambient, no nom\u00e9s ajuda a reduir l\u2019impacte ambiental sin\u00f3 que, a m\u00e9s, pot <a href=\"https:\/\/www.aszende.com\/blog\/rehabilitacion-energetica-vivienda\/\">millorar el rendiment energ\u00e8tic de l\u2019edifici<\/a>.<\/p>\n\t\t\t\t\t\t\t\t<\/div>\n\t\t\t\t<\/div>\n\t\t\t\t<div class=\"elementor-element elementor-element-de663c1 elementor-widget elementor-widget-heading\" data-id=\"de663c1\" data-element_type=\"widget\" data-e-type=\"widget\" data-widget_type=\"heading.default\">\n\t\t\t\t<div class=\"elementor-widget-container\">\n\t\t\t\t\t<h3 class=\"elementor-heading-title elementor-size-default\">Permisos, llic\u00e8ncies i compliment normatiu<\/h3>\t\t\t\t<\/div>\n\t\t\t\t<\/div>\n\t\t\t\t<div class=\"elementor-element elementor-element-f9f99ce elementor-widget elementor-widget-text-editor\" data-id=\"f9f99ce\" data-element_type=\"widget\" data-e-type=\"widget\" data-widget_type=\"text-editor.default\">\n\t\t\t\t<div class=\"elementor-widget-container\">\n\t\t\t\t\t\t\t\t\t<p>Abans de comen\u00e7ar qualsevol treball de rehabilitaci\u00f3 de fa\u00e7anes, \u00e9s indispensable que l\u2019empresa s\u2019asseguri de comptar amb els <strong>permisos i llic\u00e8ncies requerits per les autoritats competents<\/strong>. Alhora, el projecte ha de complir de manera estricta amb les normatives locals i regionals vigents.<\/p>\n<p>Pel que fa als permisos necessaris per a aquesta rehabilitaci\u00f3, s\u2019haur\u00e0 de comptar amb una llic\u00e8ncia municipal atorgada per l\u2019ajuntament que correspon a l\u2019edificaci\u00f3 i que autoritza la realitzaci\u00f3 de l\u2019obra. A m\u00e9s, s&#8217; haur\u00e0 de tenir l\u2019<strong>autoritzaci\u00f3 de la comunitat de propietaris<\/strong>, com s\u2019estableix en el marc de la Llei de Propietat Horitzontal, per a aquelles fa\u00e7anes que corresponguin a aquest tipus de construccions.<\/p>\n\t\t\t\t\t\t\t\t<\/div>\n\t\t\t\t<\/div>\n\t\t\t\t<div class=\"elementor-element elementor-element-c7abd45 elementor-widget elementor-widget-heading\" data-id=\"c7abd45\" data-element_type=\"widget\" data-e-type=\"widget\" data-widget_type=\"heading.default\">\n\t\t\t\t<div class=\"elementor-widget-container\">\n\t\t\t\t\t<h3 class=\"elementor-heading-title elementor-size-default\">Assegurances i garanties<\/h3>\t\t\t\t<\/div>\n\t\t\t\t<\/div>\n\t\t\t\t<div class=\"elementor-element elementor-element-0be025f elementor-widget elementor-widget-text-editor\" data-id=\"0be025f\" data-element_type=\"widget\" data-e-type=\"widget\" data-widget_type=\"text-editor.default\">\n\t\t\t\t<div class=\"elementor-widget-container\">\n\t\t\t\t\t\t\t\t\t<p>Tota empresa que s\u2019encarregui de la rehabilitaci\u00f3 ha d\u2019oferir <strong>garanties expl\u00edcites sobre la qualitat del seu treball<\/strong> <strong>i dels materials utilitzats<\/strong>. Tamb\u00e9 ha de comptar amb assegurances de responsabilitat civil capaces de cobrir possibles accidents o danys durant l\u2019execuci\u00f3. Mentre m\u00e9s gran sigui la transpar\u00e8ncia oferta en aquest sentit per l\u2019empresa, m\u00e9s tranquil\u00b7litat tindr\u00e0 el client en el moment d\u2019encarar el projecte.<\/p>\n\t\t\t\t\t\t\t\t<\/div>\n\t\t\t\t<\/div>\n\t\t\t\t\t<\/div>\n\t\t<\/div>\n\t\t\t\t\t<\/div>\n\t\t<\/section>\n\t\t\t\t<section class=\"elementor-section elementor-top-section elementor-element elementor-element-1c9048b elementor-section-boxed elementor-section-height-default elementor-section-height-default\" data-id=\"1c9048b\" data-element_type=\"section\" data-e-type=\"section\">\n\t\t\t\t\t\t<div class=\"elementor-container elementor-column-gap-default\">\n\t\t\t\t\t<div class=\"elementor-column elementor-col-66 elementor-top-column elementor-element elementor-element-f27c911\" data-id=\"f27c911\" data-element_type=\"column\" data-e-type=\"column\">\n\t\t\t<div class=\"elementor-widget-wrap elementor-element-populated\">\n\t\t\t\t\t\t<div class=\"elementor-element elementor-element-572eefd elementor-widget elementor-widget-heading\" data-id=\"572eefd\" data-element_type=\"widget\" data-e-type=\"widget\" data-widget_type=\"heading.default\">\n\t\t\t\t<div class=\"elementor-widget-container\">\n\t\t\t\t\t<h3 class=\"elementor-heading-title elementor-size-default\">Qualitat de materials <\/h3>\t\t\t\t<\/div>\n\t\t\t\t<\/div>\n\t\t\t\t<div class=\"elementor-element elementor-element-d1331d1 elementor-widget elementor-widget-text-editor\" data-id=\"d1331d1\" data-element_type=\"widget\" data-e-type=\"widget\" data-widget_type=\"text-editor.default\">\n\t\t\t\t<div class=\"elementor-widget-container\">\n\t\t\t\t\t\t\t\t\t<p>De la m\u00e0 de l\u2019anterior, es recomana tamb\u00e9 als clients contractants que verifiquin que l\u2019empresa en q\u00fcesti\u00f3 utilitzi materials i <strong>productes que siguin d\u2019alta qualitat i que s\u2019adeq\u00fcin a les necessitats espec\u00edfiques<\/strong> d\u2019un proc\u00e9s de rehabilitaci\u00f3 de fa\u00e7anes. \u00c9s la resist\u00e8ncia, durabilitat i pertin\u00e8ncia dels materials i productes emprats un dels aspectes determinants de l\u2019efectivitat de la intervenci\u00f3 en el llarg termini.<\/p>\n<p class=\"MsoNormal\" style=\"text-align: justify; line-height: 150%;\">\n<\/p>\t\t\t\t\t\t\t\t<\/div>\n\t\t\t\t<\/div>\n\t\t\t\t<div class=\"elementor-element elementor-element-ea1b6db elementor-widget elementor-widget-heading\" data-id=\"ea1b6db\" data-element_type=\"widget\" data-e-type=\"widget\" data-widget_type=\"heading.default\">\n\t\t\t\t<div class=\"elementor-widget-container\">\n\t\t\t\t\t<h3 class=\"elementor-heading-title elementor-size-default\">Servei postvenda<\/h3>\t\t\t\t<\/div>\n\t\t\t\t<\/div>\n\t\t\t\t<div class=\"elementor-element elementor-element-36c5d7e elementor-widget elementor-widget-text-editor\" data-id=\"36c5d7e\" data-element_type=\"widget\" data-e-type=\"widget\" data-widget_type=\"text-editor.default\">\n\t\t\t\t<div class=\"elementor-widget-container\">\n\t\t\t\t\t\t\t\t\t<p>Per concloure, l\u2019atenci\u00f3 brindada per l\u2019empresa no s&#8217; ha de limitar a l\u2019execuci\u00f3 de l\u2019obra de rehabilitaci\u00f3, sin\u00f3 que aquesta ha d\u2019oferir un <strong>bon servei integral postvenda<\/strong> que inclogui q\u00fcestions com el manteniment peri\u00f2dic, l\u2019assessorament continu i l\u2019atenci\u00f3 velo\u00e7 a possibles reclamacions i incid\u00e8ncies.<\/p>\n<p class=\"MsoNormal\" style=\"text-align: justify; line-height: 150%;\">\n\t\t\t\t\t\t\t\t<\/div>\n\t\t\t\t<\/div>\n\t\t\t\t\t<\/div>\n\t\t<\/div>\n\t\t\t\t<div class=\"elementor-column elementor-col-33 elementor-top-column elementor-element elementor-element-d5d8ff3\" data-id=\"d5d8ff3\" data-element_type=\"column\" data-e-type=\"column\">\n\t\t\t<div class=\"elementor-widget-wrap elementor-element-populated\">\n\t\t\t\t\t\t<div class=\"elementor-element elementor-element-24464d4 elementor-hidden-mobile elementor-widget elementor-widget-image\" data-id=\"24464d4\" data-element_type=\"widget\" data-e-type=\"widget\" data-widget_type=\"image.default\">\n\t\t\t\t<div class=\"elementor-widget-container\">\n\t\t\t\t\t\t\t\t\t\t\t\t\t\t\t<img decoding=\"async\" width=\"713\" height=\"821\" src=\"https:\/\/www.aszende.com\/wp-content\/uploads\/2024\/03\/rehabilitacion-fachada-aszende-2.jpg\" class=\"attachment-large size-large wp-image-22166\" alt=\"rehabilitacion-fachada-aszende\" srcset=\"https:\/\/www.aszende.com\/wp-content\/uploads\/2024\/03\/rehabilitacion-fachada-aszende-2.jpg 713w, https:\/\/www.aszende.com\/wp-content\/uploads\/2024\/03\/rehabilitacion-fachada-aszende-2-261x300.jpg 261w, https:\/\/www.aszende.com\/wp-content\/uploads\/2024\/03\/rehabilitacion-fachada-aszende-2-600x691.jpg 600w\" sizes=\"(max-width: 713px) 100vw, 713px\" \/>\t\t\t\t\t\t\t\t\t\t\t\t\t\t\t<\/div>\n\t\t\t\t<\/div>\n\t\t\t\t<div class=\"elementor-element elementor-element-064ade1 elementor-hidden-mobile elementor-widget elementor-widget-image\" data-id=\"064ade1\" data-element_type=\"widget\" data-e-type=\"widget\" data-widget_type=\"image.default\">\n\t\t\t\t<div class=\"elementor-widget-container\">\n\t\t\t\t\t\t\t\t\t\t\t\t\t\t\t<img loading=\"lazy\" decoding=\"async\" width=\"911\" height=\"772\" src=\"https:\/\/www.aszende.com\/wp-content\/uploads\/2024\/03\/servicio-rehabilitacion-fachadas.jpg\" class=\"attachment-large size-large wp-image-22183\" alt=\"servicio-rehabilitacion-fachadas\" srcset=\"https:\/\/www.aszende.com\/wp-content\/uploads\/2024\/03\/servicio-rehabilitacion-fachadas.jpg 911w, https:\/\/www.aszende.com\/wp-content\/uploads\/2024\/03\/servicio-rehabilitacion-fachadas-300x254.jpg 300w, https:\/\/www.aszende.com\/wp-content\/uploads\/2024\/03\/servicio-rehabilitacion-fachadas-768x651.jpg 768w, https:\/\/www.aszende.com\/wp-content\/uploads\/2024\/03\/servicio-rehabilitacion-fachadas-600x508.jpg 600w\" sizes=\"(max-width: 911px) 100vw, 911px\" \/>\t\t\t\t\t\t\t\t\t\t\t\t\t\t\t<\/div>\n\t\t\t\t<\/div>\n\t\t\t\t\t<\/div>\n\t\t<\/div>\n\t\t\t\t\t<\/div>\n\t\t<\/section>\n\t\t\t\t<section class=\"elementor-section elementor-top-section elementor-element elementor-element-34ca06b elementor-section-boxed elementor-section-height-default elementor-section-height-default\" data-id=\"34ca06b\" data-element_type=\"section\" data-e-type=\"section\">\n\t\t\t\t\t\t<div class=\"elementor-container elementor-column-gap-default\">\n\t\t\t\t\t<div class=\"elementor-column elementor-col-100 elementor-top-column elementor-element elementor-element-59d32c8\" data-id=\"59d32c8\" data-element_type=\"column\" data-e-type=\"column\">\n\t\t\t<div class=\"elementor-widget-wrap elementor-element-populated\">\n\t\t\t\t\t\t<div class=\"elementor-element elementor-element-a98a8e0 elementor-widget elementor-widget-heading\" data-id=\"a98a8e0\" data-element_type=\"widget\" data-e-type=\"widget\" data-widget_type=\"heading.default\">\n\t\t\t\t<div class=\"elementor-widget-container\">\n\t\t\t\t\t<h2 class=\"elementor-heading-title elementor-size-default\">Conclusi\u00f3<\/h2>\t\t\t\t<\/div>\n\t\t\t\t<\/div>\n\t\t\t\t\t<\/div>\n\t\t<\/div>\n\t\t\t\t\t<\/div>\n\t\t<\/section>\n\t\t\t\t<section class=\"elementor-section elementor-top-section elementor-element elementor-element-daea9e2 elementor-section-boxed elementor-section-height-default elementor-section-height-default\" data-id=\"daea9e2\" data-element_type=\"section\" data-e-type=\"section\">\n\t\t\t\t\t\t<div class=\"elementor-container elementor-column-gap-default\">\n\t\t\t\t\t<div class=\"elementor-column elementor-col-100 elementor-top-column elementor-element elementor-element-af6bc51\" data-id=\"af6bc51\" data-element_type=\"column\" data-e-type=\"column\">\n\t\t\t<div class=\"elementor-widget-wrap elementor-element-populated\">\n\t\t\t\t\t\t<div class=\"elementor-element elementor-element-a5b7b39 elementor-widget elementor-widget-text-editor\" data-id=\"a5b7b39\" data-element_type=\"widget\" data-e-type=\"widget\" data-widget_type=\"text-editor.default\">\n\t\t\t\t<div class=\"elementor-widget-container\">\n\t\t\t\t\t\t\t\t\t<p><a href=\"https:\/\/www.aszende.com\/ca\/\">Aszende<\/a> \u00e9s una empresa de solucions verticals que tamb\u00e9 s\u2019ha especialitzat en la <strong>rehabilitaci\u00f3 de fa\u00e7anes<\/strong>. Amb el temps ha anat evolucionant i optimitzant els seus serveis en aquest sentit. Per a aix\u00f2, compta amb t\u00e8cnics que analitzen les edificacions per trobar les solucions m\u00e9s adequades per a cada cas.<\/p>\n<p>L\u2019empresa desenvolupa la seva tasca assegurant el perfecte compliment normatiu de les reglamentacions vigents i amb l\u2019objectiu d\u2019incrementar el valor i la seguretat de l\u2019edifici.<\/p>\n\t\t\t\t\t\t\t\t<\/div>\n\t\t\t\t<\/div>\n\t\t\t\t\t<\/div>\n\t\t<\/div>\n\t\t\t\t\t<\/div>\n\t\t<\/section>\n\t\t\t\t<\/div>\n\t\t","protected":false},"excerpt":{"rendered":"<p>La rehabilitaci\u00f3 de fa\u00e7anes \u00e9s un proc\u00e9s integral destinat a la conservaci\u00f3, la restauraci\u00f3 i la millora de les estructures exteriors de tota mena d\u2019edificacions. \u00c9s una pr\u00e0ctica multidisciplin\u00e0ria que aborda aspectes fonamentals per mantenir i per potenciar el valor dels immobles en termes tant est\u00e8tics com funcionals. Quan parlem de rehabilitaci\u00f3 de fa\u00e7anes, estem [&hellip;]<\/p>\n","protected":false},"author":6,"featured_media":22175,"comment_status":"closed","ping_status":"closed","sticky":false,"template":"","format":"standard","meta":{"site-sidebar-layout":"default","site-content-layout":"default","ast-site-content-layout":"default","site-content-style":"default","site-sidebar-style":"default","ast-global-header-display":"","ast-banner-title-visibility":"","ast-main-header-display":"","ast-hfb-above-header-display":"","ast-hfb-below-header-display":"","ast-hfb-mobile-header-display":"","site-post-title":"","ast-breadcrumbs-content":"","ast-featured-img":"","footer-sml-layout":"","theme-transparent-header-meta":"default","adv-header-id-meta":"","stick-header-meta":"","header-above-stick-meta":"","header-main-stick-meta":"","header-below-stick-meta":"","astra-migrate-meta-layouts":"default","ast-page-background-enabled":"default","ast-page-background-meta":{"desktop":{"background-color":"var(--ast-global-color-4)","background-image":"","background-repeat":"repeat","background-position":"center center","background-size":"auto","background-attachment":"scroll","background-type":"","background-media":"","overlay-type":"","overlay-color":"","overlay-opacity":"","overlay-gradient":""},"tablet":{"background-color":"","background-image":"","background-repeat":"repeat","background-position":"center center","background-size":"auto","background-attachment":"scroll","background-type":"","background-media":"","overlay-type":"","overlay-color":"","overlay-opacity":"","overlay-gradient":""},"mobile":{"background-color":"","background-image":"","background-repeat":"repeat","background-position":"center center","background-size":"auto","background-attachment":"scroll","background-type":"","background-media":"","overlay-type":"","overlay-color":"","overlay-opacity":"","overlay-gradient":""}},"ast-content-background-meta":{"desktop":{"background-color":"var(--ast-global-color-5)","background-image":"","background-repeat":"repeat","background-position":"center center","background-size":"auto","background-attachment":"scroll","background-type":"","background-media":"","overlay-type":"","overlay-color":"","overlay-opacity":"","overlay-gradient":""},"tablet":{"background-color":"var(--ast-global-color-5)","background-image":"","background-repeat":"repeat","background-position":"center center","background-size":"auto","background-attachment":"scroll","background-type":"","background-media":"","overlay-type":"","overlay-color":"","overlay-opacity":"","overlay-gradient":""},"mobile":{"background-color":"var(--ast-global-color-5)","background-image":"","background-repeat":"repeat","background-position":"center center","background-size":"auto","background-attachment":"scroll","background-type":"","background-media":"","overlay-type":"","overlay-color":"","overlay-opacity":"","overlay-gradient":""}},"footnotes":""},"categories":[15],"tags":[],"class_list":["post-22117","post","type-post","status-publish","format-standard","has-post-thumbnail","hentry","category-noticias"],"yoast_head":"<!-- This site is optimized with the Yoast SEO plugin v27.0 - https:\/\/yoast.com\/product\/yoast-seo-wordpress\/ -->\n<title>Rehabilitaci\u00f3 de fa\u00e7anes: aspectes que has de con\u00e8ixer<\/title>\n<meta name=\"description\" content=\"Descobreix les claus sobre la rehabilitaci\u00f3 de fa\u00e7anes i tots els beneficis en l&#039;accessibilitat i la revaloraci\u00f3 dels edificis.\" \/>\n<meta name=\"robots\" content=\"index, follow, max-snippet:-1, max-image-preview:large, max-video-preview:-1\" \/>\n<link rel=\"canonical\" href=\"https:\/\/www.aszende.com\/ca\/blog\/rehabilitacio-facanes\/\" \/>\n<meta property=\"og:locale\" content=\"ca_ES\" \/>\n<meta property=\"og:type\" content=\"article\" \/>\n<meta property=\"og:title\" content=\"Rehabilitaci\u00f3 de fa\u00e7anes: aspectes que has de con\u00e8ixer\" \/>\n<meta property=\"og:description\" content=\"Descobreix les claus sobre la rehabilitaci\u00f3 de fa\u00e7anes i tots els beneficis en l&#039;accessibilitat i la revaloraci\u00f3 dels edificis.\" \/>\n<meta property=\"og:url\" content=\"https:\/\/www.aszende.com\/ca\/blog\/rehabilitacio-facanes\/\" \/>\n<meta property=\"og:site_name\" content=\"Aszende\" \/>\n<meta property=\"article:published_time\" content=\"2024-03-25T12:15:00+00:00\" \/>\n<meta property=\"article:modified_time\" content=\"2025-09-12T07:59:14+00:00\" \/>\n<meta property=\"og:image\" content=\"https:\/\/www.aszende.com\/wp-content\/uploads\/2024\/03\/rehabilitacion-fachadas.jpg\" \/>\n\t<meta property=\"og:image:width\" content=\"911\" \/>\n\t<meta property=\"og:image:height\" content=\"772\" \/>\n\t<meta property=\"og:image:type\" content=\"image\/jpeg\" \/>\n<meta name=\"author\" content=\"GO2JUMP\" \/>\n<meta name=\"twitter:card\" content=\"summary_large_image\" \/>\n<meta name=\"twitter:label1\" content=\"Escrit per\" \/>\n\t<meta name=\"twitter:data1\" content=\"GO2JUMP\" \/>\n\t<meta name=\"twitter:label2\" content=\"Temps estimat de lectura\" \/>\n\t<meta name=\"twitter:data2\" content=\"6 minuts\" \/>\n<script type=\"application\/ld+json\" class=\"yoast-schema-graph\">{\"@context\":\"https:\/\/schema.org\",\"@graph\":[{\"@type\":\"Article\",\"@id\":\"https:\/\/www.aszende.com\/ca\/blog\/rehabilitacio-facanes\/#article\",\"isPartOf\":{\"@id\":\"https:\/\/www.aszende.com\/ca\/blog\/rehabilitacio-facanes\/\"},\"author\":{\"name\":\"GO2JUMP\",\"@id\":\"https:\/\/www.aszende.com\/en\/#\/schema\/person\/84539476955736c0d2283e7f6bcab6fb\"},\"headline\":\"Rehabilitaci\u00f3 de fa\u00e7anes: aspectes que has de con\u00e8ixer\",\"datePublished\":\"2024-03-25T12:15:00+00:00\",\"dateModified\":\"2025-09-12T07:59:14+00:00\",\"mainEntityOfPage\":{\"@id\":\"https:\/\/www.aszende.com\/ca\/blog\/rehabilitacio-facanes\/\"},\"wordCount\":1034,\"publisher\":{\"@id\":\"https:\/\/www.aszende.com\/en\/#organization\"},\"image\":{\"@id\":\"https:\/\/www.aszende.com\/ca\/blog\/rehabilitacio-facanes\/#primaryimage\"},\"thumbnailUrl\":\"https:\/\/www.aszende.com\/wp-content\/uploads\/2024\/03\/rehabilitacion-fachadas.jpg\",\"articleSection\":[\"Noticias\"],\"inLanguage\":\"ca\"},{\"@type\":\"WebPage\",\"@id\":\"https:\/\/www.aszende.com\/ca\/blog\/rehabilitacio-facanes\/\",\"url\":\"https:\/\/www.aszende.com\/ca\/blog\/rehabilitacio-facanes\/\",\"name\":\"Rehabilitaci\u00f3 de fa\u00e7anes: aspectes que has de con\u00e8ixer\",\"isPartOf\":{\"@id\":\"https:\/\/www.aszende.com\/en\/#website\"},\"primaryImageOfPage\":{\"@id\":\"https:\/\/www.aszende.com\/ca\/blog\/rehabilitacio-facanes\/#primaryimage\"},\"image\":{\"@id\":\"https:\/\/www.aszende.com\/ca\/blog\/rehabilitacio-facanes\/#primaryimage\"},\"thumbnailUrl\":\"https:\/\/www.aszende.com\/wp-content\/uploads\/2024\/03\/rehabilitacion-fachadas.jpg\",\"datePublished\":\"2024-03-25T12:15:00+00:00\",\"dateModified\":\"2025-09-12T07:59:14+00:00\",\"description\":\"Descobreix les claus sobre la rehabilitaci\u00f3 de fa\u00e7anes i tots els beneficis en l'accessibilitat i la revaloraci\u00f3 dels edificis.\",\"breadcrumb\":{\"@id\":\"https:\/\/www.aszende.com\/ca\/blog\/rehabilitacio-facanes\/#breadcrumb\"},\"inLanguage\":\"ca\",\"potentialAction\":[{\"@type\":\"ReadAction\",\"target\":[\"https:\/\/www.aszende.com\/ca\/blog\/rehabilitacio-facanes\/\"]}]},{\"@type\":\"ImageObject\",\"inLanguage\":\"ca\",\"@id\":\"https:\/\/www.aszende.com\/ca\/blog\/rehabilitacio-facanes\/#primaryimage\",\"url\":\"https:\/\/www.aszende.com\/wp-content\/uploads\/2024\/03\/rehabilitacion-fachadas.jpg\",\"contentUrl\":\"https:\/\/www.aszende.com\/wp-content\/uploads\/2024\/03\/rehabilitacion-fachadas.jpg\",\"width\":911,\"height\":772,\"caption\":\"rehabilitacion-fachadas\"},{\"@type\":\"BreadcrumbList\",\"@id\":\"https:\/\/www.aszende.com\/ca\/blog\/rehabilitacio-facanes\/#breadcrumb\",\"itemListElement\":[{\"@type\":\"ListItem\",\"position\":1,\"name\":\"Inicio\",\"item\":\"https:\/\/www.aszende.com\/ca\/\"},{\"@type\":\"ListItem\",\"position\":2,\"name\":\"Rehabilitaci\u00f3 de fa\u00e7anes: aspectes que has de con\u00e8ixer\"}]},{\"@type\":\"WebSite\",\"@id\":\"https:\/\/www.aszende.com\/en\/#website\",\"url\":\"https:\/\/www.aszende.com\/en\/\",\"name\":\"Aszende\",\"description\":\"\",\"publisher\":{\"@id\":\"https:\/\/www.aszende.com\/en\/#organization\"},\"potentialAction\":[{\"@type\":\"SearchAction\",\"target\":{\"@type\":\"EntryPoint\",\"urlTemplate\":\"https:\/\/www.aszende.com\/en\/?s={search_term_string}\"},\"query-input\":{\"@type\":\"PropertyValueSpecification\",\"valueRequired\":true,\"valueName\":\"search_term_string\"}}],\"inLanguage\":\"ca\"},{\"@type\":\"Organization\",\"@id\":\"https:\/\/www.aszende.com\/en\/#organization\",\"name\":\"Aszende\",\"url\":\"https:\/\/www.aszende.com\/en\/\",\"logo\":{\"@type\":\"ImageObject\",\"inLanguage\":\"ca\",\"@id\":\"https:\/\/www.aszende.com\/en\/#\/schema\/logo\/image\/\",\"url\":\"https:\/\/www.aszende.com\/wp-content\/uploads\/2022\/10\/LOGO-Aszende-sin-R.png\",\"contentUrl\":\"https:\/\/www.aszende.com\/wp-content\/uploads\/2022\/10\/LOGO-Aszende-sin-R.png\",\"width\":346,\"height\":114,\"caption\":\"Aszende\"},\"image\":{\"@id\":\"https:\/\/www.aszende.com\/en\/#\/schema\/logo\/image\/\"}},{\"@type\":\"Person\",\"@id\":\"https:\/\/www.aszende.com\/en\/#\/schema\/person\/84539476955736c0d2283e7f6bcab6fb\",\"name\":\"GO2JUMP\",\"image\":{\"@type\":\"ImageObject\",\"inLanguage\":\"ca\",\"@id\":\"https:\/\/www.aszende.com\/en\/#\/schema\/person\/image\/\",\"url\":\"https:\/\/secure.gravatar.com\/avatar\/31d3d42d560f9952b607a41659b69bc36248676da87a1f2a4a521b0e40b62fe8?s=96&d=mm&r=g\",\"contentUrl\":\"https:\/\/secure.gravatar.com\/avatar\/31d3d42d560f9952b607a41659b69bc36248676da87a1f2a4a521b0e40b62fe8?s=96&d=mm&r=g\",\"caption\":\"GO2JUMP\"}}]}<\/script>\n<!-- \/ Yoast SEO plugin. -->","yoast_head_json":{"title":"Rehabilitaci\u00f3 de fa\u00e7anes: aspectes que has de con\u00e8ixer","description":"Descobreix les claus sobre la rehabilitaci\u00f3 de fa\u00e7anes i tots els beneficis en l'accessibilitat i la revaloraci\u00f3 dels edificis.","robots":{"index":"index","follow":"follow","max-snippet":"max-snippet:-1","max-image-preview":"max-image-preview:large","max-video-preview":"max-video-preview:-1"},"canonical":"https:\/\/www.aszende.com\/ca\/blog\/rehabilitacio-facanes\/","og_locale":"ca_ES","og_type":"article","og_title":"Rehabilitaci\u00f3 de fa\u00e7anes: aspectes que has de con\u00e8ixer","og_description":"Descobreix les claus sobre la rehabilitaci\u00f3 de fa\u00e7anes i tots els beneficis en l'accessibilitat i la revaloraci\u00f3 dels edificis.","og_url":"https:\/\/www.aszende.com\/ca\/blog\/rehabilitacio-facanes\/","og_site_name":"Aszende","article_published_time":"2024-03-25T12:15:00+00:00","article_modified_time":"2025-09-12T07:59:14+00:00","og_image":[{"width":911,"height":772,"url":"https:\/\/www.aszende.com\/wp-content\/uploads\/2024\/03\/rehabilitacion-fachadas.jpg","type":"image\/jpeg"}],"author":"GO2JUMP","twitter_card":"summary_large_image","twitter_misc":{"Escrit per":"GO2JUMP","Temps estimat de lectura":"6 minuts"},"schema":{"@context":"https:\/\/schema.org","@graph":[{"@type":"Article","@id":"https:\/\/www.aszende.com\/ca\/blog\/rehabilitacio-facanes\/#article","isPartOf":{"@id":"https:\/\/www.aszende.com\/ca\/blog\/rehabilitacio-facanes\/"},"author":{"name":"GO2JUMP","@id":"https:\/\/www.aszende.com\/en\/#\/schema\/person\/84539476955736c0d2283e7f6bcab6fb"},"headline":"Rehabilitaci\u00f3 de fa\u00e7anes: aspectes que has de con\u00e8ixer","datePublished":"2024-03-25T12:15:00+00:00","dateModified":"2025-09-12T07:59:14+00:00","mainEntityOfPage":{"@id":"https:\/\/www.aszende.com\/ca\/blog\/rehabilitacio-facanes\/"},"wordCount":1034,"publisher":{"@id":"https:\/\/www.aszende.com\/en\/#organization"},"image":{"@id":"https:\/\/www.aszende.com\/ca\/blog\/rehabilitacio-facanes\/#primaryimage"},"thumbnailUrl":"https:\/\/www.aszende.com\/wp-content\/uploads\/2024\/03\/rehabilitacion-fachadas.jpg","articleSection":["Noticias"],"inLanguage":"ca"},{"@type":"WebPage","@id":"https:\/\/www.aszende.com\/ca\/blog\/rehabilitacio-facanes\/","url":"https:\/\/www.aszende.com\/ca\/blog\/rehabilitacio-facanes\/","name":"Rehabilitaci\u00f3 de fa\u00e7anes: aspectes que has de con\u00e8ixer","isPartOf":{"@id":"https:\/\/www.aszende.com\/en\/#website"},"primaryImageOfPage":{"@id":"https:\/\/www.aszende.com\/ca\/blog\/rehabilitacio-facanes\/#primaryimage"},"image":{"@id":"https:\/\/www.aszende.com\/ca\/blog\/rehabilitacio-facanes\/#primaryimage"},"thumbnailUrl":"https:\/\/www.aszende.com\/wp-content\/uploads\/2024\/03\/rehabilitacion-fachadas.jpg","datePublished":"2024-03-25T12:15:00+00:00","dateModified":"2025-09-12T07:59:14+00:00","description":"Descobreix les claus sobre la rehabilitaci\u00f3 de fa\u00e7anes i tots els beneficis en l'accessibilitat i la revaloraci\u00f3 dels edificis.","breadcrumb":{"@id":"https:\/\/www.aszende.com\/ca\/blog\/rehabilitacio-facanes\/#breadcrumb"},"inLanguage":"ca","potentialAction":[{"@type":"ReadAction","target":["https:\/\/www.aszende.com\/ca\/blog\/rehabilitacio-facanes\/"]}]},{"@type":"ImageObject","inLanguage":"ca","@id":"https:\/\/www.aszende.com\/ca\/blog\/rehabilitacio-facanes\/#primaryimage","url":"https:\/\/www.aszende.com\/wp-content\/uploads\/2024\/03\/rehabilitacion-fachadas.jpg","contentUrl":"https:\/\/www.aszende.com\/wp-content\/uploads\/2024\/03\/rehabilitacion-fachadas.jpg","width":911,"height":772,"caption":"rehabilitacion-fachadas"},{"@type":"BreadcrumbList","@id":"https:\/\/www.aszende.com\/ca\/blog\/rehabilitacio-facanes\/#breadcrumb","itemListElement":[{"@type":"ListItem","position":1,"name":"Inicio","item":"https:\/\/www.aszende.com\/ca\/"},{"@type":"ListItem","position":2,"name":"Rehabilitaci\u00f3 de fa\u00e7anes: aspectes que has de con\u00e8ixer"}]},{"@type":"WebSite","@id":"https:\/\/www.aszende.com\/en\/#website","url":"https:\/\/www.aszende.com\/en\/","name":"Aszende","description":"","publisher":{"@id":"https:\/\/www.aszende.com\/en\/#organization"},"potentialAction":[{"@type":"SearchAction","target":{"@type":"EntryPoint","urlTemplate":"https:\/\/www.aszende.com\/en\/?s={search_term_string}"},"query-input":{"@type":"PropertyValueSpecification","valueRequired":true,"valueName":"search_term_string"}}],"inLanguage":"ca"},{"@type":"Organization","@id":"https:\/\/www.aszende.com\/en\/#organization","name":"Aszende","url":"https:\/\/www.aszende.com\/en\/","logo":{"@type":"ImageObject","inLanguage":"ca","@id":"https:\/\/www.aszende.com\/en\/#\/schema\/logo\/image\/","url":"https:\/\/www.aszende.com\/wp-content\/uploads\/2022\/10\/LOGO-Aszende-sin-R.png","contentUrl":"https:\/\/www.aszende.com\/wp-content\/uploads\/2022\/10\/LOGO-Aszende-sin-R.png","width":346,"height":114,"caption":"Aszende"},"image":{"@id":"https:\/\/www.aszende.com\/en\/#\/schema\/logo\/image\/"}},{"@type":"Person","@id":"https:\/\/www.aszende.com\/en\/#\/schema\/person\/84539476955736c0d2283e7f6bcab6fb","name":"GO2JUMP","image":{"@type":"ImageObject","inLanguage":"ca","@id":"https:\/\/www.aszende.com\/en\/#\/schema\/person\/image\/","url":"https:\/\/secure.gravatar.com\/avatar\/31d3d42d560f9952b607a41659b69bc36248676da87a1f2a4a521b0e40b62fe8?s=96&d=mm&r=g","contentUrl":"https:\/\/secure.gravatar.com\/avatar\/31d3d42d560f9952b607a41659b69bc36248676da87a1f2a4a521b0e40b62fe8?s=96&d=mm&r=g","caption":"GO2JUMP"}}]}},"_links":{"self":[{"href":"https:\/\/www.aszende.com\/ca\/wp-json\/wp\/v2\/posts\/22117","targetHints":{"allow":["GET"]}}],"collection":[{"href":"https:\/\/www.aszende.com\/ca\/wp-json\/wp\/v2\/posts"}],"about":[{"href":"https:\/\/www.aszende.com\/ca\/wp-json\/wp\/v2\/types\/post"}],"author":[{"embeddable":true,"href":"https:\/\/www.aszende.com\/ca\/wp-json\/wp\/v2\/users\/6"}],"replies":[{"embeddable":true,"href":"https:\/\/www.aszende.com\/ca\/wp-json\/wp\/v2\/comments?post=22117"}],"version-history":[{"count":0,"href":"https:\/\/www.aszende.com\/ca\/wp-json\/wp\/v2\/posts\/22117\/revisions"}],"wp:featuredmedia":[{"embeddable":true,"href":"https:\/\/www.aszende.com\/ca\/wp-json\/wp\/v2\/media\/22175"}],"wp:attachment":[{"href":"https:\/\/www.aszende.com\/ca\/wp-json\/wp\/v2\/media?parent=22117"}],"wp:term":[{"taxonomy":"category","embeddable":true,"href":"https:\/\/www.aszende.com\/ca\/wp-json\/wp\/v2\/categories?post=22117"},{"taxonomy":"post_tag","embeddable":true,"href":"https:\/\/www.aszende.com\/ca\/wp-json\/wp\/v2\/tags?post=22117"}],"curies":[{"name":"wp","href":"https:\/\/api.w.org\/{rel}","templated":true}]}}