{"id":22375,"date":"2024-04-25T07:40:10","date_gmt":"2024-04-25T07:40:10","guid":{"rendered":"https:\/\/www.aszende.com\/?p=22375"},"modified":"2025-09-12T08:00:15","modified_gmt":"2025-09-12T08:00:15","slug":"installacio-manteniment-ascensor","status":"publish","type":"post","link":"https:\/\/www.aszende.com\/ca\/blog\/installacio-manteniment-ascensor\/","title":{"rendered":"Tot el que has de saber per a la instal\u00b7laci\u00f3 d&#8217;ascensors"},"content":{"rendered":"\t\t<div data-elementor-type=\"wp-post\" data-elementor-id=\"22375\" class=\"elementor elementor-22375 elementor-22288\" data-elementor-post-type=\"post\">\n\t\t\t\t\t\t<section class=\"elementor-section elementor-top-section elementor-element elementor-element-9b88610 elementor-section-boxed elementor-section-height-default elementor-section-height-default\" data-id=\"9b88610\" data-element_type=\"section\" data-e-type=\"section\">\n\t\t\t\t\t\t<div class=\"elementor-container elementor-column-gap-default\">\n\t\t\t\t\t<div class=\"elementor-column elementor-col-50 elementor-top-column elementor-element elementor-element-5ecd1d8\" data-id=\"5ecd1d8\" data-element_type=\"column\" data-e-type=\"column\">\n\t\t\t<div class=\"elementor-widget-wrap elementor-element-populated\">\n\t\t\t\t\t\t<div class=\"elementor-element elementor-element-f905b91 elementor-widget elementor-widget-text-editor\" data-id=\"f905b91\" data-element_type=\"widget\" data-e-type=\"widget\" data-widget_type=\"text-editor.default\">\n\t\t\t\t<div class=\"elementor-widget-container\">\n\t\t\t\t\t\t\t\t\t<p>Avui dia, els ascensors s\u00f3n una part fonamental de la infraestructura de qualsevol edifici. Des dels grans gratacels fins als edificis d\u2019apartaments m\u00e9s moderns compten amb ascensors, sistemes de transport vertical que garanteixen la comoditat per\u00f2, sobretot, <strong>l\u2019accessibilitat de les persones<\/strong>. Per aix\u00f2, en aquesta ocasi\u00f3 et volem explicar tot el que has de saber sobre la <strong>instal\u00b7laci\u00f3 d\u2019ascensors.<\/strong>  <\/p>\n<p>La instal\u00b7laci\u00f3 d&#8217;un ascensor no \u00e9s trivial. La selecci\u00f3 del dispositiu i l&#8217; <a href=\"https:\/\/www.aszende.com\/ca\/blog\/empreses-installadores-dascensors-requisits\/\">empresa instal\u00b7ladora<\/a> s\u00f3n aspectes que poden incidir substancialment en el <strong>rendiment, l&#8217;efici\u00e8ncia i la seguretat<\/strong> de l&#8217;ascensor a llarg termini. Si l&#8217;ascensor est\u00e0 ben instal\u00b7lat i compta amb un bon manteniment, aix\u00f2 millora la qualitat de vida dels ocupants, alhora que contribueix a la valoraci\u00f3 i la competitivitat de l&#8217;edificaci\u00f3 al mercat immobiliari.  <\/p><\/p>\n\t\t\t\t\t\t\t\t<\/div>\n\t\t\t\t<\/div>\n\t\t\t\t\t<\/div>\n\t\t<\/div>\n\t\t\t\t<div class=\"elementor-column elementor-col-50 elementor-top-column elementor-element elementor-element-16f1b08\" data-id=\"16f1b08\" data-element_type=\"column\" data-e-type=\"column\">\n\t\t\t<div class=\"elementor-widget-wrap elementor-element-populated\">\n\t\t\t\t\t\t<div class=\"elementor-element elementor-element-d1cb96d elementor-widget elementor-widget-image\" data-id=\"d1cb96d\" data-element_type=\"widget\" data-e-type=\"widget\" data-widget_type=\"image.default\">\n\t\t\t\t<div class=\"elementor-widget-container\">\n\t\t\t\t\t\t\t\t\t\t\t\t\t\t\t<img fetchpriority=\"high\" decoding=\"async\" width=\"911\" height=\"772\" src=\"https:\/\/www.aszende.com\/wp-content\/uploads\/2024\/04\/instalacion-mantenimiento-ascensores-5.jpg\" class=\"attachment-large size-large wp-image-22334\" alt=\"instalacion-mantenimiento-ascensores\" srcset=\"https:\/\/www.aszende.com\/wp-content\/uploads\/2024\/04\/instalacion-mantenimiento-ascensores-5.jpg 911w, https:\/\/www.aszende.com\/wp-content\/uploads\/2024\/04\/instalacion-mantenimiento-ascensores-5-300x254.jpg 300w, https:\/\/www.aszende.com\/wp-content\/uploads\/2024\/04\/instalacion-mantenimiento-ascensores-5-768x651.jpg 768w, https:\/\/www.aszende.com\/wp-content\/uploads\/2024\/04\/instalacion-mantenimiento-ascensores-5-600x508.jpg 600w\" sizes=\"(max-width: 911px) 100vw, 911px\" \/>\t\t\t\t\t\t\t\t\t\t\t\t\t\t\t<\/div>\n\t\t\t\t<\/div>\n\t\t\t\t\t<\/div>\n\t\t<\/div>\n\t\t\t\t\t<\/div>\n\t\t<\/section>\n\t\t\t\t<section class=\"elementor-section elementor-top-section elementor-element elementor-element-c63e6fa elementor-section-boxed elementor-section-height-default elementor-section-height-default\" data-id=\"c63e6fa\" data-element_type=\"section\" data-e-type=\"section\">\n\t\t\t\t\t\t<div class=\"elementor-container elementor-column-gap-default\">\n\t\t\t\t\t<div class=\"elementor-column elementor-col-100 elementor-top-column elementor-element elementor-element-f8b9d92\" data-id=\"f8b9d92\" data-element_type=\"column\" data-e-type=\"column\">\n\t\t\t<div class=\"elementor-widget-wrap elementor-element-populated\">\n\t\t\t\t\t\t<div class=\"elementor-element elementor-element-18b4344 elementor-widget elementor-widget-heading\" data-id=\"18b4344\" data-element_type=\"widget\" data-e-type=\"widget\" data-widget_type=\"heading.default\">\n\t\t\t\t<div class=\"elementor-widget-container\">\n\t\t\t\t\t<h2 class=\"elementor-heading-title elementor-size-default\">Consideracions pr\u00e8vies a la instal\u00b7laci\u00f3 d'un ascensor  <\/h2>\t\t\t\t<\/div>\n\t\t\t\t<\/div>\n\t\t\t\t<div class=\"elementor-element elementor-element-8177796 elementor-widget elementor-widget-text-editor\" data-id=\"8177796\" data-element_type=\"widget\" data-e-type=\"widget\" data-widget_type=\"text-editor.default\">\n\t\t\t\t<div class=\"elementor-widget-container\">\n\t\t\t\t\t\t\t\t\t<p>Per comen\u00e7ar, volem centrar-nos en les consideracions pr\u00e8vies que cal tenir en compte per a la instal\u00b7laci\u00f3 d\u2019un <a href=\"https:\/\/www.aszende.com\/ca\/blog\/ascensor-casa\/\">ascensor a casa<\/a>, un <a href=\"https:\/\/www.aszende.com\/ca\/blog\/ascensor-exterior\/\">ascensor exterior<\/a> o en qualsevol edificaci\u00f3. Les m\u00e9s importants s\u00f3n les seg\u00fcents: <\/p>\n<ul>\n<li><strong>Necessitats<\/strong> : abans d&#8217;iniciar qualsevol projecte d&#8217;instal\u00b7laci\u00f3 d&#8217;ascensors, \u00e9s clau avaluar quines s\u00f3n les <strong>necessitats espec\u00edfiques de l&#8217;edificaci\u00f3 i dels ocupants<\/strong> . S&#8217;han de considerar aspectes com quantes persones utilitzaran l&#8217;ascensor di\u00e0riament, quina capacitat hauria de tenir per satisfer aquesta demanda, entre altres coses. A m\u00e9s, \u00e9s important avaluar si hi ha requisits especials daccessibilitat per a persones amb mobilitat redu\u00efda.  <\/li>\n<li><strong>Pressupost<\/strong> : \u00e9s crucial establir un pressupost clar. S&#8217;hi ha d&#8217;incloure no nom\u00e9s el cost inicial de la instal\u00b7laci\u00f3, sin\u00f3 tamb\u00e9 el cost de manteniment a llarg termini.  <\/li>\n<li><strong>Espai disponible<\/strong> : un altre dels aspectes que tindr\u00e0 impacte en el disseny i en la configuraci\u00f3 de l&#8217;ascensor \u00e9s la disposici\u00f3 de l&#8217;espai a l&#8217;edificaci\u00f3, com, per exemple, que compti o no amb <a href=\"https:\/\/www.aszende.com\/ca\/blog\/instal%c2%b7lar-ascensor-sense-buit-escala\/\">buit a l&#8217;escala<\/a> . Tamb\u00e9 el tipus d&#8217;edificaci\u00f3 o el <a href=\"https:\/\/www.aszende.com\/ca\/blog\/instal%c2%b7ladors-dascensors-consells-segons-el-lloc-dinstal%c2%b7lacio\/\">lloc d&#8217;instal\u00b7laci\u00f3 de l&#8217;ascensor<\/a> . Alguns factors per considerar <strong>seran la ubicaci\u00f3 \u00f2ptima de l&#8217;ascensor<\/strong> , aix\u00ed com tamb\u00e9 els requisits d&#8217;espai vinculats a les estructures de suport i la maquin\u00e0ria requerida, com per exemple, \u00e9s el cas d&#8217;un <a href=\"https:\/\/www.aszende.com\/ca\/blog\/ascensor-fossat-reduit\/\">ascensor amb fossat redu\u00eft<\/a> . En aquest sentit, des d&#8217;Aszende, hem considerat imprescindible dotar els nostres equips de tecnologia que permet maximitzar la mida de la cabina, reduint l&#8217;espai lliure del buit, i aix\u00ed aprofitar al m\u00e0xim l&#8217;espai.   <\/li>\n<li><strong>Normatives<\/strong> : a l&#8217;hora de procedir a la instal\u00b7laci\u00f3 d&#8217;ascensors, cal complir amb les normatives tant nacionals com locals que busquen <strong>garantir la seguretat dels projectes<\/strong> . A Espanya cal considerar el Codi T\u00e8cnic de l&#8217;Edificaci\u00f3 i les normes espec\u00edfiques vinculades a ascensors, les quals han de ser respectades durant tot el proc\u00e9s i tamb\u00e9 en el manteniment. A m\u00e9s, \u00e9s aconsellable informar-se sobre les <a href=\"https:\/\/www.aszende.com\/ca\/blog\/quins-ajuts-existeixen-per-instal%c2%b7lar-un-ascensor\/\">ajudes que hi ha per a la seva instal\u00b7laci\u00f3.<\/a>  <\/li>\n<li><strong>Selecci\u00f3 de prove\u00efdor<\/strong> : per concloure, \u00e9s indispensable triar acuradament l&#8217;empresa que dur\u00e0 a terme la <strong>instal\u00b7laci\u00f3 i manteniment d&#8217;ascensors<\/strong> . Es recomana cercar prove\u00efdors que tinguin una \u00e0mplia experi\u00e8ncia i una reputaci\u00f3 s\u00f2lida en relaci\u00f3 amb els seus projectes previs. Que especifiqui temps i terminis, \u00e9s a dir, <a href=\"https:\/\/www.aszende.com\/ca\/blog\/quant-triga-instalar-ascensor\/\">quant trigaran a instal\u00b7lar un ascensor<\/a> . Tamb\u00e9 \u00e9s crucial indagar al servei postvenda per tenir la seguretat de comptar amb l&#8217;acompanyament necessari a llarg termini.   <\/li>\n<li><strong>Preu<\/strong> : el preu d&#8217;instal\u00b7laci\u00f3 d&#8217;un ascensor dep\u00e8n de diversos factors com l&#8217;al\u00e7ada o el motor. Per exemple, no ser\u00e0 el mateix <a href=\"https:\/\/www.aszende.com\/ca\/blog\/preu-instalar-ascensor-3-4-plantes\/\">preu instal\u00b7lar un ascensor de tres o de quatre plantes<\/a> . <\/li>\n<\/ul>\n\t\t\t\t\t\t\t\t<\/div>\n\t\t\t\t<\/div>\n\t\t\t\t\t<\/div>\n\t\t<\/div>\n\t\t\t\t\t<\/div>\n\t\t<\/section>\n\t\t\t\t<section class=\"elementor-section elementor-top-section elementor-element elementor-element-c28fdf0 elementor-section-boxed elementor-section-height-default elementor-section-height-default\" data-id=\"c28fdf0\" data-element_type=\"section\" data-e-type=\"section\">\n\t\t\t\t\t\t<div class=\"elementor-container elementor-column-gap-default\">\n\t\t\t\t\t<div class=\"elementor-column elementor-col-100 elementor-top-column elementor-element elementor-element-171f5ef\" data-id=\"171f5ef\" data-element_type=\"column\" data-e-type=\"column\">\n\t\t\t<div class=\"elementor-widget-wrap elementor-element-populated\">\n\t\t\t\t\t\t<div class=\"elementor-element elementor-element-bee984d elementor-widget elementor-widget-heading\" data-id=\"bee984d\" data-element_type=\"widget\" data-e-type=\"widget\" data-widget_type=\"heading.default\">\n\t\t\t\t<div class=\"elementor-widget-container\">\n\t\t\t\t\t<h2 class=\"elementor-heading-title elementor-size-default\">Criteris de sostenibilitat i efici\u00e8ncia energ\u00e8tica: com influeixen en lelecci\u00f3 dun ascensor<\/h2>\t\t\t\t<\/div>\n\t\t\t\t<\/div>\n\t\t\t\t<div class=\"elementor-element elementor-element-b83d585 elementor-widget elementor-widget-text-editor\" data-id=\"b83d585\" data-element_type=\"widget\" data-e-type=\"widget\" data-widget_type=\"text-editor.default\">\n\t\t\t\t<div class=\"elementor-widget-container\">\n\t\t\t\t\t\t\t\t\t<p>Ens trobem en un moment hist\u00f2ric en qu\u00e8 la sostenibilitat i l\u2019efici\u00e8ncia energ\u00e8tica s\u00f3n prioritats a escala mundial. No hi ha dubte que \u00e9s un aspecte a tenir en compte en diversos projectes, inclosa la instal\u00b7laci\u00f3 d\u2019ascensors. En pa\u00efsos com Espanya, la <strong>consci\u00e8ncia ambiental <\/strong> ha augmentat substancialment, fet que ha generat una major demanda de solucions capaces d\u2019optimitzar el consum energ\u00e8tic i reduir l\u2019impacte ambiental.  <\/p>\n<p>Com influeix aix\u00f2 en la instal\u00b7laci\u00f3 d&#8217;ascensors? De la seg\u00fcent manera: <\/p>\n\t\t\t\t\t\t\t\t<\/div>\n\t\t\t\t<\/div>\n\t\t\t\t\t<\/div>\n\t\t<\/div>\n\t\t\t\t\t<\/div>\n\t\t<\/section>\n\t\t\t\t<section class=\"elementor-section elementor-top-section elementor-element elementor-element-243be21 elementor-section-boxed elementor-section-height-default elementor-section-height-default\" data-id=\"243be21\" data-element_type=\"section\" data-e-type=\"section\">\n\t\t\t\t\t\t<div class=\"elementor-container elementor-column-gap-default\">\n\t\t\t\t\t<div class=\"elementor-column elementor-col-66 elementor-top-column elementor-element elementor-element-4dc9ea5\" data-id=\"4dc9ea5\" data-element_type=\"column\" data-e-type=\"column\">\n\t\t\t<div class=\"elementor-widget-wrap elementor-element-populated\">\n\t\t\t\t\t\t<div class=\"elementor-element elementor-element-524f3c5 elementor-widget-tablet__width-initial elementor-widget elementor-widget-heading\" data-id=\"524f3c5\" data-element_type=\"widget\" data-e-type=\"widget\" data-widget_type=\"heading.default\">\n\t\t\t\t<div class=\"elementor-widget-container\">\n\t\t\t\t\t<h3 class=\"elementor-heading-title elementor-size-default\">A la selecci\u00f3 de productes sostenibles i eficients<\/h3>\t\t\t\t<\/div>\n\t\t\t\t<\/div>\n\t\t\t\t<div class=\"elementor-element elementor-element-36a72d3 elementor-widget elementor-widget-text-editor\" data-id=\"36a72d3\" data-element_type=\"widget\" data-e-type=\"widget\" data-widget_type=\"text-editor.default\">\n\t\t\t\t<div class=\"elementor-widget-container\">\n\t\t\t\t\t\t\t\t\t<p> A l\u2019hora de triar un <a href=\"https:\/\/www.aszende.com\/ca\/blog\/ascensors-eficients\/\"> ascensor eficient,<\/a> es recomana optar per <strong>dispositius que incorporin tecnologies i materials sostenibles<\/strong>. Aix\u00f2 inclou sistemes de tracci\u00f3 que redueixin el consum energ\u00e8tic i la implementaci\u00f3 de dissenys que minimitzin el malbaratament de recursos tant durant la construcci\u00f3 com durant la instal\u00b7laci\u00f3, entre altres. <\/p>\n<p>Els ascensors d&#8217;\u00faltima generaci\u00f3 incorporen caracter\u00edstiques innovadores en aquest sentit, com ara noves formes d&#8217; <strong>il\u00b7luminaci\u00f3 i climatitzaci\u00f3<\/strong> , sistemes de regeneraci\u00f3 d&#8217;energia que aprofiten la frenada per alimentar altres components i tecnologies de control intel\u00b7ligent.<\/p>\n\t\t\t\t\t\t\t\t<\/div>\n\t\t\t\t<\/div>\n\t\t\t\t\t<\/div>\n\t\t<\/div>\n\t\t\t\t<div class=\"elementor-column elementor-col-33 elementor-top-column elementor-element elementor-element-5ce4435\" data-id=\"5ce4435\" data-element_type=\"column\" data-e-type=\"column\">\n\t\t\t<div class=\"elementor-widget-wrap elementor-element-populated\">\n\t\t\t\t\t\t<div class=\"elementor-element elementor-element-ce4aee0 elementor-widget elementor-widget-image\" data-id=\"ce4aee0\" data-element_type=\"widget\" data-e-type=\"widget\" data-widget_type=\"image.default\">\n\t\t\t\t<div class=\"elementor-widget-container\">\n\t\t\t\t\t\t\t\t\t\t\t\t\t\t\t<img decoding=\"async\" width=\"911\" height=\"772\" src=\"https:\/\/www.aszende.com\/wp-content\/uploads\/2024\/04\/instalacion-mantenimiento-ascensores-4.jpg\" class=\"attachment-large size-large wp-image-22331\" alt=\"instalacion-mantenimiento-ascensores\" srcset=\"https:\/\/www.aszende.com\/wp-content\/uploads\/2024\/04\/instalacion-mantenimiento-ascensores-4.jpg 911w, https:\/\/www.aszende.com\/wp-content\/uploads\/2024\/04\/instalacion-mantenimiento-ascensores-4-300x254.jpg 300w, https:\/\/www.aszende.com\/wp-content\/uploads\/2024\/04\/instalacion-mantenimiento-ascensores-4-768x651.jpg 768w, https:\/\/www.aszende.com\/wp-content\/uploads\/2024\/04\/instalacion-mantenimiento-ascensores-4-600x508.jpg 600w\" sizes=\"(max-width: 911px) 100vw, 911px\" \/>\t\t\t\t\t\t\t\t\t\t\t\t\t\t\t<\/div>\n\t\t\t\t<\/div>\n\t\t\t\t\t<\/div>\n\t\t<\/div>\n\t\t\t\t\t<\/div>\n\t\t<\/section>\n\t\t\t\t<section class=\"elementor-section elementor-top-section elementor-element elementor-element-3fe29e5 elementor-section-boxed elementor-section-height-default elementor-section-height-default\" data-id=\"3fe29e5\" data-element_type=\"section\" data-e-type=\"section\">\n\t\t\t\t\t\t<div class=\"elementor-container elementor-column-gap-default\">\n\t\t\t\t\t<div class=\"elementor-column elementor-col-100 elementor-top-column elementor-element elementor-element-0cf7375\" data-id=\"0cf7375\" data-element_type=\"column\" data-e-type=\"column\">\n\t\t\t<div class=\"elementor-widget-wrap elementor-element-populated\">\n\t\t\t\t\t\t<div class=\"elementor-element elementor-element-9495bc3 elementor-widget elementor-widget-heading\" data-id=\"9495bc3\" data-element_type=\"widget\" data-e-type=\"widget\" data-widget_type=\"heading.default\">\n\t\t\t\t<div class=\"elementor-widget-container\">\n\t\t\t\t\t<h3 class=\"elementor-heading-title elementor-size-default\">En el proc\u00e9s d'instal\u00b7laci\u00f3<\/h3>\t\t\t\t<\/div>\n\t\t\t\t<\/div>\n\t\t\t\t<div class=\"elementor-element elementor-element-800527e elementor-widget elementor-widget-text-editor\" data-id=\"800527e\" data-element_type=\"widget\" data-e-type=\"widget\" data-widget_type=\"text-editor.default\">\n\t\t\t\t<div class=\"elementor-widget-container\">\n\t\t\t\t\t\t\t\t\t<p style=\"text-align: left;\">Una altra de les maneres d&#8217;apostar a la sostenibilitat \u00e9s durant el mateix proc\u00e9s d&#8217;instal\u00b7laci\u00f3 de l&#8217;ascensor. Cada cop s\u00f3n m\u00e9s les empreses que aposten per <strong>pr\u00e0ctiques capaces de reduir l&#8217;impacte ambiental<\/strong> . Aqu\u00ed es poden incloure claus com la planificaci\u00f3 acurada de les rutes de transport per tal de controlar les emissions de carboni o tamb\u00e9 la reutilitzaci\u00f3 de materials sobrants.  <\/p>\n<p style=\"text-align: left;\">Tamb\u00e9 \u00e9s important prestar atenci\u00f3 a la instal\u00b7laci\u00f3 de <strong>dispositius d&#8217;estalvi d&#8217;aigua i energia<\/strong> a les instal\u00b7lacions auxiliars, com ara les sales de m\u00e0quines.  <\/p>\n\t\t\t\t\t\t\t\t<\/div>\n\t\t\t\t<\/div>\n\t\t\t\t<div class=\"elementor-element elementor-element-0d5b38e elementor-widget elementor-widget-heading\" data-id=\"0d5b38e\" data-element_type=\"widget\" data-e-type=\"widget\" data-widget_type=\"heading.default\">\n\t\t\t\t<div class=\"elementor-widget-container\">\n\t\t\t\t\t<h3 class=\"elementor-heading-title elementor-size-default\">Consideracions per promoure la sostenibilitat en aquest \u00e0mbit<\/h3>\t\t\t\t<\/div>\n\t\t\t\t<\/div>\n\t\t\t\t<div class=\"elementor-element elementor-element-d1331d1 elementor-widget elementor-widget-text-editor\" data-id=\"d1331d1\" data-element_type=\"widget\" data-e-type=\"widget\" data-widget_type=\"text-editor.default\">\n\t\t\t\t<div class=\"elementor-widget-container\">\n\t\t\t\t\t\t\t\t\t<p>A m\u00e9s dels aspectes esmentats anteriorment, les l\u00ednies de treball que han de tenir presents actualment les empreses d\u2019instal\u00b7laci\u00f3 d\u2019ascensors s\u00f3n les seg\u00fcents:<\/p>\n<ol>\n<li>Reduir la contaminaci\u00f3 mitjan\u00e7ant <strong><a href=\"https:\/\/www.aszende.com\/ca\/blog\/per-que-modernitzar-el-teu-ascensor\/\">modernitzaci\u00f3 dels ascensors<\/a><\/strong> i la seva tecnologia, apel\u00b7lant a sistemes d&#8217;il\u00b7luminaci\u00f3 LED, control intel\u00b7ligent de la il\u00b7luminaci\u00f3, <a href=\"https:\/\/www.aszende.com\/ca\/blog\/sistema-arm\/\">sistema ARM<\/a> , entre d&#8217;altres.<\/li>\n<li>Promoure l&#8217; <strong>economia circular<\/strong> , que consisteix a reduir, reutilitzar i reciclar.<\/li>\n<li>Usar <strong>recursos sostenibles<\/strong> triant sistemes de reciclatge, llums eficients i iniciatives de reducci\u00f3 de residus.<\/li>\n<\/ol>\n\t\t\t\t\t\t\t\t<\/div>\n\t\t\t\t<\/div>\n\t\t\t\t\t<\/div>\n\t\t<\/div>\n\t\t\t\t\t<\/div>\n\t\t<\/section>\n\t\t\t\t<section class=\"elementor-section elementor-top-section elementor-element elementor-element-d4ffc77 elementor-section-boxed elementor-section-height-default elementor-section-height-default\" data-id=\"d4ffc77\" data-element_type=\"section\" data-e-type=\"section\">\n\t\t\t\t\t\t<div class=\"elementor-container elementor-column-gap-default\">\n\t\t\t\t\t<div class=\"elementor-column elementor-col-100 elementor-top-column elementor-element elementor-element-db6af6b\" data-id=\"db6af6b\" data-element_type=\"column\" data-e-type=\"column\">\n\t\t\t<div class=\"elementor-widget-wrap elementor-element-populated\">\n\t\t\t\t\t\t<div class=\"elementor-element elementor-element-c368427 elementor-widget elementor-widget-heading\" data-id=\"c368427\" data-element_type=\"widget\" data-e-type=\"widget\" data-widget_type=\"heading.default\">\n\t\t\t\t<div class=\"elementor-widget-container\">\n\t\t\t\t\t<h2 class=\"elementor-heading-title elementor-size-default\">Import\u00e0ncia de l'accessibilitat a la instal\u00b7laci\u00f3 d'ascensors  <\/h2>\t\t\t\t<\/div>\n\t\t\t\t<\/div>\n\t\t\t\t<div class=\"elementor-element elementor-element-dff4369 elementor-widget elementor-widget-text-editor\" data-id=\"dff4369\" data-element_type=\"widget\" data-e-type=\"widget\" data-widget_type=\"text-editor.default\">\n\t\t\t\t<div class=\"elementor-widget-container\">\n\t\t\t\t\t\t\t\t\t<p>L&#8217; <a href=\"https:\/\/www.aszende.com\/ca\/blog\/accessibilitat-ascensors\/\">accessibilitat en ascensors<\/a> \u00e9s un aspecte clau en el disseny, fabricaci\u00f3 i instal\u00b7laci\u00f3 d&#8217;ascensors. Aquesta que garanteix que totes les persones puguin utilitzar els dispositius de mobilitat vertical independentment de les seves capacitats f\u00edsiques de manera <strong>segura i c\u00f2moda<\/strong> . <\/p>\n<p>Quan parlem d&#8217;accessibilitat no estem fent refer\u00e8ncia nom\u00e9s al compliment normatiu, sin\u00f3 tamb\u00e9 al principi que posa el focus a l&#8217; <strong>equitat i la inclusi\u00f3<\/strong> . Avui les edificacions han de proporcionar acc\u00e9s als ascensors a totes les persones, incloses aquelles amb mobilitat redu\u00efda, amb discapacitat sensorial o amb qualsevol altra condici\u00f3 que en podria dificultar l&#8217;\u00fas, per aix\u00f2, hi ha l&#8217; <a href=\"https:\/\/www.aszende.com\/ca\/blog\/quan-es-obligatori-posar-un-ascensor\/\">obligatorietat d&#8217;instal\u00b7lar un ascensor<\/a> en certs casos. Per exemple, si hi ha gent gran a l&#8217;edifici, \u00e9s <a href=\"https:\/\/www.aszende.com\/ca\/blog\/obligacio-installar-ascensor-edificis-antics\/\">obligatori instal\u00b7lar un ascensor a edificis antics<\/a>  <\/p>\n\t\t\t\t\t\t\t\t<\/div>\n\t\t\t\t<\/div>\n\t\t\t\t\t<\/div>\n\t\t<\/div>\n\t\t\t\t\t<\/div>\n\t\t<\/section>\n\t\t\t\t<section class=\"elementor-section elementor-top-section elementor-element elementor-element-092305c elementor-section-boxed elementor-section-height-default elementor-section-height-default\" data-id=\"092305c\" data-element_type=\"section\" data-e-type=\"section\">\n\t\t\t\t\t\t<div class=\"elementor-container elementor-column-gap-default\">\n\t\t\t\t\t<div class=\"elementor-column elementor-col-100 elementor-top-column elementor-element elementor-element-e2e4f16\" data-id=\"e2e4f16\" data-element_type=\"column\" data-e-type=\"column\">\n\t\t\t<div class=\"elementor-widget-wrap elementor-element-populated\">\n\t\t\t\t\t\t<div class=\"elementor-element elementor-element-00190a0 elementor-widget elementor-widget-heading\" data-id=\"00190a0\" data-element_type=\"widget\" data-e-type=\"widget\" data-widget_type=\"heading.default\">\n\t\t\t\t<div class=\"elementor-widget-container\">\n\t\t\t\t\t<h2 class=\"elementor-heading-title elementor-size-default\">Mesures m\u00ednimes establertes per als ascensors<\/h2>\t\t\t\t<\/div>\n\t\t\t\t<\/div>\n\t\t\t\t\t<\/div>\n\t\t<\/div>\n\t\t\t\t\t<\/div>\n\t\t<\/section>\n\t\t\t\t<section class=\"elementor-section elementor-top-section elementor-element elementor-element-418fcbb elementor-section-boxed elementor-section-height-default elementor-section-height-default\" data-id=\"418fcbb\" data-element_type=\"section\" data-e-type=\"section\">\n\t\t\t\t\t\t<div class=\"elementor-container elementor-column-gap-default\">\n\t\t\t\t\t<div class=\"elementor-column elementor-col-100 elementor-top-column elementor-element elementor-element-3e52379\" data-id=\"3e52379\" data-element_type=\"column\" data-e-type=\"column\">\n\t\t\t<div class=\"elementor-widget-wrap elementor-element-populated\">\n\t\t\t\t\t\t<div class=\"elementor-element elementor-element-f7b273a elementor-widget elementor-widget-heading\" data-id=\"f7b273a\" data-element_type=\"widget\" data-e-type=\"widget\" data-widget_type=\"heading.default\">\n\t\t\t\t<div class=\"elementor-widget-container\">\n\t\t\t\t\t<h3 class=\"elementor-heading-title elementor-size-default\">Per a cabines d'ascensors a edificis ja existents<\/h3>\t\t\t\t<\/div>\n\t\t\t\t<\/div>\n\t\t\t\t\t<\/div>\n\t\t<\/div>\n\t\t\t\t\t<\/div>\n\t\t<\/section>\n\t\t\t\t<section class=\"elementor-section elementor-top-section elementor-element elementor-element-4c56648 elementor-section-boxed elementor-section-height-default elementor-section-height-default\" data-id=\"4c56648\" data-element_type=\"section\" data-e-type=\"section\">\n\t\t\t\t\t\t<div class=\"elementor-container elementor-column-gap-default\">\n\t\t\t\t\t<div class=\"elementor-column elementor-col-100 elementor-top-column elementor-element elementor-element-ba60219\" data-id=\"ba60219\" data-element_type=\"column\" data-e-type=\"column\">\n\t\t\t<div class=\"elementor-widget-wrap elementor-element-populated\">\n\t\t\t\t\t\t<div class=\"elementor-element elementor-element-80977db elementor-widget elementor-widget-text-editor\" data-id=\"80977db\" data-element_type=\"widget\" data-e-type=\"widget\" data-widget_type=\"text-editor.default\">\n\t\t\t\t<div class=\"elementor-widget-container\">\n\t\t\t\t\t\t\t\t\t<p>Si es tracta de la instal\u00b7laci\u00f3 d&#8217;un ascensor accessible en un edifici ja existent, \u00e9s important col\u00b7locar una cabina, sempre que es pugui, de <strong>1.000 x 1.300 mm<\/strong> i amb una <strong>capacitat de 450 kg.<\/strong> \u00c9s crucial, a m\u00e9s, que tingui portes d&#8217;obertura autom\u00e0tica amb almenys <strong>800 mm<\/strong> perqu\u00e8 pugui viatjar una persona amb cadira de rodes.<\/p>\n\t\t\t\t\t\t\t\t<\/div>\n\t\t\t\t<\/div>\n\t\t\t\t\t<\/div>\n\t\t<\/div>\n\t\t\t\t\t<\/div>\n\t\t<\/section>\n\t\t\t\t<section class=\"elementor-section elementor-top-section elementor-element elementor-element-cf3ae18 elementor-section-boxed elementor-section-height-default elementor-section-height-default\" data-id=\"cf3ae18\" data-element_type=\"section\" data-e-type=\"section\">\n\t\t\t\t\t\t<div class=\"elementor-container elementor-column-gap-default\">\n\t\t\t\t\t<div class=\"elementor-column elementor-col-100 elementor-top-column elementor-element elementor-element-2c936c4\" data-id=\"2c936c4\" data-element_type=\"column\" data-e-type=\"column\">\n\t\t\t<div class=\"elementor-widget-wrap elementor-element-populated\">\n\t\t\t\t\t\t<div class=\"elementor-element elementor-element-e3bd5e0 elementor-widget elementor-widget-heading\" data-id=\"e3bd5e0\" data-element_type=\"widget\" data-e-type=\"widget\" data-widget_type=\"heading.default\">\n\t\t\t\t<div class=\"elementor-widget-container\">\n\t\t\t\t\t<h3 class=\"elementor-heading-title elementor-size-default\">Per a cabines d'ascensors ubicats a edificis de nova construcci\u00f3<\/h3>\t\t\t\t<\/div>\n\t\t\t\t<\/div>\n\t\t\t\t<div class=\"elementor-element elementor-element-2cca400 elementor-widget elementor-widget-text-editor\" data-id=\"2cca400\" data-element_type=\"widget\" data-e-type=\"widget\" data-widget_type=\"text-editor.default\">\n\t\t\t\t<div class=\"elementor-widget-container\">\n\t\t\t\t\t\t\t\t\t<p>Si l&#8217;edificaci\u00f3 \u00e9s de nova construcci\u00f3, les dimensions m\u00ednimes establertes per a la cabina de l&#8217;ascensor s\u00f3n les mateixes, de <strong>1.100 x 1.400 mm<\/strong> . La capacitat recomanada \u00e9s de <strong>630 kg.<\/strong> , alhora que l&#8217;amplada recomanada de les portes autom\u00e0tiques \u00e9s d&#8217;almenys <strong>900 mm.<\/strong> Aix\u00f2 t\u00e9 a veure que s\u00f3n cabines que permeten viatjar a una persona usu\u00e0ria de cadira de rodes en companyia d&#8217;una altra.   <\/p>\n\t\t\t\t\t\t\t\t<\/div>\n\t\t\t\t<\/div>\n\t\t\t\t<div class=\"elementor-element elementor-element-8ff9862 elementor-widget elementor-widget-heading\" data-id=\"8ff9862\" data-element_type=\"widget\" data-e-type=\"widget\" data-widget_type=\"heading.default\">\n\t\t\t\t<div class=\"elementor-widget-container\">\n\t\t\t\t\t<h3 class=\"elementor-heading-title elementor-size-default\">Per a cabines d'ascensors ubicats a zones p\u00fabliques<\/h3>\t\t\t\t<\/div>\n\t\t\t\t<\/div>\n\t\t\t\t<div class=\"elementor-element elementor-element-9ba94cd elementor-widget elementor-widget-text-editor\" data-id=\"9ba94cd\" data-element_type=\"widget\" data-e-type=\"widget\" data-widget_type=\"text-editor.default\">\n\t\t\t\t<div class=\"elementor-widget-container\">\n\t\t\t\t\t\t\t\t\t<p>Si el que es vol \u00e9s instal\u00b7lar un ascensor en un edifici p\u00fablic, les mides recomanades s\u00f3n de <strong>1.100 x 2.100 mm<\/strong> . La capacitat ha de ser de fins a <strong>1.000 kg<\/strong> . Pel que fa a l&#8217;obertura m\u00ednima de les portes, aquesta ser\u00e0 de <strong>900 mm<\/strong> , igual que en el cas anterior. \u00c9s una alternativa que optimitza l&#8217;\u00fas d&#8217;ascensors, que permet viatjar tant a una persona amb cadira de rodes com a un o m\u00e9s passatgers.   <\/p>\n\t\t\t\t\t\t\t\t<\/div>\n\t\t\t\t<\/div>\n\t\t\t\t<div class=\"elementor-element elementor-element-e148d8a elementor-widget elementor-widget-heading\" data-id=\"e148d8a\" data-element_type=\"widget\" data-e-type=\"widget\" data-widget_type=\"heading.default\">\n\t\t\t\t<div class=\"elementor-widget-container\">\n\t\t\t\t\t<h2 class=\"elementor-heading-title elementor-size-default\">Aspectes a tenir en compte en la instal\u00b7laci\u00f3 d\u2019ascensors<\/h2>\t\t\t\t<\/div>\n\t\t\t\t<\/div>\n\t\t\t\t\t<\/div>\n\t\t<\/div>\n\t\t\t\t\t<\/div>\n\t\t<\/section>\n\t\t\t\t<section class=\"elementor-section elementor-top-section elementor-element elementor-element-2197b50 elementor-section-boxed elementor-section-height-default elementor-section-height-default\" data-id=\"2197b50\" data-element_type=\"section\" data-e-type=\"section\">\n\t\t\t\t\t\t<div class=\"elementor-container elementor-column-gap-default\">\n\t\t\t\t\t<div class=\"elementor-column elementor-col-100 elementor-top-column elementor-element elementor-element-a33d24e\" data-id=\"a33d24e\" data-element_type=\"column\" data-e-type=\"column\">\n\t\t\t<div class=\"elementor-widget-wrap\">\n\t\t\t\t\t\t\t<\/div>\n\t\t<\/div>\n\t\t\t\t\t<\/div>\n\t\t<\/section>\n\t\t\t\t<section class=\"elementor-section elementor-top-section elementor-element elementor-element-62f396a elementor-section-boxed elementor-section-height-default elementor-section-height-default\" data-id=\"62f396a\" data-element_type=\"section\" data-e-type=\"section\">\n\t\t\t\t\t\t<div class=\"elementor-container elementor-column-gap-default\">\n\t\t\t\t\t<div class=\"elementor-column elementor-col-100 elementor-top-column elementor-element elementor-element-b3f928a\" data-id=\"b3f928a\" data-element_type=\"column\" data-e-type=\"column\">\n\t\t\t<div class=\"elementor-widget-wrap\">\n\t\t\t\t\t\t\t<\/div>\n\t\t<\/div>\n\t\t\t\t\t<\/div>\n\t\t<\/section>\n\t\t\t\t<section class=\"elementor-section elementor-top-section elementor-element elementor-element-18532d4 elementor-section-boxed elementor-section-height-default elementor-section-height-default\" data-id=\"18532d4\" data-element_type=\"section\" data-e-type=\"section\">\n\t\t\t\t\t\t<div class=\"elementor-container elementor-column-gap-default\">\n\t\t\t\t\t<div class=\"elementor-column elementor-col-50 elementor-top-column elementor-element elementor-element-f495fdd\" data-id=\"f495fdd\" data-element_type=\"column\" data-e-type=\"column\">\n\t\t\t<div class=\"elementor-widget-wrap elementor-element-populated\">\n\t\t\t\t\t\t<div class=\"elementor-element elementor-element-82782bf elementor-widget elementor-widget-image\" data-id=\"82782bf\" data-element_type=\"widget\" data-e-type=\"widget\" data-widget_type=\"image.default\">\n\t\t\t\t<div class=\"elementor-widget-container\">\n\t\t\t\t\t\t\t\t\t\t\t\t\t\t\t<img decoding=\"async\" width=\"911\" height=\"772\" src=\"https:\/\/www.aszende.com\/wp-content\/uploads\/2024\/04\/instalacion-mantenimiento-ascensores-2.jpg\" class=\"attachment-large size-large wp-image-22325\" alt=\"instalacion-mantenimiento-ascensores\" srcset=\"https:\/\/www.aszende.com\/wp-content\/uploads\/2024\/04\/instalacion-mantenimiento-ascensores-2.jpg 911w, https:\/\/www.aszende.com\/wp-content\/uploads\/2024\/04\/instalacion-mantenimiento-ascensores-2-300x254.jpg 300w, https:\/\/www.aszende.com\/wp-content\/uploads\/2024\/04\/instalacion-mantenimiento-ascensores-2-768x651.jpg 768w, https:\/\/www.aszende.com\/wp-content\/uploads\/2024\/04\/instalacion-mantenimiento-ascensores-2-600x508.jpg 600w\" sizes=\"(max-width: 911px) 100vw, 911px\" \/>\t\t\t\t\t\t\t\t\t\t\t\t\t\t\t<\/div>\n\t\t\t\t<\/div>\n\t\t\t\t\t<\/div>\n\t\t<\/div>\n\t\t\t\t<div class=\"elementor-column elementor-col-50 elementor-top-column elementor-element elementor-element-0bc82fc\" data-id=\"0bc82fc\" data-element_type=\"column\" data-e-type=\"column\">\n\t\t\t<div class=\"elementor-widget-wrap elementor-element-populated\">\n\t\t\t\t\t\t<div class=\"elementor-element elementor-element-c1f31b3 elementor-widget elementor-widget-heading\" data-id=\"c1f31b3\" data-element_type=\"widget\" data-e-type=\"widget\" data-widget_type=\"heading.default\">\n\t\t\t\t<div class=\"elementor-widget-container\">\n\t\t\t\t\t<h3 class=\"elementor-heading-title elementor-size-default\">Import\u00e0ncia de les inspeccions peri\u00f2diques<\/h3>\t\t\t\t<\/div>\n\t\t\t\t<\/div>\n\t\t\t\t<div class=\"elementor-element elementor-element-524b701 elementor-widget elementor-widget-text-editor\" data-id=\"524b701\" data-element_type=\"widget\" data-e-type=\"widget\" data-widget_type=\"text-editor.default\">\n\t\t\t\t<div class=\"elementor-widget-container\">\n\t\t\t\t\t\t\t\t\t<p>De la m\u00e0 de l&#8217;anterior, les inspeccions peri\u00f2diques, dutes a terme per <strong>t\u00e8cnics especialitzats<\/strong> , s\u00f3n clau per verificar el compliment dels est\u00e0ndards de funcionament i seguretat dels dispositius. D&#8217;acord amb les normatives locals o nacionals, aquestes <a href=\"https:\/\/www.aszende.com\/ca\/blog\/inspeccio-obligatoria-ascensor-terminis-requisits\/\">inspeccions poden ser obligat\u00f2ries<\/a> . L&#8217;objectiu \u00e9s identificar amb anticipaci\u00f3 possibles defici\u00e8ncies o incompliments que puguin comprometre els usuaris d&#8217;ascensors.  <\/p>\n<p>\u00c9s important ressaltar que el <strong>t\u00e8cnic de manteniment no tingui una c\u00e0rrega de treball excessiva<\/strong> , ja que generalment se&#8217;ls assignen zones amb m\u00e9s de 120 aparells per mantenir al mes. En el nostre cas, com a empresa, els nostres t\u00e8cnics no tenen un alt volum d&#8217;instal\u00b7lacions per mantenir. Amb una mitjana de 120 al mes, estem per sota de la mitjana del sector.  <\/p>\n\t\t\t\t\t\t\t\t<\/div>\n\t\t\t\t<\/div>\n\t\t\t\t\t<\/div>\n\t\t<\/div>\n\t\t\t\t\t<\/div>\n\t\t<\/section>\n\t\t\t\t<section class=\"elementor-section elementor-top-section elementor-element elementor-element-113b64c elementor-section-boxed elementor-section-height-default elementor-section-height-default\" data-id=\"113b64c\" data-element_type=\"section\" data-e-type=\"section\">\n\t\t\t\t\t\t<div class=\"elementor-container elementor-column-gap-default\">\n\t\t\t\t\t<div class=\"elementor-column elementor-col-100 elementor-top-column elementor-element elementor-element-22a8dd6\" data-id=\"22a8dd6\" data-element_type=\"column\" data-e-type=\"column\">\n\t\t\t<div class=\"elementor-widget-wrap\">\n\t\t\t\t\t\t\t<\/div>\n\t\t<\/div>\n\t\t\t\t\t<\/div>\n\t\t<\/section>\n\t\t\t\t<section class=\"elementor-section elementor-top-section elementor-element elementor-element-d0bc45a elementor-section-boxed elementor-section-height-default elementor-section-height-default\" data-id=\"d0bc45a\" data-element_type=\"section\" data-e-type=\"section\">\n\t\t\t\t\t\t<div class=\"elementor-container elementor-column-gap-default\">\n\t\t\t\t\t<div class=\"elementor-column elementor-col-33 elementor-top-column elementor-element elementor-element-7cbf27f\" data-id=\"7cbf27f\" data-element_type=\"column\" data-e-type=\"column\">\n\t\t\t<div class=\"elementor-widget-wrap\">\n\t\t\t\t\t\t\t<\/div>\n\t\t<\/div>\n\t\t\t\t<div class=\"elementor-column elementor-col-66 elementor-top-column elementor-element elementor-element-00ce521\" data-id=\"00ce521\" data-element_type=\"column\" data-e-type=\"column\">\n\t\t\t<div class=\"elementor-widget-wrap\">\n\t\t\t\t\t\t\t<\/div>\n\t\t<\/div>\n\t\t\t\t\t<\/div>\n\t\t<\/section>\n\t\t\t\t<section class=\"elementor-section elementor-top-section elementor-element elementor-element-dfd45bb elementor-section-boxed elementor-section-height-default elementor-section-height-default\" data-id=\"dfd45bb\" data-element_type=\"section\" data-e-type=\"section\">\n\t\t\t\t\t\t<div class=\"elementor-container elementor-column-gap-default\">\n\t\t\t\t\t<div class=\"elementor-column elementor-col-50 elementor-top-column elementor-element elementor-element-0a0b538\" data-id=\"0a0b538\" data-element_type=\"column\" data-e-type=\"column\">\n\t\t\t<div class=\"elementor-widget-wrap elementor-element-populated\">\n\t\t\t\t\t\t<div class=\"elementor-element elementor-element-1c3b415 elementor-widget elementor-widget-heading\" data-id=\"1c3b415\" data-element_type=\"widget\" data-e-type=\"widget\" data-widget_type=\"heading.default\">\n\t\t\t\t<div class=\"elementor-widget-container\">\n\t\t\t\t\t<h3 class=\"elementor-heading-title elementor-size-default\">Noves normatives sobre el manteniment d\u00b4ascensors (ITC d\u00b4ascensors)<\/h3>\t\t\t\t<\/div>\n\t\t\t\t<\/div>\n\t\t\t\t<div class=\"elementor-element elementor-element-f20b551 elementor-widget-tablet__width-initial elementor-widget elementor-widget-text-editor\" data-id=\"f20b551\" data-element_type=\"widget\" data-e-type=\"widget\" data-widget_type=\"text-editor.default\">\n\t\t\t\t<div class=\"elementor-widget-container\">\n\t\t\t\t\t\t\t\t\t<p>D&#8217;acord amb la <strong>Federaci\u00f3 Empresarial Espanyola d&#8217;Ascensors<\/strong> , Espanya \u00e9s el pa\u00eds al m\u00f3n amb major quantitat d&#8217;ascensors per cada 1.000 habitants. Davant d&#8217;aquest escenari, el Ministeri d&#8217;Ind\u00fastria va aprovar l&#8217;abril del 2024 la <a href=\"https:\/\/www.aszende.com\/ca\/solucions\/nova-itc-dascensors\/\">nova <strong>Instrucci\u00f3 T\u00e8cnica Complement\u00e0ria<\/strong><\/a> AEM 1 Ascensors. \u00c9s una actualitzaci\u00f3 que porta <strong>modificacions per als ascensors<\/strong> tant en habitatges particulars, <a href=\"https:\/\/www.aszende.com\/ca\/blog\/estas-planejant-installar-un-ascensor-al-teu-habitatge-unifamiliar-pero-no-saps-per-on-comencar\/\">habitatges unifamiliars<\/a> com en edificis p\u00fablics, amb l&#8217;objectiu de millorar la seguretat dels usuaris d&#8217;ascensors i actualitzar les mesures de manteniment i inspecci\u00f3.  <\/p>\n<p>A m\u00e9s de les normatives t\u00e8cniques, la <a href=\"https:\/\/www.aszende.com\/ca\/blog\/jurisprudencia-instal%c2%b7lacio-ascensors-comunitat-propietaris\/\">jurisprud\u00e8ncia sobre la instal\u00b7laci\u00f3 d&#8217;un ascensor<\/a> a una comunitat de propietaris ha de ser revisada per assegurar el compliment legal i evitar possibles litigis.<\/p>\n\t\t\t\t\t\t\t\t<\/div>\n\t\t\t\t<\/div>\n\t\t\t\t\t<\/div>\n\t\t<\/div>\n\t\t\t\t<div class=\"elementor-column elementor-col-50 elementor-top-column elementor-element elementor-element-5a299b0\" data-id=\"5a299b0\" data-element_type=\"column\" data-e-type=\"column\">\n\t\t\t<div class=\"elementor-widget-wrap elementor-element-populated\">\n\t\t\t\t\t\t<div class=\"elementor-element elementor-element-fe0ea41 elementor-widget elementor-widget-image\" data-id=\"fe0ea41\" data-element_type=\"widget\" data-e-type=\"widget\" data-widget_type=\"image.default\">\n\t\t\t\t<div class=\"elementor-widget-container\">\n\t\t\t\t\t\t\t\t\t\t\t\t\t\t\t<img loading=\"lazy\" decoding=\"async\" width=\"911\" height=\"772\" src=\"https:\/\/www.aszende.com\/wp-content\/uploads\/2024\/04\/instalacion-mantenimiento-ascensores.jpg\" class=\"attachment-large size-large wp-image-22337\" alt=\"instalacion-mantenimiento-ascensores\" srcset=\"https:\/\/www.aszende.com\/wp-content\/uploads\/2024\/04\/instalacion-mantenimiento-ascensores.jpg 911w, https:\/\/www.aszende.com\/wp-content\/uploads\/2024\/04\/instalacion-mantenimiento-ascensores-300x254.jpg 300w, https:\/\/www.aszende.com\/wp-content\/uploads\/2024\/04\/instalacion-mantenimiento-ascensores-768x651.jpg 768w, https:\/\/www.aszende.com\/wp-content\/uploads\/2024\/04\/instalacion-mantenimiento-ascensores-600x508.jpg 600w\" sizes=\"(max-width: 911px) 100vw, 911px\" \/>\t\t\t\t\t\t\t\t\t\t\t\t\t\t\t<\/div>\n\t\t\t\t<\/div>\n\t\t\t\t\t<\/div>\n\t\t<\/div>\n\t\t\t\t\t<\/div>\n\t\t<\/section>\n\t\t\t\t<section class=\"elementor-section elementor-top-section elementor-element elementor-element-04c3022 elementor-section-boxed elementor-section-height-default elementor-section-height-default\" data-id=\"04c3022\" data-element_type=\"section\" data-e-type=\"section\">\n\t\t\t\t\t\t<div class=\"elementor-container elementor-column-gap-default\">\n\t\t\t\t\t<div class=\"elementor-column elementor-col-100 elementor-top-column elementor-element elementor-element-f2a9540\" data-id=\"f2a9540\" data-element_type=\"column\" data-e-type=\"column\">\n\t\t\t<div class=\"elementor-widget-wrap elementor-element-populated\">\n\t\t\t\t\t\t<div class=\"elementor-element elementor-element-b403606 elementor-widget elementor-widget-text-editor\" data-id=\"b403606\" data-element_type=\"widget\" data-e-type=\"widget\" data-widget_type=\"text-editor.default\">\n\t\t\t\t<div class=\"elementor-widget-container\">\n\t\t\t\t\t\t\t\t\t<p>En relaci\u00f3, particularment, al manteniment d&#8217;ascensors, aquesta normativa estableix noves comprovacions m\u00ednimes que s&#8217;han de dur a terme per garantir la seguretat de les persones. Per exemple, totes les visites hauran de quedar registrades indicant data exacta i hora dinici i fi de la intervenci\u00f3. Tamb\u00e9 s&#8217;amplien les obligacions de les empreses de conservaci\u00f3, incloent-hi l&#8217;obligatorietat de comptar amb una <strong>asseguran\u00e7a de responsabilitat civil de 600.000 euros<\/strong> per sinistre. Tamb\u00e9 sestableix garantir durant un per\u00edode de dos anys la correcci\u00f3 de defici\u00e8ncies que puguin ser atribu\u00efdes a una mala execuci\u00f3 de les operacions.   <\/p>\n<p>Destaquem, a m\u00e9s, <strong>noves freq\u00fc\u00e8ncies per a les inspeccions peri\u00f2diques<\/strong> obligat\u00f2ries que s&#8217;incorporen a aquesta modificaci\u00f3 proposada. A partir del 3 d&#8217;abril en qu\u00e8 va entrar en vigor la <a href=\"https:\/\/www.aszende.com\/ca\/blog\/tot-el-que-necessites-saber-sobre-la-nova-itc-dascensors\/\">nova ITC<\/a> , les inspeccions s&#8217;hauran de tirar endavant amb els terminis m\u00ednims seg\u00fcents: <\/p>\n<p>Als ascensors instal\u00b7lats en edificis amb m\u00e9s de 20 habitatges o que serveixen a m\u00e9s de 4 plantes: cada <strong>4 anys<\/strong> .<br \/> Als ascensors instal\u00b7lats en edificis usats per a fins industrials o \u00e0mpliament concorreguts pel p\u00fablic: cada <strong>2 anys<\/strong> .<br \/> En ascensors no inclosos en aquests casos: cada <strong>6 anys<\/strong> .<\/p>\n\t\t\t\t\t\t\t\t<\/div>\n\t\t\t\t<\/div>\n\t\t\t\t\t<\/div>\n\t\t<\/div>\n\t\t\t\t\t<\/div>\n\t\t<\/section>\n\t\t\t\t<section class=\"elementor-section elementor-top-section elementor-element elementor-element-daea9e2 elementor-section-boxed elementor-section-height-default elementor-section-height-default\" data-id=\"daea9e2\" data-element_type=\"section\" data-e-type=\"section\">\n\t\t\t\t\t\t<div class=\"elementor-container elementor-column-gap-default\">\n\t\t\t\t\t<div class=\"elementor-column elementor-col-100 elementor-top-column elementor-element elementor-element-af6bc51\" data-id=\"af6bc51\" data-element_type=\"column\" data-e-type=\"column\">\n\t\t\t<div class=\"elementor-widget-wrap elementor-element-populated\">\n\t\t\t\t\t\t<div class=\"elementor-element elementor-element-e59ffbf elementor-widget elementor-widget-heading\" data-id=\"e59ffbf\" data-element_type=\"widget\" data-e-type=\"widget\" data-widget_type=\"heading.default\">\n\t\t\t\t<div class=\"elementor-widget-container\">\n\t\t\t\t\t<h2 class=\"elementor-heading-title elementor-size-default\">Innovaci\u00f3 i tecnologia d'avantguarda al sector dels ascensors<\/h2>\t\t\t\t<\/div>\n\t\t\t\t<\/div>\n\t\t\t\t\t<\/div>\n\t\t<\/div>\n\t\t\t\t\t<\/div>\n\t\t<\/section>\n\t\t\t\t<section class=\"elementor-section elementor-top-section elementor-element elementor-element-f52564b elementor-section-boxed elementor-section-height-default elementor-section-height-default\" data-id=\"f52564b\" data-element_type=\"section\" data-e-type=\"section\">\n\t\t\t\t\t\t<div class=\"elementor-container elementor-column-gap-default\">\n\t\t\t\t\t<div class=\"elementor-column elementor-col-100 elementor-top-column elementor-element elementor-element-2ef49ad\" data-id=\"2ef49ad\" data-element_type=\"column\" data-e-type=\"column\">\n\t\t\t<div class=\"elementor-widget-wrap elementor-element-populated\">\n\t\t\t\t\t\t<div class=\"elementor-element elementor-element-39de13e elementor-widget elementor-widget-text-editor\" data-id=\"39de13e\" data-element_type=\"widget\" data-e-type=\"widget\" data-widget_type=\"text-editor.default\">\n\t\t\t\t<div class=\"elementor-widget-container\">\n\t\t\t\t\t\t\t\t\t<p>En el sector de la fabricaci\u00f3 i instal\u00b7laci\u00f3 d\u2019ascensors, la <strong> innovaci\u00f3 i la incorporaci\u00f3 de tecnologia<\/strong> capdavantera juguen un paper clau per millorar la seguretat, l\u2019efici\u00e8ncia i la sostenibilitat dels dispositius de mobilitat vertical. Dos exemples destacats d\u2019aix\u00f2 s\u00f3n el <a href=\"https:\/\/www.aszende.com\/ca\/solucions\/solucions-per-a-tecnologia\/\">sistema ARM<\/a> d\u2019Aszende i els ascensors solars. <\/p>\n\t\t\t\t\t\t\t\t<\/div>\n\t\t\t\t<\/div>\n\t\t\t\t\t<\/div>\n\t\t<\/div>\n\t\t\t\t\t<\/div>\n\t\t<\/section>\n\t\t\t\t<section class=\"elementor-section elementor-top-section elementor-element elementor-element-5420f12 elementor-section-boxed elementor-section-height-default elementor-section-height-default\" data-id=\"5420f12\" data-element_type=\"section\" data-e-type=\"section\">\n\t\t\t\t\t\t<div class=\"elementor-container elementor-column-gap-default\">\n\t\t\t\t\t<div class=\"elementor-column elementor-col-100 elementor-top-column elementor-element elementor-element-b7749d3\" data-id=\"b7749d3\" data-element_type=\"column\" data-e-type=\"column\">\n\t\t\t<div class=\"elementor-widget-wrap elementor-element-populated\">\n\t\t\t\t\t\t<div class=\"elementor-element elementor-element-55c9694 elementor-widget elementor-widget-heading\" data-id=\"55c9694\" data-element_type=\"widget\" data-e-type=\"widget\" data-widget_type=\"heading.default\">\n\t\t\t\t<div class=\"elementor-widget-container\">\n\t\t\t\t\t<h3 class=\"elementor-heading-title elementor-size-default\">Sistema ARM de manteniment predictiu d'Aszende<\/h3>\t\t\t\t<\/div>\n\t\t\t\t<\/div>\n\t\t\t\t<div class=\"elementor-element elementor-element-5d50630 elementor-widget elementor-widget-text-editor\" data-id=\"5d50630\" data-element_type=\"widget\" data-e-type=\"widget\" data-widget_type=\"text-editor.default\">\n\t\t\t\t<div class=\"elementor-widget-container\">\n\t\t\t\t\t\t\t\t\t<p>El sistema de manteniment predictiu ARM d&#8217; Aszende permet obtenir dades de l&#8217; ascensor per <strong>preveure avaries i estudiar &#8211; ho a fons<\/strong> . Proporciona un coneixement detallat sense necessitat de despla\u00e7ar-se a la instal\u00b7laci\u00f3. <\/p>\n<p>Utilitza algorismes avan\u00e7ats d&#8217;an\u00e0lisi de dades per predir possibles errors als equips. Com que \u00e9s capa\u00e7 d&#8217; <strong>anticipar les necessitats de manteniment<\/strong> , l&#8217;empresa pot minimitzar els temps d&#8217;inactivitat no planificats, alhora que s&#8217;incrementa la vida \u00fatil dels actius.   <\/p>\n\t\t\t\t\t\t\t\t<\/div>\n\t\t\t\t<\/div>\n\t\t\t\t<div class=\"elementor-element elementor-element-2386c5d elementor-widget elementor-widget-heading\" data-id=\"2386c5d\" data-element_type=\"widget\" data-e-type=\"widget\" data-widget_type=\"heading.default\">\n\t\t\t\t<div class=\"elementor-widget-container\">\n\t\t\t\t\t<h3 class=\"elementor-heading-title elementor-size-default\">Ascensors solars<\/h3>\t\t\t\t<\/div>\n\t\t\t\t<\/div>\n\t\t\t\t<div class=\"elementor-element elementor-element-14979ff elementor-widget elementor-widget-text-editor\" data-id=\"14979ff\" data-element_type=\"widget\" data-e-type=\"widget\" data-widget_type=\"text-editor.default\">\n\t\t\t\t<div class=\"elementor-widget-container\">\n\t\t\t\t\t\t\t\t\t<p>D&#8217;altra banda, els <a href=\"https:\/\/www.aszende.com\/ca\/blog\/ascensors-solars-com-funcionen-son-eficients\/\">ascensors solars<\/a> utilitzen, com el seu nom ho indica, <strong>energia solar<\/strong> per tal d&#8217;alimentar els ascensors, reduint la depend\u00e8ncia que puguin tenir de les fonts d&#8217;energia convencionals i disminuint, aix\u00ed, la seva empremta ambiental. S\u00f3n alternatives que contribueixen a l&#8217; <strong>efici\u00e8ncia energ\u00e8tica ia la reducci\u00f3 de costos operatius<\/strong> . <\/p>\n<p>Aquests exemples s\u00f3n capa\u00e7os d&#8217;il\u00b7lustrar la manera com la innovaci\u00f3 i la tecnologia d&#8217;avantguarda poden i estan transformant el sector, millorant l&#8217; <strong>efici\u00e8ncia, la fiabilitat i la sostenibilitat<\/strong> dels ascensors, alhora que es garanteix l&#8217;accessibilitat de les persones.<\/p>\n\t\t\t\t\t\t\t\t<\/div>\n\t\t\t\t<\/div>\n\t\t\t\t\t<\/div>\n\t\t<\/div>\n\t\t\t\t\t<\/div>\n\t\t<\/section>\n\t\t\t\t<section class=\"elementor-section elementor-top-section elementor-element elementor-element-7e3cd0d elementor-section-boxed elementor-section-height-default elementor-section-height-default\" data-id=\"7e3cd0d\" data-element_type=\"section\" data-e-type=\"section\">\n\t\t\t\t\t\t<div class=\"elementor-container elementor-column-gap-default\">\n\t\t\t\t\t<div class=\"elementor-column elementor-col-100 elementor-top-column elementor-element elementor-element-19b2c81\" data-id=\"19b2c81\" data-element_type=\"column\" data-e-type=\"column\">\n\t\t\t<div class=\"elementor-widget-wrap elementor-element-populated\">\n\t\t\t\t\t\t<div class=\"elementor-element elementor-element-8b5b94e elementor-widget elementor-widget-heading\" data-id=\"8b5b94e\" data-element_type=\"widget\" data-e-type=\"widget\" data-widget_type=\"heading.default\">\n\t\t\t\t<div class=\"elementor-widget-container\">\n\t\t\t\t\t<h2 class=\"elementor-heading-title elementor-size-default\">Aszende, empresa clau en la instal\u00b7laci\u00f3 i manteniment d'ascensors <\/h2>\t\t\t\t<\/div>\n\t\t\t\t<\/div>\n\t\t\t\t\t<\/div>\n\t\t<\/div>\n\t\t\t\t\t<\/div>\n\t\t<\/section>\n\t\t\t\t<section class=\"elementor-section elementor-top-section elementor-element elementor-element-77e12b1 elementor-section-boxed elementor-section-height-default elementor-section-height-default\" data-id=\"77e12b1\" data-element_type=\"section\" data-e-type=\"section\">\n\t\t\t\t\t\t<div class=\"elementor-container elementor-column-gap-default\">\n\t\t\t\t\t<div class=\"elementor-column elementor-col-100 elementor-top-column elementor-element elementor-element-9b43a37\" data-id=\"9b43a37\" data-element_type=\"column\" data-e-type=\"column\">\n\t\t\t<div class=\"elementor-widget-wrap elementor-element-populated\">\n\t\t\t\t\t\t<div class=\"elementor-element elementor-element-7401c00 elementor-widget elementor-widget-text-editor\" data-id=\"7401c00\" data-element_type=\"widget\" data-e-type=\"widget\" data-widget_type=\"text-editor.default\">\n\t\t\t\t<div class=\"elementor-widget-container\">\n\t\t\t\t\t\t\t\t\t<p><a href=\"https:\/\/www.aszende.com\/ca\/\">Aszende<\/a> \u00e9s una empresa fabricant de dispositius de mobilitat vertical amb m\u00e9s de 45 anys d\u2019experi\u00e8ncia. Es dedica al disseny, la manufactura i la <strong>instal\u00b7laci\u00f3 d\u2019ascensors <\/strong> tant per a Espanya com per a mercats europeus. A m\u00e9s, posa a la teva disposici\u00f3 els <a href=\"https:\/\/www.aszende.com\/ca\/blog\/la-nostra-web-de-planols-posa-a-la-teva-disposicio-els-planols-de-tots-i-cadascun-dels-nostres-ascensors\/\">pl\u00e0nols de tots els seus ascensors<\/a>.  <\/p>\n<p>L&#8217;empresa compta amb t\u00e8cnics especialitzats en instal\u00b7laci\u00f3 i manteniment d&#8217;ascensors que permeten oferir als clients el millor servei. Aix\u00ed mateix, Aszende ha obtingut les seg\u00fcents <strong>certificacions<\/strong> : ISO 9001, ISO 14001, ISO 45001, Assegurament Qualitat Instal\u00b7laci\u00f3 Ascensors i Assegurament Qualitat Modificaci\u00f3 Ascensors. Compte, aix\u00ed mateix, amb 17 delegacions de llarg a llarg d&#8217;Espanya.  <\/p>\n\t\t\t\t\t\t\t\t<\/div>\n\t\t\t\t<\/div>\n\t\t\t\t\t<\/div>\n\t\t<\/div>\n\t\t\t\t\t<\/div>\n\t\t<\/section>\n\t\t\t\t<section class=\"elementor-section elementor-top-section elementor-element elementor-element-b68c84a elementor-section-boxed elementor-section-height-default elementor-section-height-default\" data-id=\"b68c84a\" data-element_type=\"section\" data-e-type=\"section\">\n\t\t\t\t\t\t<div class=\"elementor-container elementor-column-gap-default\">\n\t\t\t\t\t<div class=\"elementor-column elementor-col-100 elementor-top-column elementor-element elementor-element-da2c2b7\" data-id=\"da2c2b7\" data-element_type=\"column\" data-e-type=\"column\">\n\t\t\t<div class=\"elementor-widget-wrap elementor-element-populated\">\n\t\t\t\t\t\t<div class=\"elementor-element elementor-element-afa878b elementor-widget-divider--view-line elementor-widget elementor-widget-divider\" data-id=\"afa878b\" data-element_type=\"widget\" data-e-type=\"widget\" data-widget_type=\"divider.default\">\n\t\t\t\t<div class=\"elementor-widget-container\">\n\t\t\t\t\t\t\t<div class=\"elementor-divider\">\n\t\t\t<span class=\"elementor-divider-separator\">\n\t\t\t\t\t\t<\/span>\n\t\t<\/div>\n\t\t\t\t\t\t<\/div>\n\t\t\t\t<\/div>\n\t\t\t\t\t<\/div>\n\t\t<\/div>\n\t\t\t\t\t<\/div>\n\t\t<\/section>\n\t\t\t\t<\/div>\n\t\t","protected":false},"excerpt":{"rendered":"<p>Necessites instal\u00b7lar un ascensor, per\u00f2 no saps ni per on comen\u00e7ar? En aquest blog t&#8217;expliquem, de la m\u00e0 d&#8217;experts, tot sobre la instal\u00b7laci\u00f3 i el manteniment d&#8217;ascensors.<\/p>\n","protected":false},"author":6,"featured_media":22337,"comment_status":"closed","ping_status":"closed","sticky":false,"template":"","format":"standard","meta":{"site-sidebar-layout":"default","site-content-layout":"default","ast-site-content-layout":"default","site-content-style":"default","site-sidebar-style":"default","ast-global-header-display":"","ast-banner-title-visibility":"","ast-main-header-display":"","ast-hfb-above-header-display":"","ast-hfb-below-header-display":"","ast-hfb-mobile-header-display":"","site-post-title":"","ast-breadcrumbs-content":"","ast-featured-img":"","footer-sml-layout":"","theme-transparent-header-meta":"default","adv-header-id-meta":"","stick-header-meta":"","header-above-stick-meta":"","header-main-stick-meta":"","header-below-stick-meta":"","astra-migrate-meta-layouts":"default","ast-page-background-enabled":"default","ast-page-background-meta":{"desktop":{"background-color":"var(--ast-global-color-4)","background-image":"","background-repeat":"repeat","background-position":"center center","background-size":"auto","background-attachment":"scroll","background-type":"","background-media":"","overlay-type":"","overlay-color":"","overlay-opacity":"","overlay-gradient":""},"tablet":{"background-color":"","background-image":"","background-repeat":"repeat","background-position":"center center","background-size":"auto","background-attachment":"scroll","background-type":"","background-media":"","overlay-type":"","overlay-color":"","overlay-opacity":"","overlay-gradient":""},"mobile":{"background-color":"","background-image":"","background-repeat":"repeat","background-position":"center center","background-size":"auto","background-attachment":"scroll","background-type":"","background-media":"","overlay-type":"","overlay-color":"","overlay-opacity":"","overlay-gradient":""}},"ast-content-background-meta":{"desktop":{"background-color":"var(--ast-global-color-5)","background-image":"","background-repeat":"repeat","background-position":"center center","background-size":"auto","background-attachment":"scroll","background-type":"","background-media":"","overlay-type":"","overlay-color":"","overlay-opacity":"","overlay-gradient":""},"tablet":{"background-color":"var(--ast-global-color-5)","background-image":"","background-repeat":"repeat","background-position":"center center","background-size":"auto","background-attachment":"scroll","background-type":"","background-media":"","overlay-type":"","overlay-color":"","overlay-opacity":"","overlay-gradient":""},"mobile":{"background-color":"var(--ast-global-color-5)","background-image":"","background-repeat":"repeat","background-position":"center center","background-size":"auto","background-attachment":"scroll","background-type":"","background-media":"","overlay-type":"","overlay-color":"","overlay-opacity":"","overlay-gradient":""}},"footnotes":""},"categories":[1],"tags":[],"class_list":["post-22375","post","type-post","status-publish","format-standard","has-post-thumbnail","hentry","category-sin-categorizar"],"yoast_head":"<!-- This site is optimized with the Yoast SEO plugin v27.0 - https:\/\/yoast.com\/product\/yoast-seo-wordpress\/ -->\n<title>Tot el que has de saber per a la instal\u00b7laci\u00f3 d&#039;ascensors<\/title>\n<meta name=\"description\" content=\"Hem recopilat en aquest article tot el que necessites saber si vols contractar un servei d\u2019instal\u00b7laci\u00f3 d\u2019ascensors.\" \/>\n<meta name=\"robots\" content=\"index, follow, max-snippet:-1, max-image-preview:large, max-video-preview:-1\" \/>\n<link rel=\"canonical\" href=\"https:\/\/www.aszende.com\/ca\/blog\/installacio-manteniment-ascensor\/\" \/>\n<meta property=\"og:locale\" content=\"ca_ES\" \/>\n<meta property=\"og:type\" content=\"article\" \/>\n<meta property=\"og:title\" content=\"Tot el que has de saber per a la instal\u00b7laci\u00f3 d&#039;ascensors\" \/>\n<meta property=\"og:description\" content=\"Hem recopilat en aquest article tot el que necessites saber si vols contractar un servei d\u2019instal\u00b7laci\u00f3 d\u2019ascensors.\" \/>\n<meta property=\"og:url\" content=\"https:\/\/www.aszende.com\/ca\/blog\/installacio-manteniment-ascensor\/\" \/>\n<meta property=\"og:site_name\" content=\"Aszende\" \/>\n<meta property=\"article:published_time\" content=\"2024-04-25T07:40:10+00:00\" \/>\n<meta property=\"article:modified_time\" content=\"2025-09-12T08:00:15+00:00\" \/>\n<meta property=\"og:image\" content=\"https:\/\/www.aszende.com\/wp-content\/uploads\/2024\/04\/instalacion-mantenimiento-ascensores.jpg\" \/>\n\t<meta property=\"og:image:width\" content=\"911\" \/>\n\t<meta property=\"og:image:height\" content=\"772\" \/>\n\t<meta property=\"og:image:type\" content=\"image\/jpeg\" \/>\n<meta name=\"author\" content=\"GO2JUMP\" \/>\n<meta name=\"twitter:card\" content=\"summary_large_image\" \/>\n<meta name=\"twitter:label1\" content=\"Escrit per\" \/>\n\t<meta name=\"twitter:data1\" content=\"GO2JUMP\" \/>\n\t<meta name=\"twitter:label2\" content=\"Temps estimat de lectura\" \/>\n\t<meta name=\"twitter:data2\" content=\"12 minuts\" \/>\n<script type=\"application\/ld+json\" class=\"yoast-schema-graph\">{\"@context\":\"https:\/\/schema.org\",\"@graph\":[{\"@type\":\"Article\",\"@id\":\"https:\/\/www.aszende.com\/ca\/blog\/installacio-manteniment-ascensor\/#article\",\"isPartOf\":{\"@id\":\"https:\/\/www.aszende.com\/ca\/blog\/installacio-manteniment-ascensor\/\"},\"author\":{\"name\":\"GO2JUMP\",\"@id\":\"https:\/\/www.aszende.com\/en\/#\/schema\/person\/84539476955736c0d2283e7f6bcab6fb\"},\"headline\":\"Tot el que has de saber per a la instal\u00b7laci\u00f3 d&#8217;ascensors\",\"datePublished\":\"2024-04-25T07:40:10+00:00\",\"dateModified\":\"2025-09-12T08:00:15+00:00\",\"mainEntityOfPage\":{\"@id\":\"https:\/\/www.aszende.com\/ca\/blog\/installacio-manteniment-ascensor\/\"},\"wordCount\":2304,\"publisher\":{\"@id\":\"https:\/\/www.aszende.com\/en\/#organization\"},\"image\":{\"@id\":\"https:\/\/www.aszende.com\/ca\/blog\/installacio-manteniment-ascensor\/#primaryimage\"},\"thumbnailUrl\":\"https:\/\/www.aszende.com\/wp-content\/uploads\/2024\/04\/instalacion-mantenimiento-ascensores.jpg\",\"articleSection\":[\"Sin categorizar\"],\"inLanguage\":\"ca\"},{\"@type\":\"WebPage\",\"@id\":\"https:\/\/www.aszende.com\/ca\/blog\/installacio-manteniment-ascensor\/\",\"url\":\"https:\/\/www.aszende.com\/ca\/blog\/installacio-manteniment-ascensor\/\",\"name\":\"Tot el que has de saber per a la instal\u00b7laci\u00f3 d'ascensors\",\"isPartOf\":{\"@id\":\"https:\/\/www.aszende.com\/en\/#website\"},\"primaryImageOfPage\":{\"@id\":\"https:\/\/www.aszende.com\/ca\/blog\/installacio-manteniment-ascensor\/#primaryimage\"},\"image\":{\"@id\":\"https:\/\/www.aszende.com\/ca\/blog\/installacio-manteniment-ascensor\/#primaryimage\"},\"thumbnailUrl\":\"https:\/\/www.aszende.com\/wp-content\/uploads\/2024\/04\/instalacion-mantenimiento-ascensores.jpg\",\"datePublished\":\"2024-04-25T07:40:10+00:00\",\"dateModified\":\"2025-09-12T08:00:15+00:00\",\"description\":\"Hem recopilat en aquest article tot el que necessites saber si vols contractar un servei d\u2019instal\u00b7laci\u00f3 d\u2019ascensors.\",\"breadcrumb\":{\"@id\":\"https:\/\/www.aszende.com\/ca\/blog\/installacio-manteniment-ascensor\/#breadcrumb\"},\"inLanguage\":\"ca\",\"potentialAction\":[{\"@type\":\"ReadAction\",\"target\":[\"https:\/\/www.aszende.com\/ca\/blog\/installacio-manteniment-ascensor\/\"]}]},{\"@type\":\"ImageObject\",\"inLanguage\":\"ca\",\"@id\":\"https:\/\/www.aszende.com\/ca\/blog\/installacio-manteniment-ascensor\/#primaryimage\",\"url\":\"https:\/\/www.aszende.com\/wp-content\/uploads\/2024\/04\/instalacion-mantenimiento-ascensores.jpg\",\"contentUrl\":\"https:\/\/www.aszende.com\/wp-content\/uploads\/2024\/04\/instalacion-mantenimiento-ascensores.jpg\",\"width\":911,\"height\":772,\"caption\":\"instalacion-mantenimiento-ascensores\"},{\"@type\":\"BreadcrumbList\",\"@id\":\"https:\/\/www.aszende.com\/ca\/blog\/installacio-manteniment-ascensor\/#breadcrumb\",\"itemListElement\":[{\"@type\":\"ListItem\",\"position\":1,\"name\":\"Inicio\",\"item\":\"https:\/\/www.aszende.com\/ca\/\"},{\"@type\":\"ListItem\",\"position\":2,\"name\":\"Tot el que has de saber per a la instal\u00b7laci\u00f3 d&#8217;ascensors\"}]},{\"@type\":\"WebSite\",\"@id\":\"https:\/\/www.aszende.com\/en\/#website\",\"url\":\"https:\/\/www.aszende.com\/en\/\",\"name\":\"Aszende\",\"description\":\"\",\"publisher\":{\"@id\":\"https:\/\/www.aszende.com\/en\/#organization\"},\"potentialAction\":[{\"@type\":\"SearchAction\",\"target\":{\"@type\":\"EntryPoint\",\"urlTemplate\":\"https:\/\/www.aszende.com\/en\/?s={search_term_string}\"},\"query-input\":{\"@type\":\"PropertyValueSpecification\",\"valueRequired\":true,\"valueName\":\"search_term_string\"}}],\"inLanguage\":\"ca\"},{\"@type\":\"Organization\",\"@id\":\"https:\/\/www.aszende.com\/en\/#organization\",\"name\":\"Aszende\",\"url\":\"https:\/\/www.aszende.com\/en\/\",\"logo\":{\"@type\":\"ImageObject\",\"inLanguage\":\"ca\",\"@id\":\"https:\/\/www.aszende.com\/en\/#\/schema\/logo\/image\/\",\"url\":\"https:\/\/www.aszende.com\/wp-content\/uploads\/2022\/10\/LOGO-Aszende-sin-R.png\",\"contentUrl\":\"https:\/\/www.aszende.com\/wp-content\/uploads\/2022\/10\/LOGO-Aszende-sin-R.png\",\"width\":346,\"height\":114,\"caption\":\"Aszende\"},\"image\":{\"@id\":\"https:\/\/www.aszende.com\/en\/#\/schema\/logo\/image\/\"}},{\"@type\":\"Person\",\"@id\":\"https:\/\/www.aszende.com\/en\/#\/schema\/person\/84539476955736c0d2283e7f6bcab6fb\",\"name\":\"GO2JUMP\",\"image\":{\"@type\":\"ImageObject\",\"inLanguage\":\"ca\",\"@id\":\"https:\/\/www.aszende.com\/en\/#\/schema\/person\/image\/\",\"url\":\"https:\/\/secure.gravatar.com\/avatar\/31d3d42d560f9952b607a41659b69bc36248676da87a1f2a4a521b0e40b62fe8?s=96&d=mm&r=g\",\"contentUrl\":\"https:\/\/secure.gravatar.com\/avatar\/31d3d42d560f9952b607a41659b69bc36248676da87a1f2a4a521b0e40b62fe8?s=96&d=mm&r=g\",\"caption\":\"GO2JUMP\"}}]}<\/script>\n<!-- \/ Yoast SEO plugin. -->","yoast_head_json":{"title":"Tot el que has de saber per a la instal\u00b7laci\u00f3 d'ascensors","description":"Hem recopilat en aquest article tot el que necessites saber si vols contractar un servei d\u2019instal\u00b7laci\u00f3 d\u2019ascensors.","robots":{"index":"index","follow":"follow","max-snippet":"max-snippet:-1","max-image-preview":"max-image-preview:large","max-video-preview":"max-video-preview:-1"},"canonical":"https:\/\/www.aszende.com\/ca\/blog\/installacio-manteniment-ascensor\/","og_locale":"ca_ES","og_type":"article","og_title":"Tot el que has de saber per a la instal\u00b7laci\u00f3 d'ascensors","og_description":"Hem recopilat en aquest article tot el que necessites saber si vols contractar un servei d\u2019instal\u00b7laci\u00f3 d\u2019ascensors.","og_url":"https:\/\/www.aszende.com\/ca\/blog\/installacio-manteniment-ascensor\/","og_site_name":"Aszende","article_published_time":"2024-04-25T07:40:10+00:00","article_modified_time":"2025-09-12T08:00:15+00:00","og_image":[{"width":911,"height":772,"url":"https:\/\/www.aszende.com\/wp-content\/uploads\/2024\/04\/instalacion-mantenimiento-ascensores.jpg","type":"image\/jpeg"}],"author":"GO2JUMP","twitter_card":"summary_large_image","twitter_misc":{"Escrit per":"GO2JUMP","Temps estimat de lectura":"12 minuts"},"schema":{"@context":"https:\/\/schema.org","@graph":[{"@type":"Article","@id":"https:\/\/www.aszende.com\/ca\/blog\/installacio-manteniment-ascensor\/#article","isPartOf":{"@id":"https:\/\/www.aszende.com\/ca\/blog\/installacio-manteniment-ascensor\/"},"author":{"name":"GO2JUMP","@id":"https:\/\/www.aszende.com\/en\/#\/schema\/person\/84539476955736c0d2283e7f6bcab6fb"},"headline":"Tot el que has de saber per a la instal\u00b7laci\u00f3 d&#8217;ascensors","datePublished":"2024-04-25T07:40:10+00:00","dateModified":"2025-09-12T08:00:15+00:00","mainEntityOfPage":{"@id":"https:\/\/www.aszende.com\/ca\/blog\/installacio-manteniment-ascensor\/"},"wordCount":2304,"publisher":{"@id":"https:\/\/www.aszende.com\/en\/#organization"},"image":{"@id":"https:\/\/www.aszende.com\/ca\/blog\/installacio-manteniment-ascensor\/#primaryimage"},"thumbnailUrl":"https:\/\/www.aszende.com\/wp-content\/uploads\/2024\/04\/instalacion-mantenimiento-ascensores.jpg","articleSection":["Sin categorizar"],"inLanguage":"ca"},{"@type":"WebPage","@id":"https:\/\/www.aszende.com\/ca\/blog\/installacio-manteniment-ascensor\/","url":"https:\/\/www.aszende.com\/ca\/blog\/installacio-manteniment-ascensor\/","name":"Tot el que has de saber per a la instal\u00b7laci\u00f3 d'ascensors","isPartOf":{"@id":"https:\/\/www.aszende.com\/en\/#website"},"primaryImageOfPage":{"@id":"https:\/\/www.aszende.com\/ca\/blog\/installacio-manteniment-ascensor\/#primaryimage"},"image":{"@id":"https:\/\/www.aszende.com\/ca\/blog\/installacio-manteniment-ascensor\/#primaryimage"},"thumbnailUrl":"https:\/\/www.aszende.com\/wp-content\/uploads\/2024\/04\/instalacion-mantenimiento-ascensores.jpg","datePublished":"2024-04-25T07:40:10+00:00","dateModified":"2025-09-12T08:00:15+00:00","description":"Hem recopilat en aquest article tot el que necessites saber si vols contractar un servei d\u2019instal\u00b7laci\u00f3 d\u2019ascensors.","breadcrumb":{"@id":"https:\/\/www.aszende.com\/ca\/blog\/installacio-manteniment-ascensor\/#breadcrumb"},"inLanguage":"ca","potentialAction":[{"@type":"ReadAction","target":["https:\/\/www.aszende.com\/ca\/blog\/installacio-manteniment-ascensor\/"]}]},{"@type":"ImageObject","inLanguage":"ca","@id":"https:\/\/www.aszende.com\/ca\/blog\/installacio-manteniment-ascensor\/#primaryimage","url":"https:\/\/www.aszende.com\/wp-content\/uploads\/2024\/04\/instalacion-mantenimiento-ascensores.jpg","contentUrl":"https:\/\/www.aszende.com\/wp-content\/uploads\/2024\/04\/instalacion-mantenimiento-ascensores.jpg","width":911,"height":772,"caption":"instalacion-mantenimiento-ascensores"},{"@type":"BreadcrumbList","@id":"https:\/\/www.aszende.com\/ca\/blog\/installacio-manteniment-ascensor\/#breadcrumb","itemListElement":[{"@type":"ListItem","position":1,"name":"Inicio","item":"https:\/\/www.aszende.com\/ca\/"},{"@type":"ListItem","position":2,"name":"Tot el que has de saber per a la instal\u00b7laci\u00f3 d&#8217;ascensors"}]},{"@type":"WebSite","@id":"https:\/\/www.aszende.com\/en\/#website","url":"https:\/\/www.aszende.com\/en\/","name":"Aszende","description":"","publisher":{"@id":"https:\/\/www.aszende.com\/en\/#organization"},"potentialAction":[{"@type":"SearchAction","target":{"@type":"EntryPoint","urlTemplate":"https:\/\/www.aszende.com\/en\/?s={search_term_string}"},"query-input":{"@type":"PropertyValueSpecification","valueRequired":true,"valueName":"search_term_string"}}],"inLanguage":"ca"},{"@type":"Organization","@id":"https:\/\/www.aszende.com\/en\/#organization","name":"Aszende","url":"https:\/\/www.aszende.com\/en\/","logo":{"@type":"ImageObject","inLanguage":"ca","@id":"https:\/\/www.aszende.com\/en\/#\/schema\/logo\/image\/","url":"https:\/\/www.aszende.com\/wp-content\/uploads\/2022\/10\/LOGO-Aszende-sin-R.png","contentUrl":"https:\/\/www.aszende.com\/wp-content\/uploads\/2022\/10\/LOGO-Aszende-sin-R.png","width":346,"height":114,"caption":"Aszende"},"image":{"@id":"https:\/\/www.aszende.com\/en\/#\/schema\/logo\/image\/"}},{"@type":"Person","@id":"https:\/\/www.aszende.com\/en\/#\/schema\/person\/84539476955736c0d2283e7f6bcab6fb","name":"GO2JUMP","image":{"@type":"ImageObject","inLanguage":"ca","@id":"https:\/\/www.aszende.com\/en\/#\/schema\/person\/image\/","url":"https:\/\/secure.gravatar.com\/avatar\/31d3d42d560f9952b607a41659b69bc36248676da87a1f2a4a521b0e40b62fe8?s=96&d=mm&r=g","contentUrl":"https:\/\/secure.gravatar.com\/avatar\/31d3d42d560f9952b607a41659b69bc36248676da87a1f2a4a521b0e40b62fe8?s=96&d=mm&r=g","caption":"GO2JUMP"}}]}},"_links":{"self":[{"href":"https:\/\/www.aszende.com\/ca\/wp-json\/wp\/v2\/posts\/22375","targetHints":{"allow":["GET"]}}],"collection":[{"href":"https:\/\/www.aszende.com\/ca\/wp-json\/wp\/v2\/posts"}],"about":[{"href":"https:\/\/www.aszende.com\/ca\/wp-json\/wp\/v2\/types\/post"}],"author":[{"embeddable":true,"href":"https:\/\/www.aszende.com\/ca\/wp-json\/wp\/v2\/users\/6"}],"replies":[{"embeddable":true,"href":"https:\/\/www.aszende.com\/ca\/wp-json\/wp\/v2\/comments?post=22375"}],"version-history":[{"count":0,"href":"https:\/\/www.aszende.com\/ca\/wp-json\/wp\/v2\/posts\/22375\/revisions"}],"wp:featuredmedia":[{"embeddable":true,"href":"https:\/\/www.aszende.com\/ca\/wp-json\/wp\/v2\/media\/22337"}],"wp:attachment":[{"href":"https:\/\/www.aszende.com\/ca\/wp-json\/wp\/v2\/media?parent=22375"}],"wp:term":[{"taxonomy":"category","embeddable":true,"href":"https:\/\/www.aszende.com\/ca\/wp-json\/wp\/v2\/categories?post=22375"},{"taxonomy":"post_tag","embeddable":true,"href":"https:\/\/www.aszende.com\/ca\/wp-json\/wp\/v2\/tags?post=22375"}],"curies":[{"name":"wp","href":"https:\/\/api.w.org\/{rel}","templated":true}]}}