{"id":23209,"date":"2024-06-28T08:00:59","date_gmt":"2024-06-28T08:00:59","guid":{"rendered":"https:\/\/www.aszende.com\/?p=23209"},"modified":"2025-09-12T09:31:22","modified_gmt":"2025-09-12T09:31:22","slug":"cadires-mecaniques-escales","status":"publish","type":"post","link":"https:\/\/www.aszende.com\/ca\/blog\/cadires-mecaniques-escales\/","title":{"rendered":"Qu\u00e8 cal tenir en compte a l\u2019hora d\u2019instal\u00b7lar cadires salvaescales"},"content":{"rendered":"\t\t<div data-elementor-type=\"wp-post\" data-elementor-id=\"23209\" class=\"elementor elementor-23209 elementor-23197\" data-elementor-post-type=\"post\">\n\t\t\t\t\t\t<section class=\"elementor-section elementor-top-section elementor-element elementor-element-9b88610 elementor-section-boxed elementor-section-height-default elementor-section-height-default\" data-id=\"9b88610\" data-element_type=\"section\" data-e-type=\"section\">\n\t\t\t\t\t\t<div class=\"elementor-container elementor-column-gap-default\">\n\t\t\t\t\t<div class=\"elementor-column elementor-col-50 elementor-top-column elementor-element elementor-element-5ecd1d8\" data-id=\"5ecd1d8\" data-element_type=\"column\" data-e-type=\"column\">\n\t\t\t<div class=\"elementor-widget-wrap elementor-element-populated\">\n\t\t\t\t\t\t<div class=\"elementor-element elementor-element-f905b91 elementor-widget elementor-widget-text-editor\" data-id=\"f905b91\" data-element_type=\"widget\" data-e-type=\"widget\" data-widget_type=\"text-editor.default\">\n\t\t\t\t<div class=\"elementor-widget-container\">\n\t\t\t\t\t\t\t\t\t<p><strong>Cada vegada hi ha m\u00e9s llars que necessiten cadires salvaescales. <\/strong> En una societat on la p\u00e8rdua de mobilitat suposa un canvi important per a la vida de les persones, la instal\u00b7laci\u00f3 d&#8217;aquestes solucions de mobilitat vertical \u00e9s clau perqu\u00e8 adults, persones grans i persones amb discapacitat puguin dur a terme tasques b\u00e0siques com despla\u00e7ar-se d&#8217;un lloc a un altre.<\/p>\n\t\t\t\t\t\t\t\t<\/div>\n\t\t\t\t<\/div>\n\t\t\t\t<div class=\"elementor-element elementor-element-4a68e71 elementor-widget-tablet__width-initial elementor-widget elementor-widget-heading\" data-id=\"4a68e71\" data-element_type=\"widget\" data-e-type=\"widget\" data-widget_type=\"heading.default\">\n\t\t\t\t<div class=\"elementor-widget-container\">\n\t\t\t\t\t<h2 class=\"elementor-heading-title elementor-size-default\">Qu\u00e8 s\u00f3n les cadires mec\u00e0niques per a escales?<\/h2>\t\t\t\t<\/div>\n\t\t\t\t<\/div>\n\t\t\t\t<div class=\"elementor-element elementor-element-08bf6d8 elementor-widget elementor-widget-text-editor\" data-id=\"08bf6d8\" data-element_type=\"widget\" data-e-type=\"widget\" data-widget_type=\"text-editor.default\">\n\t\t\t\t<div class=\"elementor-widget-container\">\n\t\t\t\t\t\t\t\t\t<p>Es tracta d&#8217;un tipus de <a href=\"https:\/\/www.aszende.com\/ca\/blog\/plataforma-pujaescales-que-es-tipus-i-caracteristiques\/\">plataforma pujaescales <\/a> que permet transportar persones entre pisos d&#8217;un edifici, mitjan\u00e7ant una cadira motoritzada amb rails.<\/p>\n<p>Un acte que, en algun moment, va ser simple com pujar i baixar escales, pot suposar una activitat feixuga per a aquells que han perdut la capacitat de moviment. Per a aquestes persones, <strong>les cadires salvaescales es converteixen en una opci\u00f3 viable i eficient<\/strong> d\u2019accessibilitat, que millora la seva qualitat de vida ajudant-les a moure\u2019s de manera c\u00f2moda i segura.<\/p>\n\t\t\t\t\t\t\t\t<\/div>\n\t\t\t\t<\/div>\n\t\t\t\t\t<\/div>\n\t\t<\/div>\n\t\t\t\t<div class=\"elementor-column elementor-col-50 elementor-top-column elementor-element elementor-element-16f1b08\" data-id=\"16f1b08\" data-element_type=\"column\" data-e-type=\"column\">\n\t\t\t<div class=\"elementor-widget-wrap elementor-element-populated\">\n\t\t\t\t\t\t<div class=\"elementor-element elementor-element-d1cb96d elementor-widget elementor-widget-image\" data-id=\"d1cb96d\" data-element_type=\"widget\" data-e-type=\"widget\" data-widget_type=\"image.default\">\n\t\t\t\t<div class=\"elementor-widget-container\">\n\t\t\t\t\t\t\t\t\t\t\t\t\t\t\t<img fetchpriority=\"high\" decoding=\"async\" width=\"911\" height=\"772\" src=\"https:\/\/www.aszende.com\/wp-content\/uploads\/2024\/06\/sillas-mecanicas-instalar.jpg\" class=\"attachment-large size-large wp-image-23217\" alt=\"Qu\u00e9 tener en cuenta al instalar sillas mec\u00e1nicas para escaleras\" srcset=\"https:\/\/www.aszende.com\/wp-content\/uploads\/2024\/06\/sillas-mecanicas-instalar.jpg 911w, https:\/\/www.aszende.com\/wp-content\/uploads\/2024\/06\/sillas-mecanicas-instalar-300x254.jpg 300w, https:\/\/www.aszende.com\/wp-content\/uploads\/2024\/06\/sillas-mecanicas-instalar-768x651.jpg 768w, https:\/\/www.aszende.com\/wp-content\/uploads\/2024\/06\/sillas-mecanicas-instalar-600x508.jpg 600w\" sizes=\"(max-width: 911px) 100vw, 911px\" \/>\t\t\t\t\t\t\t\t\t\t\t\t\t\t\t<\/div>\n\t\t\t\t<\/div>\n\t\t\t\t\t<\/div>\n\t\t<\/div>\n\t\t\t\t\t<\/div>\n\t\t<\/section>\n\t\t\t\t<section class=\"elementor-section elementor-top-section elementor-element elementor-element-ce532d9 elementor-section-boxed elementor-section-height-default elementor-section-height-default\" data-id=\"ce532d9\" data-element_type=\"section\" data-e-type=\"section\">\n\t\t\t\t\t\t<div class=\"elementor-container elementor-column-gap-default\">\n\t\t\t\t\t<div class=\"elementor-column elementor-col-100 elementor-top-column elementor-element elementor-element-16f1f20\" data-id=\"16f1f20\" data-element_type=\"column\" data-e-type=\"column\">\n\t\t\t<div class=\"elementor-widget-wrap elementor-element-populated\">\n\t\t\t\t\t\t<div class=\"elementor-element elementor-element-ecd6e12 elementor-widget elementor-widget-text-editor\" data-id=\"ecd6e12\" data-element_type=\"widget\" data-e-type=\"widget\" data-widget_type=\"text-editor.default\">\n\t\t\t\t<div class=\"elementor-widget-container\">\n\t\t\t\t\t\t\t\t\t<p>Si has pensat a instal\u00b7lar cadires salvaescales, \u00e9s important que tinguis en compte una s\u00e8rie de factors per fer una elecci\u00f3 responsable i encertada. Has de considerar des del <strong> tipus de cadira que vulguis instal\u00b7lar fins a aspectes fonamentals com la seguretat de la persona<\/strong> que en far\u00e0 \u00fas, la capacitat de moviment de la cadira, la disponibilitat de servei t\u00e8cnic i manteniment, els costos d\u2019instal\u00b7laci\u00f3, els prove\u00efdors, entre altres.<\/p>\n\t\t\t\t\t\t\t\t<\/div>\n\t\t\t\t<\/div>\n\t\t\t\t\t<\/div>\n\t\t<\/div>\n\t\t\t\t\t<\/div>\n\t\t<\/section>\n\t\t\t\t<section class=\"elementor-section elementor-top-section elementor-element elementor-element-c63e6fa elementor-section-boxed elementor-section-height-default elementor-section-height-default\" data-id=\"c63e6fa\" data-element_type=\"section\" data-e-type=\"section\">\n\t\t\t\t\t\t<div class=\"elementor-container elementor-column-gap-default\">\n\t\t\t\t\t<div class=\"elementor-column elementor-col-100 elementor-top-column elementor-element elementor-element-f8b9d92\" data-id=\"f8b9d92\" data-element_type=\"column\" data-e-type=\"column\">\n\t\t\t<div class=\"elementor-widget-wrap elementor-element-populated\">\n\t\t\t\t\t\t<div class=\"elementor-element elementor-element-489fc5b elementor-widget elementor-widget-heading\" data-id=\"489fc5b\" data-element_type=\"widget\" data-e-type=\"widget\" data-widget_type=\"heading.default\">\n\t\t\t\t<div class=\"elementor-widget-container\">\n\t\t\t\t\t<h2 class=\"elementor-heading-title elementor-size-default\">Tipus de cadires mec\u00e0niques per a escales: Quina opci\u00f3 \u00e9s m\u00e9s convenient?<\/h2>\t\t\t\t<\/div>\n\t\t\t\t<\/div>\n\t\t\t\t<div class=\"elementor-element elementor-element-8177796 elementor-widget elementor-widget-text-editor\" data-id=\"8177796\" data-element_type=\"widget\" data-e-type=\"widget\" data-widget_type=\"text-editor.default\">\n\t\t\t\t<div class=\"elementor-widget-container\">\n\t\t\t\t\t\t\t\t\t<p>Hi ha dos tipus de cadira salvaescales: <strong>per a trams rectes i per a trams corbs.<\/strong><\/p>\n<ul>\n<li>Les <strong>cadires per a trams rectes <\/strong> s\u00f3n dispositius que s&#8217;instal\u00b7len en escales rectes, sense girs o canvis en la inclinaci\u00f3. Generalment, s\u00f3n de f\u00e0cil instal\u00b7laci\u00f3 i no requereixen modificacions o redissenys en l&#8217;estructura de l&#8217;escala. Depenent del model, poden adaptar-se a la intemp\u00e8rie, a l&#8217;exterior, a jardins o vies de qualsevol casa.<\/li>\n<li>Les <strong>cadires per a trams corbs <\/strong> estan dissenyades per a escales amb corbes, girs o replans. Aquestes cadires estan equipades amb un sistema motoritzat que es despla\u00e7a per un rail corb adaptat a la forma de l&#8217;escala. <strong>Es fabriquen a mida, tenint en compte detalls essencials com la mida, l&#8217;al\u00e7ada i l&#8217;amplitud de l&#8217;escala<\/strong>, entre altres factors.<\/li>\n<\/ul>\n<p>La dedicaci\u00f3 necess\u00e0ria per preparar el lloc, el temps, els costos d&#8217;instal\u00b7laci\u00f3 i la complexitat d&#8217;aquesta variaran segons l<strong>&#8216;opci\u00f3 escollida i la seva adaptaci\u00f3 a l&#8217;escala<\/strong>. Per exemple, la instal\u00b7laci\u00f3 de cadires salvaescales ser\u00e0 m\u00e9s complexa i durar\u00e0 m\u00e9s temps si es tracta d\u2019un model per a trams corbs, en comparaci\u00f3 amb els models per a trams rectes.<\/p>\t\t\t\t\t\t\t\t<\/div>\n\t\t\t\t<\/div>\n\t\t\t\t\t<\/div>\n\t\t<\/div>\n\t\t\t\t\t<\/div>\n\t\t<\/section>\n\t\t\t\t<section class=\"elementor-section elementor-top-section elementor-element elementor-element-1b3768c elementor-section-boxed elementor-section-height-default elementor-section-height-default\" data-id=\"1b3768c\" data-element_type=\"section\" data-e-type=\"section\">\n\t\t\t\t\t\t<div class=\"elementor-container elementor-column-gap-default\">\n\t\t\t\t\t<div class=\"elementor-column elementor-col-100 elementor-top-column elementor-element elementor-element-5acaf8f\" data-id=\"5acaf8f\" data-element_type=\"column\" data-e-type=\"column\">\n\t\t\t<div class=\"elementor-widget-wrap elementor-element-populated\">\n\t\t\t\t\t\t<div class=\"elementor-element elementor-element-5cf01a3 elementor-widget elementor-widget-heading\" data-id=\"5cf01a3\" data-element_type=\"widget\" data-e-type=\"widget\" data-widget_type=\"heading.default\">\n\t\t\t\t<div class=\"elementor-widget-container\">\n\t\t\t\t\t<h2 class=\"elementor-heading-title elementor-size-default\">Beneficis d'instal\u00b7lar cadires mec\u00e0niques per a escales a casa teva<\/h2>\t\t\t\t<\/div>\n\t\t\t\t<\/div>\n\t\t\t\t<div class=\"elementor-element elementor-element-d538aba elementor-widget elementor-widget-text-editor\" data-id=\"d538aba\" data-element_type=\"widget\" data-e-type=\"widget\" data-widget_type=\"text-editor.default\">\n\t\t\t\t<div class=\"elementor-widget-container\">\n\t\t\t\t\t\t\t\t\t<p>Aquests <strong>dispositius milloren significativament l&#8217;experi\u00e8ncia de l&#8217;usuari en aspectes b\u00e0sics de la quotidianitat <\/strong> com la seguretat a l&#8217;hora de pujar i baixar escales, la independ\u00e8ncia per despla\u00e7ar-se sense assist\u00e8ncia i la comoditat.<\/p>\n<p>Els principals beneficis d&#8217;instal\u00b7lar una cadira mec\u00e0nica per a escales a casa s\u00f3n els seg\u00fcents:<\/p>\n<ul>\n<li><strong>Millora en l&#8217;accessibilitat i autonomia dels usuaris<\/strong>: Sobretot en el cas de les persones grans o amb mobilitat redu\u00efda, contribueix que puguin accedir als diferents nivells de casa o espais que, d&#8217;una altra manera, nom\u00e9s podrien arribar-hi a trav\u00e9s d&#8217;escales. A m\u00e9s, els proporciona m\u00e9s autonomia, permetent que puguin dur a terme activitats di\u00e0ries de forma m\u00e9s aut\u00f2noma i sense necessitat d&#8217;assist\u00e8ncia.<\/li>\n<li><strong>Seguretat i prevenci\u00f3 d&#8217;accidents<\/strong>: Les cadires salvaescales ofereixen a les persones m\u00e9s seguretat, ja que eliminen la necessitat de pujar i baixar escales constantment, minimitzant el risc d&#8217;accidents dom\u00e8stics.<\/li>\n<li><strong>Comoditat i facilitat d&#8217;\u00fas<\/strong>: Els usuaris poden despla\u00e7ar-se d&#8217;un lloc a un altre nom\u00e9s prement un bot\u00f3. Tenint un disseny intu\u00eftiu, el seu funcionament i operativitat no requereixen grans esfor\u00e7os.<\/li>\n<li><strong> Facilitat d&#8217;instal\u00b7laci\u00f3<\/strong>: Tot i que la instal\u00b7laci\u00f3 dep\u00e8n del tipus de cadira mec\u00e0nica que es tri\u00ef, en general no es requereixen grans modificacions a la propietat.<\/li>\n<li><strong>No s&#8217;acoblen a les parets<\/strong>: Una de les grans preocupacions dels propietaris en el moment d&#8217;instal\u00b7lar una cadira mec\u00e0nica \u00e9s si la instal\u00b7laci\u00f3 implica danys a l&#8217;estructura de la casa. Per tranquil\u00b7litat de tothom, no impliquen grans danys, ja que no s&#8217;acoblen a les parets, sin\u00f3 que s&#8217;adapten a l&#8217;escala.<\/li>\n<\/ul>\n\t\t\t\t\t\t\t\t<\/div>\n\t\t\t\t<\/div>\n\t\t\t\t<div class=\"elementor-element elementor-element-fdfb5a9 elementor-widget elementor-widget-heading\" data-id=\"fdfb5a9\" data-element_type=\"widget\" data-e-type=\"widget\" data-widget_type=\"heading.default\">\n\t\t\t\t<div class=\"elementor-widget-container\">\n\t\t\t\t\t<h2 class=\"elementor-heading-title elementor-size-default\">Manteniment i subvencions de cadires mec\u00e0niques per a escales<\/h2>\t\t\t\t<\/div>\n\t\t\t\t<\/div>\n\t\t\t\t\t<\/div>\n\t\t<\/div>\n\t\t\t\t\t<\/div>\n\t\t<\/section>\n\t\t\t\t<section class=\"elementor-section elementor-top-section elementor-element elementor-element-c524464 elementor-section-boxed elementor-section-height-default elementor-section-height-default\" data-id=\"c524464\" data-element_type=\"section\" data-e-type=\"section\">\n\t\t\t\t\t\t<div class=\"elementor-container elementor-column-gap-default\">\n\t\t\t\t\t<div class=\"elementor-column elementor-col-33 elementor-top-column elementor-element elementor-element-42c7a79\" data-id=\"42c7a79\" data-element_type=\"column\" data-e-type=\"column\">\n\t\t\t<div class=\"elementor-widget-wrap elementor-element-populated\">\n\t\t\t\t\t\t<div class=\"elementor-element elementor-element-fb1f947 elementor-widget elementor-widget-image\" data-id=\"fb1f947\" data-element_type=\"widget\" data-e-type=\"widget\" data-widget_type=\"image.default\">\n\t\t\t\t<div class=\"elementor-widget-container\">\n\t\t\t\t\t\t\t\t\t\t\t\t\t\t\t<img decoding=\"async\" width=\"911\" height=\"772\" src=\"https:\/\/www.aszende.com\/wp-content\/uploads\/2024\/06\/silla-salvaescaleras.jpg\" class=\"attachment-1536x1536 size-1536x1536 wp-image-23214\" alt=\"Mantenimiento y subvenciones de sillas mec\u00e1nicas para escaleras\u200b\" srcset=\"https:\/\/www.aszende.com\/wp-content\/uploads\/2024\/06\/silla-salvaescaleras.jpg 911w, https:\/\/www.aszende.com\/wp-content\/uploads\/2024\/06\/silla-salvaescaleras-300x254.jpg 300w, https:\/\/www.aszende.com\/wp-content\/uploads\/2024\/06\/silla-salvaescaleras-768x651.jpg 768w, https:\/\/www.aszende.com\/wp-content\/uploads\/2024\/06\/silla-salvaescaleras-600x508.jpg 600w\" sizes=\"(max-width: 911px) 100vw, 911px\" \/>\t\t\t\t\t\t\t\t\t\t\t\t\t\t\t<\/div>\n\t\t\t\t<\/div>\n\t\t\t\t\t<\/div>\n\t\t<\/div>\n\t\t\t\t<div class=\"elementor-column elementor-col-66 elementor-top-column elementor-element elementor-element-54d04b0\" data-id=\"54d04b0\" data-element_type=\"column\" data-e-type=\"column\">\n\t\t\t<div class=\"elementor-widget-wrap elementor-element-populated\">\n\t\t\t\t\t\t<div class=\"elementor-element elementor-element-36c08b5 elementor-widget-laptop__width-initial elementor-widget elementor-widget-text-editor\" data-id=\"36c08b5\" data-element_type=\"widget\" data-e-type=\"widget\" data-widget_type=\"text-editor.default\">\n\t\t\t\t<div class=\"elementor-widget-container\">\n\t\t\t\t\t\t\t\t\t<p>A m\u00e9s d&#8217;escollir el tipus de cadira mec\u00e0nica per a escales correcte, cal considerar-ne el manteniment, pel fet que d&#8217;aix\u00f2 dep\u00e8n el bon funcionament, aix\u00ed com la integritat de les persones que la utilitzaran di\u00e0riament.<\/p>\n<p>Igual que altres solucions de mobilitat vertical, aquests dispositius han de rebre peri\u00f2dicament manteniment i revisi\u00f3. <strong>D&#8217;aquesta manera, es podr\u00e0 garantir que la seva operativitat sigui la correcta i ajudar\u00e0 a prolongar-ne la vida \u00fatil.<\/strong><\/p>\n<p>En la <strong>inspecci\u00f3<\/strong>, un equip t\u00e8cnic d\u2019experts especialitzats en el manteniment de cadires salvaescales podr\u00e0 revisar la bateria o el motor que aquestes utilitzin, comprovar que els sistemes de seguretat funcionin correctament i canviar les parts m\u00f2bils del dispositiu si \u00e9s necessari. Tamb\u00e9 servir\u00e0 per <strong>prevenir falles o avaries<\/strong> que puguin posar en risc la seguretat dels usuaris.<\/p>\n\t\t\t\t\t\t\t\t<\/div>\n\t\t\t\t<\/div>\n\t\t\t\t\t<\/div>\n\t\t<\/div>\n\t\t\t\t\t<\/div>\n\t\t<\/section>\n\t\t\t\t<section class=\"elementor-section elementor-top-section elementor-element elementor-element-4e4168b elementor-section-boxed elementor-section-height-default elementor-section-height-default\" data-id=\"4e4168b\" data-element_type=\"section\" data-e-type=\"section\">\n\t\t\t\t\t\t<div class=\"elementor-container elementor-column-gap-default\">\n\t\t\t\t\t<div class=\"elementor-column elementor-col-100 elementor-top-column elementor-element elementor-element-b5037b0\" data-id=\"b5037b0\" data-element_type=\"column\" data-e-type=\"column\">\n\t\t\t<div class=\"elementor-widget-wrap elementor-element-populated\">\n\t\t\t\t\t\t<div class=\"elementor-element elementor-element-d3b1485 elementor-widget elementor-widget-text-editor\" data-id=\"d3b1485\" data-element_type=\"widget\" data-e-type=\"widget\" data-widget_type=\"text-editor.default\">\n\t\t\t\t<div class=\"elementor-widget-container\">\n\t\t\t\t\t\t\t\t\t<p>Pel que fa a les <strong>subvencions<\/strong>, cal destacar que hi ha diferents opcions d&#8217;assist\u00e8ncia, normatives i regulacions per a la instal\u00b7laci\u00f3 d&#8217;equips d&#8217;accessibilitat. Depenent de la zona on et trobis, l&#8217;Estat o organitzacions sense \u00e0nim de lucre compten amb <strong>programes de suport per a persones grans o amb alguna discapacitat<\/strong>.<\/p>\n<p>En aquest sentit, \u00e9s clau buscar assessorament i con\u00e8ixer les oportunitats d&#8217;acc\u00e9s a dispositius de mobilitat, especialment per reduir costos d&#8217;instal\u00b7laci\u00f3. En el cas d\u2019Espanya, existeix el <a href=\"https:\/\/sede.madrid.es\/portal\/site\/tramites\/menuitem.62876cb64654a55e2dbd7003a8a409a0\/\" rel=\"nofollow\"\">Pla Estatal d\u2019Acc\u00e9s a l\u2019Habitatge 2022-2025<\/a>, que ofereix la possibilitat d\u2019accedir a la instal\u00b7laci\u00f3 de cadires salvaescales.<\/p>\n<p>Tamb\u00e9 hi ha el <a href=\"https:\/\/planderecuperacion.gob.es\/politicas-y-componentes\/componente-2-plan-de-rehabilitacion-de-vivienda-y-regeneracion-urbana\/\" rel=\"nofollow\"\">Pla de Rehabilitaci\u00f3 d&#8217;Habitatges i Regeneraci\u00f3 Urbana<\/a>, que permet adaptar l&#8217;habitatge en funci\u00f3 de les necessitats de la persona gran o amb mobilitat redu\u00efda.<\/p>\n<p>S&#8217;ha de tenir en compte que els requisits per aplicar a aquests programes d&#8217;accessibilitat varien d&#8217;una comunitat a una altra, ra\u00f3 per la qual \u00e9s important buscar assessorament amb un equip especialitzat en la mat\u00e8ria com Aszende.<\/p>\n\t\t\t\t\t\t\t\t<\/div>\n\t\t\t\t<\/div>\n\t\t\t\t\t<\/div>\n\t\t<\/div>\n\t\t\t\t\t<\/div>\n\t\t<\/section>\n\t\t\t\t<section class=\"elementor-section elementor-top-section elementor-element elementor-element-9887966 elementor-section-boxed elementor-section-height-default elementor-section-height-default\" data-id=\"9887966\" data-element_type=\"section\" data-e-type=\"section\">\n\t\t\t\t\t\t<div class=\"elementor-container elementor-column-gap-default\">\n\t\t\t\t\t<div class=\"elementor-column elementor-col-100 elementor-top-column elementor-element elementor-element-2fcb622\" data-id=\"2fcb622\" data-element_type=\"column\" data-e-type=\"column\">\n\t\t\t<div class=\"elementor-widget-wrap elementor-element-populated\">\n\t\t\t\t\t\t<div class=\"elementor-element elementor-element-e3daeab elementor-widget elementor-widget-heading\" data-id=\"e3daeab\" data-element_type=\"widget\" data-e-type=\"widget\" data-widget_type=\"heading.default\">\n\t\t\t\t<div class=\"elementor-widget-container\">\n\t\t\t\t\t<h2 class=\"elementor-heading-title elementor-size-default\">Aszende: Expert en instal\u00b7laci\u00f3 i manteniment de cadires mec\u00e0niques per a escales<\/h2>\t\t\t\t<\/div>\n\t\t\t\t<\/div>\n\t\t\t\t\t<\/div>\n\t\t<\/div>\n\t\t\t\t\t<\/div>\n\t\t<\/section>\n\t\t\t\t<section class=\"elementor-section elementor-top-section elementor-element elementor-element-c66a07d elementor-section-boxed elementor-section-height-default elementor-section-height-default\" data-id=\"c66a07d\" data-element_type=\"section\" data-e-type=\"section\">\n\t\t\t\t\t\t<div class=\"elementor-container elementor-column-gap-default\">\n\t\t\t\t\t<div class=\"elementor-column elementor-col-100 elementor-top-column elementor-element elementor-element-b951aed\" data-id=\"b951aed\" data-element_type=\"column\" data-e-type=\"column\">\n\t\t\t<div class=\"elementor-widget-wrap elementor-element-populated\">\n\t\t\t\t\t\t<div class=\"elementor-element elementor-element-f6cfcb7 elementor-widget elementor-widget-text-editor\" data-id=\"f6cfcb7\" data-element_type=\"widget\" data-e-type=\"widget\" data-widget_type=\"text-editor.default\">\n\t\t\t\t<div class=\"elementor-widget-container\">\n\t\t\t\t\t\t\t\t\t<p>Aszende es destaca com una empresa l\u00edder amb una \u00e0mplia experi\u00e8ncia en la instal\u00b7laci\u00f3 i manteniment de cadires salvaescales. Amb m\u00e9s de 45 anys de traject\u00f2ria, <strong>compta amb un equip d\u2019experts que ofereixen als seus clients a Espanya i al mercat europeu el millor servei.. <\/strong> L&#8217;empresa t\u00e9 un enfocament centrat en la seguretat i comoditat de l&#8217;usuari, garantint que la instal\u00b7laci\u00f3 i el manteniment del dispositiu siguin correctes, per evitar falles i contratemps que puguin posar en risc la integritat de les persones.<\/p>\n<p>Si est\u00e0s buscant un prove\u00efdor de cadires salvaescales, Aszende \u00e9s la millor opci\u00f3. <strong>Contacta amb nosaltres i avalua totes les opcions <\/strong> que el nostre equip t\u00e9 per oferir-te, personalitzades segons les teves necessitats de mobilitat.<\/p>\n\t\t\t\t\t\t\t\t<\/div>\n\t\t\t\t<\/div>\n\t\t\t\t\t<\/div>\n\t\t<\/div>\n\t\t\t\t\t<\/div>\n\t\t<\/section>\n\t\t\t\t<\/div>\n\t\t","protected":false},"excerpt":{"rendered":"<p>Cada vegada hi ha m\u00e9s llars que necessiten cadires salvaescales. En una societat on la p\u00e8rdua de mobilitat suposa un canvi important per a la vida de les persones, la instal\u00b7laci\u00f3 d&#8217;aquestes solucions de mobilitat vertical \u00e9s clau perqu\u00e8 adults, persones grans i persones amb discapacitat puguin dur a terme tasques b\u00e0siques com despla\u00e7ar-se d&#8217;un [&hellip;]<\/p>\n","protected":false},"author":6,"featured_media":23217,"comment_status":"closed","ping_status":"closed","sticky":false,"template":"","format":"standard","meta":{"site-sidebar-layout":"default","site-content-layout":"default","ast-site-content-layout":"default","site-content-style":"default","site-sidebar-style":"default","ast-global-header-display":"","ast-banner-title-visibility":"","ast-main-header-display":"","ast-hfb-above-header-display":"","ast-hfb-below-header-display":"","ast-hfb-mobile-header-display":"","site-post-title":"","ast-breadcrumbs-content":"","ast-featured-img":"","footer-sml-layout":"","theme-transparent-header-meta":"default","adv-header-id-meta":"","stick-header-meta":"","header-above-stick-meta":"","header-main-stick-meta":"","header-below-stick-meta":"","astra-migrate-meta-layouts":"default","ast-page-background-enabled":"default","ast-page-background-meta":{"desktop":{"background-color":"var(--ast-global-color-4)","background-image":"","background-repeat":"repeat","background-position":"center center","background-size":"auto","background-attachment":"scroll","background-type":"","background-media":"","overlay-type":"","overlay-color":"","overlay-opacity":"","overlay-gradient":""},"tablet":{"background-color":"","background-image":"","background-repeat":"repeat","background-position":"center center","background-size":"auto","background-attachment":"scroll","background-type":"","background-media":"","overlay-type":"","overlay-color":"","overlay-opacity":"","overlay-gradient":""},"mobile":{"background-color":"","background-image":"","background-repeat":"repeat","background-position":"center center","background-size":"auto","background-attachment":"scroll","background-type":"","background-media":"","overlay-type":"","overlay-color":"","overlay-opacity":"","overlay-gradient":""}},"ast-content-background-meta":{"desktop":{"background-color":"var(--ast-global-color-5)","background-image":"","background-repeat":"repeat","background-position":"center center","background-size":"auto","background-attachment":"scroll","background-type":"","background-media":"","overlay-type":"","overlay-color":"","overlay-opacity":"","overlay-gradient":""},"tablet":{"background-color":"var(--ast-global-color-5)","background-image":"","background-repeat":"repeat","background-position":"center center","background-size":"auto","background-attachment":"scroll","background-type":"","background-media":"","overlay-type":"","overlay-color":"","overlay-opacity":"","overlay-gradient":""},"mobile":{"background-color":"var(--ast-global-color-5)","background-image":"","background-repeat":"repeat","background-position":"center center","background-size":"auto","background-attachment":"scroll","background-type":"","background-media":"","overlay-type":"","overlay-color":"","overlay-opacity":"","overlay-gradient":""}},"footnotes":""},"categories":[15],"tags":[],"class_list":["post-23209","post","type-post","status-publish","format-standard","has-post-thumbnail","hentry","category-noticias"],"yoast_head":"<!-- This site is optimized with the Yoast SEO plugin v27.0 - https:\/\/yoast.com\/product\/yoast-seo-wordpress\/ -->\n<title>Qu\u00e8 cal tenir en compte a l\u2019hora d\u2019instal\u00b7lar cadires salvaescales - Aszende<\/title>\n<meta name=\"description\" content=\"Descobreix com instal\u00b7lar cadires salvaescales i millorar la mobilitat a casa teva. Ideal per a trams rectes i corbs.\" \/>\n<meta name=\"robots\" content=\"index, follow, max-snippet:-1, max-image-preview:large, max-video-preview:-1\" \/>\n<link rel=\"canonical\" href=\"https:\/\/www.aszende.com\/ca\/blog\/cadires-mecaniques-escales\/\" \/>\n<meta property=\"og:locale\" content=\"ca_ES\" \/>\n<meta property=\"og:type\" content=\"article\" \/>\n<meta property=\"og:title\" content=\"Qu\u00e8 cal tenir en compte a l\u2019hora d\u2019instal\u00b7lar cadires salvaescales - Aszende\" \/>\n<meta property=\"og:description\" content=\"Descobreix com instal\u00b7lar cadires salvaescales i millorar la mobilitat a casa teva. Ideal per a trams rectes i corbs.\" \/>\n<meta property=\"og:url\" content=\"https:\/\/www.aszende.com\/ca\/blog\/cadires-mecaniques-escales\/\" \/>\n<meta property=\"og:site_name\" content=\"Aszende\" \/>\n<meta property=\"article:published_time\" content=\"2024-06-28T08:00:59+00:00\" \/>\n<meta property=\"article:modified_time\" content=\"2025-09-12T09:31:22+00:00\" \/>\n<meta property=\"og:image\" content=\"https:\/\/www.aszende.com\/wp-content\/uploads\/2024\/06\/sillas-mecanicas-instalar.jpg\" \/>\n\t<meta property=\"og:image:width\" content=\"911\" \/>\n\t<meta property=\"og:image:height\" content=\"772\" \/>\n\t<meta property=\"og:image:type\" content=\"image\/jpeg\" \/>\n<meta name=\"author\" content=\"GO2JUMP\" \/>\n<meta name=\"twitter:card\" content=\"summary_large_image\" \/>\n<meta name=\"twitter:label1\" content=\"Escrit per\" \/>\n\t<meta name=\"twitter:data1\" content=\"GO2JUMP\" \/>\n\t<meta name=\"twitter:label2\" content=\"Temps estimat de lectura\" \/>\n\t<meta name=\"twitter:data2\" content=\"7 minuts\" \/>\n<script type=\"application\/ld+json\" class=\"yoast-schema-graph\">{\"@context\":\"https:\/\/schema.org\",\"@graph\":[{\"@type\":\"Article\",\"@id\":\"https:\/\/www.aszende.com\/ca\/blog\/cadires-mecaniques-escales\/#article\",\"isPartOf\":{\"@id\":\"https:\/\/www.aszende.com\/ca\/blog\/cadires-mecaniques-escales\/\"},\"author\":{\"name\":\"GO2JUMP\",\"@id\":\"https:\/\/www.aszende.com\/en\/#\/schema\/person\/84539476955736c0d2283e7f6bcab6fb\"},\"headline\":\"Qu\u00e8 cal tenir en compte a l\u2019hora d\u2019instal\u00b7lar cadires salvaescales\",\"datePublished\":\"2024-06-28T08:00:59+00:00\",\"dateModified\":\"2025-09-12T09:31:22+00:00\",\"mainEntityOfPage\":{\"@id\":\"https:\/\/www.aszende.com\/ca\/blog\/cadires-mecaniques-escales\/\"},\"wordCount\":1232,\"publisher\":{\"@id\":\"https:\/\/www.aszende.com\/en\/#organization\"},\"image\":{\"@id\":\"https:\/\/www.aszende.com\/ca\/blog\/cadires-mecaniques-escales\/#primaryimage\"},\"thumbnailUrl\":\"https:\/\/www.aszende.com\/wp-content\/uploads\/2024\/06\/sillas-mecanicas-instalar.jpg\",\"articleSection\":[\"Noticias\"],\"inLanguage\":\"ca\"},{\"@type\":\"WebPage\",\"@id\":\"https:\/\/www.aszende.com\/ca\/blog\/cadires-mecaniques-escales\/\",\"url\":\"https:\/\/www.aszende.com\/ca\/blog\/cadires-mecaniques-escales\/\",\"name\":\"Qu\u00e8 cal tenir en compte a l\u2019hora d\u2019instal\u00b7lar cadires salvaescales - Aszende\",\"isPartOf\":{\"@id\":\"https:\/\/www.aszende.com\/en\/#website\"},\"primaryImageOfPage\":{\"@id\":\"https:\/\/www.aszende.com\/ca\/blog\/cadires-mecaniques-escales\/#primaryimage\"},\"image\":{\"@id\":\"https:\/\/www.aszende.com\/ca\/blog\/cadires-mecaniques-escales\/#primaryimage\"},\"thumbnailUrl\":\"https:\/\/www.aszende.com\/wp-content\/uploads\/2024\/06\/sillas-mecanicas-instalar.jpg\",\"datePublished\":\"2024-06-28T08:00:59+00:00\",\"dateModified\":\"2025-09-12T09:31:22+00:00\",\"description\":\"Descobreix com instal\u00b7lar cadires salvaescales i millorar la mobilitat a casa teva. Ideal per a trams rectes i corbs.\",\"breadcrumb\":{\"@id\":\"https:\/\/www.aszende.com\/ca\/blog\/cadires-mecaniques-escales\/#breadcrumb\"},\"inLanguage\":\"ca\",\"potentialAction\":[{\"@type\":\"ReadAction\",\"target\":[\"https:\/\/www.aszende.com\/ca\/blog\/cadires-mecaniques-escales\/\"]}]},{\"@type\":\"ImageObject\",\"inLanguage\":\"ca\",\"@id\":\"https:\/\/www.aszende.com\/ca\/blog\/cadires-mecaniques-escales\/#primaryimage\",\"url\":\"https:\/\/www.aszende.com\/wp-content\/uploads\/2024\/06\/sillas-mecanicas-instalar.jpg\",\"contentUrl\":\"https:\/\/www.aszende.com\/wp-content\/uploads\/2024\/06\/sillas-mecanicas-instalar.jpg\",\"width\":911,\"height\":772,\"caption\":\"Qu\u00e9 tener en cuenta al instalar sillas mec\u00e1nicas para escaleras\"},{\"@type\":\"BreadcrumbList\",\"@id\":\"https:\/\/www.aszende.com\/ca\/blog\/cadires-mecaniques-escales\/#breadcrumb\",\"itemListElement\":[{\"@type\":\"ListItem\",\"position\":1,\"name\":\"Inicio\",\"item\":\"https:\/\/www.aszende.com\/ca\/\"},{\"@type\":\"ListItem\",\"position\":2,\"name\":\"Qu\u00e8 cal tenir en compte a l\u2019hora d\u2019instal\u00b7lar cadires salvaescales\"}]},{\"@type\":\"WebSite\",\"@id\":\"https:\/\/www.aszende.com\/en\/#website\",\"url\":\"https:\/\/www.aszende.com\/en\/\",\"name\":\"Aszende\",\"description\":\"\",\"publisher\":{\"@id\":\"https:\/\/www.aszende.com\/en\/#organization\"},\"potentialAction\":[{\"@type\":\"SearchAction\",\"target\":{\"@type\":\"EntryPoint\",\"urlTemplate\":\"https:\/\/www.aszende.com\/en\/?s={search_term_string}\"},\"query-input\":{\"@type\":\"PropertyValueSpecification\",\"valueRequired\":true,\"valueName\":\"search_term_string\"}}],\"inLanguage\":\"ca\"},{\"@type\":\"Organization\",\"@id\":\"https:\/\/www.aszende.com\/en\/#organization\",\"name\":\"Aszende\",\"url\":\"https:\/\/www.aszende.com\/en\/\",\"logo\":{\"@type\":\"ImageObject\",\"inLanguage\":\"ca\",\"@id\":\"https:\/\/www.aszende.com\/en\/#\/schema\/logo\/image\/\",\"url\":\"https:\/\/www.aszende.com\/wp-content\/uploads\/2022\/10\/LOGO-Aszende-sin-R.png\",\"contentUrl\":\"https:\/\/www.aszende.com\/wp-content\/uploads\/2022\/10\/LOGO-Aszende-sin-R.png\",\"width\":346,\"height\":114,\"caption\":\"Aszende\"},\"image\":{\"@id\":\"https:\/\/www.aszende.com\/en\/#\/schema\/logo\/image\/\"}},{\"@type\":\"Person\",\"@id\":\"https:\/\/www.aszende.com\/en\/#\/schema\/person\/84539476955736c0d2283e7f6bcab6fb\",\"name\":\"GO2JUMP\",\"image\":{\"@type\":\"ImageObject\",\"inLanguage\":\"ca\",\"@id\":\"https:\/\/www.aszende.com\/en\/#\/schema\/person\/image\/\",\"url\":\"https:\/\/secure.gravatar.com\/avatar\/31d3d42d560f9952b607a41659b69bc36248676da87a1f2a4a521b0e40b62fe8?s=96&d=mm&r=g\",\"contentUrl\":\"https:\/\/secure.gravatar.com\/avatar\/31d3d42d560f9952b607a41659b69bc36248676da87a1f2a4a521b0e40b62fe8?s=96&d=mm&r=g\",\"caption\":\"GO2JUMP\"}}]}<\/script>\n<!-- \/ Yoast SEO plugin. -->","yoast_head_json":{"title":"Qu\u00e8 cal tenir en compte a l\u2019hora d\u2019instal\u00b7lar cadires salvaescales - Aszende","description":"Descobreix com instal\u00b7lar cadires salvaescales i millorar la mobilitat a casa teva. Ideal per a trams rectes i corbs.","robots":{"index":"index","follow":"follow","max-snippet":"max-snippet:-1","max-image-preview":"max-image-preview:large","max-video-preview":"max-video-preview:-1"},"canonical":"https:\/\/www.aszende.com\/ca\/blog\/cadires-mecaniques-escales\/","og_locale":"ca_ES","og_type":"article","og_title":"Qu\u00e8 cal tenir en compte a l\u2019hora d\u2019instal\u00b7lar cadires salvaescales - Aszende","og_description":"Descobreix com instal\u00b7lar cadires salvaescales i millorar la mobilitat a casa teva. Ideal per a trams rectes i corbs.","og_url":"https:\/\/www.aszende.com\/ca\/blog\/cadires-mecaniques-escales\/","og_site_name":"Aszende","article_published_time":"2024-06-28T08:00:59+00:00","article_modified_time":"2025-09-12T09:31:22+00:00","og_image":[{"width":911,"height":772,"url":"https:\/\/www.aszende.com\/wp-content\/uploads\/2024\/06\/sillas-mecanicas-instalar.jpg","type":"image\/jpeg"}],"author":"GO2JUMP","twitter_card":"summary_large_image","twitter_misc":{"Escrit per":"GO2JUMP","Temps estimat de lectura":"7 minuts"},"schema":{"@context":"https:\/\/schema.org","@graph":[{"@type":"Article","@id":"https:\/\/www.aszende.com\/ca\/blog\/cadires-mecaniques-escales\/#article","isPartOf":{"@id":"https:\/\/www.aszende.com\/ca\/blog\/cadires-mecaniques-escales\/"},"author":{"name":"GO2JUMP","@id":"https:\/\/www.aszende.com\/en\/#\/schema\/person\/84539476955736c0d2283e7f6bcab6fb"},"headline":"Qu\u00e8 cal tenir en compte a l\u2019hora d\u2019instal\u00b7lar cadires salvaescales","datePublished":"2024-06-28T08:00:59+00:00","dateModified":"2025-09-12T09:31:22+00:00","mainEntityOfPage":{"@id":"https:\/\/www.aszende.com\/ca\/blog\/cadires-mecaniques-escales\/"},"wordCount":1232,"publisher":{"@id":"https:\/\/www.aszende.com\/en\/#organization"},"image":{"@id":"https:\/\/www.aszende.com\/ca\/blog\/cadires-mecaniques-escales\/#primaryimage"},"thumbnailUrl":"https:\/\/www.aszende.com\/wp-content\/uploads\/2024\/06\/sillas-mecanicas-instalar.jpg","articleSection":["Noticias"],"inLanguage":"ca"},{"@type":"WebPage","@id":"https:\/\/www.aszende.com\/ca\/blog\/cadires-mecaniques-escales\/","url":"https:\/\/www.aszende.com\/ca\/blog\/cadires-mecaniques-escales\/","name":"Qu\u00e8 cal tenir en compte a l\u2019hora d\u2019instal\u00b7lar cadires salvaescales - Aszende","isPartOf":{"@id":"https:\/\/www.aszende.com\/en\/#website"},"primaryImageOfPage":{"@id":"https:\/\/www.aszende.com\/ca\/blog\/cadires-mecaniques-escales\/#primaryimage"},"image":{"@id":"https:\/\/www.aszende.com\/ca\/blog\/cadires-mecaniques-escales\/#primaryimage"},"thumbnailUrl":"https:\/\/www.aszende.com\/wp-content\/uploads\/2024\/06\/sillas-mecanicas-instalar.jpg","datePublished":"2024-06-28T08:00:59+00:00","dateModified":"2025-09-12T09:31:22+00:00","description":"Descobreix com instal\u00b7lar cadires salvaescales i millorar la mobilitat a casa teva. Ideal per a trams rectes i corbs.","breadcrumb":{"@id":"https:\/\/www.aszende.com\/ca\/blog\/cadires-mecaniques-escales\/#breadcrumb"},"inLanguage":"ca","potentialAction":[{"@type":"ReadAction","target":["https:\/\/www.aszende.com\/ca\/blog\/cadires-mecaniques-escales\/"]}]},{"@type":"ImageObject","inLanguage":"ca","@id":"https:\/\/www.aszende.com\/ca\/blog\/cadires-mecaniques-escales\/#primaryimage","url":"https:\/\/www.aszende.com\/wp-content\/uploads\/2024\/06\/sillas-mecanicas-instalar.jpg","contentUrl":"https:\/\/www.aszende.com\/wp-content\/uploads\/2024\/06\/sillas-mecanicas-instalar.jpg","width":911,"height":772,"caption":"Qu\u00e9 tener en cuenta al instalar sillas mec\u00e1nicas para escaleras"},{"@type":"BreadcrumbList","@id":"https:\/\/www.aszende.com\/ca\/blog\/cadires-mecaniques-escales\/#breadcrumb","itemListElement":[{"@type":"ListItem","position":1,"name":"Inicio","item":"https:\/\/www.aszende.com\/ca\/"},{"@type":"ListItem","position":2,"name":"Qu\u00e8 cal tenir en compte a l\u2019hora d\u2019instal\u00b7lar cadires salvaescales"}]},{"@type":"WebSite","@id":"https:\/\/www.aszende.com\/en\/#website","url":"https:\/\/www.aszende.com\/en\/","name":"Aszende","description":"","publisher":{"@id":"https:\/\/www.aszende.com\/en\/#organization"},"potentialAction":[{"@type":"SearchAction","target":{"@type":"EntryPoint","urlTemplate":"https:\/\/www.aszende.com\/en\/?s={search_term_string}"},"query-input":{"@type":"PropertyValueSpecification","valueRequired":true,"valueName":"search_term_string"}}],"inLanguage":"ca"},{"@type":"Organization","@id":"https:\/\/www.aszende.com\/en\/#organization","name":"Aszende","url":"https:\/\/www.aszende.com\/en\/","logo":{"@type":"ImageObject","inLanguage":"ca","@id":"https:\/\/www.aszende.com\/en\/#\/schema\/logo\/image\/","url":"https:\/\/www.aszende.com\/wp-content\/uploads\/2022\/10\/LOGO-Aszende-sin-R.png","contentUrl":"https:\/\/www.aszende.com\/wp-content\/uploads\/2022\/10\/LOGO-Aszende-sin-R.png","width":346,"height":114,"caption":"Aszende"},"image":{"@id":"https:\/\/www.aszende.com\/en\/#\/schema\/logo\/image\/"}},{"@type":"Person","@id":"https:\/\/www.aszende.com\/en\/#\/schema\/person\/84539476955736c0d2283e7f6bcab6fb","name":"GO2JUMP","image":{"@type":"ImageObject","inLanguage":"ca","@id":"https:\/\/www.aszende.com\/en\/#\/schema\/person\/image\/","url":"https:\/\/secure.gravatar.com\/avatar\/31d3d42d560f9952b607a41659b69bc36248676da87a1f2a4a521b0e40b62fe8?s=96&d=mm&r=g","contentUrl":"https:\/\/secure.gravatar.com\/avatar\/31d3d42d560f9952b607a41659b69bc36248676da87a1f2a4a521b0e40b62fe8?s=96&d=mm&r=g","caption":"GO2JUMP"}}]}},"_links":{"self":[{"href":"https:\/\/www.aszende.com\/ca\/wp-json\/wp\/v2\/posts\/23209","targetHints":{"allow":["GET"]}}],"collection":[{"href":"https:\/\/www.aszende.com\/ca\/wp-json\/wp\/v2\/posts"}],"about":[{"href":"https:\/\/www.aszende.com\/ca\/wp-json\/wp\/v2\/types\/post"}],"author":[{"embeddable":true,"href":"https:\/\/www.aszende.com\/ca\/wp-json\/wp\/v2\/users\/6"}],"replies":[{"embeddable":true,"href":"https:\/\/www.aszende.com\/ca\/wp-json\/wp\/v2\/comments?post=23209"}],"version-history":[{"count":0,"href":"https:\/\/www.aszende.com\/ca\/wp-json\/wp\/v2\/posts\/23209\/revisions"}],"wp:featuredmedia":[{"embeddable":true,"href":"https:\/\/www.aszende.com\/ca\/wp-json\/wp\/v2\/media\/23217"}],"wp:attachment":[{"href":"https:\/\/www.aszende.com\/ca\/wp-json\/wp\/v2\/media?parent=23209"}],"wp:term":[{"taxonomy":"category","embeddable":true,"href":"https:\/\/www.aszende.com\/ca\/wp-json\/wp\/v2\/categories?post=23209"},{"taxonomy":"post_tag","embeddable":true,"href":"https:\/\/www.aszende.com\/ca\/wp-json\/wp\/v2\/tags?post=23209"}],"curies":[{"name":"wp","href":"https:\/\/api.w.org\/{rel}","templated":true}]}}