{"id":23596,"date":"2024-08-13T09:40:18","date_gmt":"2024-08-13T09:40:18","guid":{"rendered":"https:\/\/www.aszende.com\/?p=23596"},"modified":"2025-04-07T06:25:07","modified_gmt":"2025-04-07T06:25:07","slug":"reforma-portal-comunitat","status":"publish","type":"post","link":"https:\/\/www.aszende.com\/ca\/blog\/reforma-portal-comunitat\/","title":{"rendered":"Com impacta la reforma d&#8217;un portal comunitari en l&#8217;accessibilitat i l&#8217;est\u00e8tica d&#8217;un edifici?"},"content":{"rendered":"\t\t<div data-elementor-type=\"wp-post\" data-elementor-id=\"23596\" class=\"elementor elementor-23596 elementor-23579\" data-elementor-post-type=\"post\">\n\t\t\t\t\t\t<section class=\"elementor-section elementor-top-section elementor-element elementor-element-32aa985 elementor-section-boxed elementor-section-height-default elementor-section-height-default\" data-id=\"32aa985\" data-element_type=\"section\" data-e-type=\"section\">\n\t\t\t\t\t\t<div class=\"elementor-container elementor-column-gap-default\">\n\t\t\t\t\t<div class=\"elementor-column elementor-col-50 elementor-top-column elementor-element elementor-element-919878b\" data-id=\"919878b\" data-element_type=\"column\" data-e-type=\"column\">\n\t\t\t<div class=\"elementor-widget-wrap elementor-element-populated\">\n\t\t\t\t\t\t<div class=\"elementor-element elementor-element-167e610 elementor-widget elementor-widget-image\" data-id=\"167e610\" data-element_type=\"widget\" data-e-type=\"widget\" data-widget_type=\"image.default\">\n\t\t\t\t<div class=\"elementor-widget-container\">\n\t\t\t\t\t\t\t\t\t\t\t\t\t\t\t<img fetchpriority=\"high\" decoding=\"async\" width=\"911\" height=\"772\" src=\"https:\/\/www.aszende.com\/wp-content\/uploads\/2024\/08\/reforma-portal-comunidad.jpg\" class=\"attachment-large size-large wp-image-23585\" alt=\"\u00bfC\u00f3mo la reforma de un portal de comunidad impacta en la accesibilidad y est\u00e9tica de un edificio?\" srcset=\"https:\/\/www.aszende.com\/wp-content\/uploads\/2024\/08\/reforma-portal-comunidad.jpg 911w, https:\/\/www.aszende.com\/wp-content\/uploads\/2024\/08\/reforma-portal-comunidad-300x254.jpg 300w, https:\/\/www.aszende.com\/wp-content\/uploads\/2024\/08\/reforma-portal-comunidad-768x651.jpg 768w, https:\/\/www.aszende.com\/wp-content\/uploads\/2024\/08\/reforma-portal-comunidad-600x508.jpg 600w\" sizes=\"(max-width: 911px) 100vw, 911px\" \/>\t\t\t\t\t\t\t\t\t\t\t\t\t\t\t<\/div>\n\t\t\t\t<\/div>\n\t\t\t\t\t<\/div>\n\t\t<\/div>\n\t\t\t\t<div class=\"elementor-column elementor-col-50 elementor-top-column elementor-element elementor-element-4c9f5cb\" data-id=\"4c9f5cb\" data-element_type=\"column\" data-e-type=\"column\">\n\t\t\t<div class=\"elementor-widget-wrap elementor-element-populated\">\n\t\t\t\t\t\t<div class=\"elementor-element elementor-element-1c4b95c elementor-widget elementor-widget-text-editor\" data-id=\"1c4b95c\" data-element_type=\"widget\" data-e-type=\"widget\" data-widget_type=\"text-editor.default\">\n\t\t\t\t<div class=\"elementor-widget-container\">\n\t\t\t\t\t\t\t\t\t<p>Qu\u00e8 \u00e9s la reforma d&#8217;un portal comunitari? La reforma del portal d&#8217;una comunitat es refereix a les intervencions que els propietaris d&#8217;un immoble poden dur a terme per optimitzar <strong>tant l&#8217;est\u00e8tica com la funcionalitat <\/strong> de l&#8217;acc\u00e9s principal en edificis residencials compartits. <\/p>\n<p>En el context actual, els portals adquireixen una rellev\u00e0ncia creixent en les edificacions modernes. Per tant, en aquest article s&#8217;abordar\u00e0 la import\u00e0ncia de realitzar reformes peri\u00f2diques i els beneficis associats per a la propietat, abastant aspectes d&#8217;accessibilitat i est\u00e8tica. <\/p>\n\t\t\t\t\t\t\t\t<\/div>\n\t\t\t\t<\/div>\n\t\t\t\t\t<\/div>\n\t\t<\/div>\n\t\t\t\t\t<\/div>\n\t\t<\/section>\n\t\t\t\t<section class=\"elementor-section elementor-top-section elementor-element elementor-element-c63e6fa elementor-section-boxed elementor-section-height-default elementor-section-height-default\" data-id=\"c63e6fa\" data-element_type=\"section\" data-e-type=\"section\">\n\t\t\t\t\t\t<div class=\"elementor-container elementor-column-gap-default\">\n\t\t\t\t\t<div class=\"elementor-column elementor-col-100 elementor-top-column elementor-element elementor-element-f8b9d92\" data-id=\"f8b9d92\" data-element_type=\"column\" data-e-type=\"column\">\n\t\t\t<div class=\"elementor-widget-wrap elementor-element-populated\">\n\t\t\t\t\t\t<div class=\"elementor-element elementor-element-18b4344 elementor-widget elementor-widget-heading\" data-id=\"18b4344\" data-element_type=\"widget\" data-e-type=\"widget\" data-widget_type=\"heading.default\">\n\t\t\t\t<div class=\"elementor-widget-container\">\n\t\t\t\t\t<h2 class=\"elementor-heading-title elementor-size-default\">Per qu\u00e8 \u00e9s important la reforma d'un portal comunitari?<\/h2>\t\t\t\t<\/div>\n\t\t\t\t<\/div>\n\t\t\t\t<div class=\"elementor-element elementor-element-8177796 elementor-widget elementor-widget-text-editor\" data-id=\"8177796\" data-element_type=\"widget\" data-e-type=\"widget\" data-widget_type=\"text-editor.default\">\n\t\t\t\t<div class=\"elementor-widget-container\">\n\t\t\t\t\t\t\t\t\t<p>Un portal comunitari \u00e9s l&#8217;entrada principal de l&#8217;immoble i serveix com a espai com\u00fa en comunitats de ve\u00efns, apartaments o edificis amb m\u00faltiples habitatges. Aquesta \u00e0rea \u00e9s fonamental per a tots els propietaris, ja que impacta de manera significativa en aspectes essencials com la <strong>seguretat<\/strong>, la <strong>imatge<\/strong> del lloc i la <strong>integraci\u00f3 de nous sistemes<\/strong>. <\/p>\n<p>La reforma del portal comunitari \u00e9s estrat\u00e8gicament fonamental, perqu\u00e8 assegura que l&#8217;espai sigui funcional i est\u00e8ticament agradable per a tots els residents, at\u00e8s que, amb el pas del temps, el <strong>deteriorament de l&#8217;immoble \u00e9s inevitable<\/strong>. <\/p>\n\t\t\t\t\t\t\t\t<\/div>\n\t\t\t\t<\/div>\n\t\t\t\t<div class=\"elementor-element elementor-element-524f3c5 elementor-widget-tablet__width-initial elementor-widget elementor-widget-heading\" data-id=\"524f3c5\" data-element_type=\"widget\" data-e-type=\"widget\" data-widget_type=\"heading.default\">\n\t\t\t\t<div class=\"elementor-widget-container\">\n\t\t\t\t\t<h2 class=\"elementor-heading-title elementor-size-default\">Principals beneficis de la reforma d'un portal comunitari<\/h2>\t\t\t\t<\/div>\n\t\t\t\t<\/div>\n\t\t\t\t\t<\/div>\n\t\t<\/div>\n\t\t\t\t\t<\/div>\n\t\t<\/section>\n\t\t\t\t<section class=\"elementor-section elementor-top-section elementor-element elementor-element-69d2b53 elementor-section-boxed elementor-section-height-default elementor-section-height-default\" data-id=\"69d2b53\" data-element_type=\"section\" data-e-type=\"section\">\n\t\t\t\t\t\t<div class=\"elementor-container elementor-column-gap-default\">\n\t\t\t\t\t<div class=\"elementor-column elementor-col-50 elementor-top-column elementor-element elementor-element-c52c77e\" data-id=\"c52c77e\" data-element_type=\"column\" data-e-type=\"column\">\n\t\t\t<div class=\"elementor-widget-wrap elementor-element-populated\">\n\t\t\t\t\t\t<div class=\"elementor-element elementor-element-e548af4 elementor-widget elementor-widget-text-editor\" data-id=\"e548af4\" data-element_type=\"widget\" data-e-type=\"widget\" data-widget_type=\"text-editor.default\">\n\t\t\t\t<div class=\"elementor-widget-container\">\n\t\t\t\t\t\t\t\t\t<p>La reforma d&#8217;un portal comunitari \u00e9s un tema de conservaci\u00f3 en molts edificis, i aix\u00f2 es deu al fet que es planteja com una acci\u00f3 essencial per <strong>mantenir la integritat i el valor de l&#8217;immoble a llarg termini<\/strong>.<\/p>\n<p>Tanmateix, els seus beneficis van m\u00e9s enll\u00e0. Una reforma de portal ben planificada i executada tamb\u00e9 t\u00e9 un <strong>impacte significatiu en la qualitat de vida dels residents<\/strong>, proporcionant una est\u00e8tica agradable i confort. <\/p>\n<p>Els principals beneficis d&#8217;una reforma de portal comunitari s\u00f3n:<\/p>\n<ul>\n<li><strong>Millora la primera impressi\u00f3 de l&#8217;edifici:<\/strong> El portal, essent la zona de la propietat que dona la primera impressi\u00f3, ha d&#8217;estar en excel\u00b7lents condicions. Una renovaci\u00f3 integral pot transformar l&#8217;aparen\u00e7a del lloc, aconseguint un entorn m\u00e9s atractiu i acollidor per a residents i visitants des del primer moment. <\/li>\n<li><strong>Accessibilitat<\/strong>: L&#8217;actualitzaci\u00f3 d&#8217;entrades i vest\u00edbuls facilita la inclusi\u00f3 de millores que asseguren el compliment de la Llei de Propietat Horitzontal i les normatives d&#8217;accessibilitat, garantint la mobilitat universal i el dret de les persones amb mobilitat redu\u00efda a un acc\u00e9s sense barreres arquitect\u00f2niques.<\/li>\n<\/ul>\n\t\t\t\t\t\t\t\t<\/div>\n\t\t\t\t<\/div>\n\t\t\t\t\t<\/div>\n\t\t<\/div>\n\t\t\t\t<div class=\"elementor-column elementor-col-50 elementor-top-column elementor-element elementor-element-8d80415\" data-id=\"8d80415\" data-element_type=\"column\" data-e-type=\"column\">\n\t\t\t<div class=\"elementor-widget-wrap elementor-element-populated\">\n\t\t\t\t\t\t<div class=\"elementor-element elementor-element-a443154 elementor-widget elementor-widget-image\" data-id=\"a443154\" data-element_type=\"widget\" data-e-type=\"widget\" data-widget_type=\"image.default\">\n\t\t\t\t<div class=\"elementor-widget-container\">\n\t\t\t\t\t\t\t\t\t\t\t\t\t\t\t<img decoding=\"async\" width=\"911\" height=\"772\" src=\"https:\/\/www.aszende.com\/wp-content\/uploads\/2024\/08\/reforma-portal.jpg\" class=\"attachment-large size-large wp-image-23582\" alt=\"\u00bfPor qu\u00e9 es importante la reforma de un portal de comunidad?\u200b\" srcset=\"https:\/\/www.aszende.com\/wp-content\/uploads\/2024\/08\/reforma-portal.jpg 911w, https:\/\/www.aszende.com\/wp-content\/uploads\/2024\/08\/reforma-portal-300x254.jpg 300w, https:\/\/www.aszende.com\/wp-content\/uploads\/2024\/08\/reforma-portal-768x651.jpg 768w, https:\/\/www.aszende.com\/wp-content\/uploads\/2024\/08\/reforma-portal-600x508.jpg 600w\" sizes=\"(max-width: 911px) 100vw, 911px\" \/>\t\t\t\t\t\t\t\t\t\t\t\t\t\t\t<\/div>\n\t\t\t\t<\/div>\n\t\t\t\t\t<\/div>\n\t\t<\/div>\n\t\t\t\t\t<\/div>\n\t\t<\/section>\n\t\t\t\t<section class=\"elementor-section elementor-top-section elementor-element elementor-element-2197b50 elementor-section-boxed elementor-section-height-default elementor-section-height-default\" data-id=\"2197b50\" data-element_type=\"section\" data-e-type=\"section\">\n\t\t\t\t\t\t<div class=\"elementor-container elementor-column-gap-default\">\n\t\t\t\t\t<div class=\"elementor-column elementor-col-100 elementor-top-column elementor-element elementor-element-504b9d1\" data-id=\"504b9d1\" data-element_type=\"column\" data-e-type=\"column\">\n\t\t\t<div class=\"elementor-widget-wrap elementor-element-populated\">\n\t\t\t\t\t\t<div class=\"elementor-element elementor-element-d4f34dc elementor-widget elementor-widget-text-editor\" data-id=\"d4f34dc\" data-element_type=\"widget\" data-e-type=\"widget\" data-widget_type=\"text-editor.default\">\n\t\t\t\t<div class=\"elementor-widget-container\">\n\t\t\t\t\t\t\t\t\t<ul>\n<li><strong>Augmenta el valor de la propietat<\/strong>: A llarg termini, la reforma del portal comunitari representa un benefici important per a l&#8217;immoble, ja que no nom\u00e9s augmenta el valor de la propietat, sin\u00f3 que tamb\u00e9 millora el seu atractiu per a potencials compradors o llogaters.<\/li>\n<li><strong>Est\u00e8tica i confort<\/strong>: Encara que no ho creguis, un disseny accessible d&#8217;interiors actualitzat contribueix a crear un ambient m\u00e9s acollidor i funcional, on visitants i residents se senten m\u00e9s c\u00f2modes. <\/li>\n<\/ul>\n\t\t\t\t\t\t\t\t<\/div>\n\t\t\t\t<\/div>\n\t\t\t\t\t<\/div>\n\t\t<\/div>\n\t\t\t\t\t<\/div>\n\t\t<\/section>\n\t\t\t\t<section class=\"elementor-section elementor-top-section elementor-element elementor-element-28f360f elementor-section-boxed elementor-section-height-default elementor-section-height-default\" data-id=\"28f360f\" data-element_type=\"section\" data-e-type=\"section\">\n\t\t\t\t\t\t<div class=\"elementor-container elementor-column-gap-default\">\n\t\t\t\t\t<div class=\"elementor-column elementor-col-100 elementor-top-column elementor-element elementor-element-b39cf47\" data-id=\"b39cf47\" data-element_type=\"column\" data-e-type=\"column\">\n\t\t\t<div class=\"elementor-widget-wrap elementor-element-populated\">\n\t\t\t\t\t\t<div class=\"elementor-element elementor-element-f531a3a elementor-widget elementor-widget-heading\" data-id=\"f531a3a\" data-element_type=\"widget\" data-e-type=\"widget\" data-widget_type=\"heading.default\">\n\t\t\t\t<div class=\"elementor-widget-container\">\n\t\t\t\t\t<h2 class=\"elementor-heading-title elementor-size-default\">Reforma d'un portal comunitari: Treballs m\u00e9s habituals<\/h2>\t\t\t\t<\/div>\n\t\t\t\t<\/div>\n\t\t\t\t\t<\/div>\n\t\t<\/div>\n\t\t\t\t\t<\/div>\n\t\t<\/section>\n\t\t\t\t<section class=\"elementor-section elementor-top-section elementor-element elementor-element-4028460 elementor-section-boxed elementor-section-height-default elementor-section-height-default\" data-id=\"4028460\" data-element_type=\"section\" data-e-type=\"section\">\n\t\t\t\t\t\t<div class=\"elementor-container elementor-column-gap-default\">\n\t\t\t\t\t<div class=\"elementor-column elementor-col-100 elementor-top-column elementor-element elementor-element-ad2d5ee\" data-id=\"ad2d5ee\" data-element_type=\"column\" data-e-type=\"column\">\n\t\t\t<div class=\"elementor-widget-wrap elementor-element-populated\">\n\t\t\t\t\t\t<div class=\"elementor-element elementor-element-ec764ab elementor-widget elementor-widget-text-editor\" data-id=\"ec764ab\" data-element_type=\"widget\" data-e-type=\"widget\" data-widget_type=\"text-editor.default\">\n\t\t\t\t<div class=\"elementor-widget-container\">\n\t\t\t\t\t\t\t\t\t<p>Segurament t&#8217;est\u00e0s preguntant quines s\u00f3n les reformes de portal comunitari m\u00e9s habituals en l&#8217;actualitat. En termes generals, els projectes poden variar entre un immoble i un altre, a causa de les necessitats espec\u00edfiques de cada propietat. No obstant aix\u00f2, les reformes m\u00e9s comunes s\u00f3n les seg\u00fcents:  <\/p>\n<ul>\n<li><strong>Renovaci\u00f3 o actualitzaci\u00f3 de sistemes de mobilitat vertical:<\/strong> El portal ha de ser accessible per a tots els usuaris. Per aquesta ra\u00f3, amb la reforma es poden incorporar noves solucions de mobilitat vertical com rampes, ascensors, <a href=\"https:\/\/www.aszende.com\/ca\/blog\/plataforma-pujaescales-que-es-tipus-i-caracteristiques\/\">plataformes salvaescales<\/a> o portes de pas, entre d\u2019altres, que milloren la funcionalitat de l\u2019espai. <\/li>\n<li><strong>Reparaci\u00f3 o renovaci\u00f3 de s\u00f2ls, parets i sostres<\/strong>: Mantenir en excel\u00b7lents condicions l&#8217;est\u00e8tica de l&#8217;estructura \u00e9s un dels objectius de la reforma de portal comunitari. Per aquesta ra\u00f3, constantment es fan treballs que millorin els aspectes m\u00e9s visuals com s\u00f2ls, parets i sostres, implementant tend\u00e8ncies en disseny d&#8217;interiors, t\u00e8cniques d&#8217;acabats innovadors i materials duradors i resistents, que afavoreixin l&#8217;arquitectura del portal.  Tamb\u00e9 pots anar m\u00e9s enll\u00e0 i dur a terme la <a href=\"https:\/\/www.aszende.com\/ca\/blog\/rehabilitacio-facanes\/\"> rehabilitaci\u00f3 de la fa\u00e7ana. <\/a><\/li>\n<li><strong>Instal\u00b7laci\u00f3, reparaci\u00f3 o actualitzaci\u00f3 de sistemes de seguretat<\/strong>: La seguretat \u00e9s un aspecte clau per a qualsevol inquil\u00ed. Gr\u00e0cies a la reforma de portal comunitari, es pot brindar major protecci\u00f3 als habitants o visitants d&#8217;un immoble, incorporant sistemes de seguretat actualitzats amb innovacions tecnol\u00f2giques que permetin millorar els controls d&#8217;acc\u00e9s i vigil\u00e0ncia. Aix\u00f2 inclou c\u00e0meres de seguretat, sistema de control d&#8217;acc\u00e9s en entrades i sortides, panys electr\u00f2nics i sistemes de comunicaci\u00f3.  <\/li>\n<li><strong>Pintura i il\u00b7luminaci\u00f3<\/strong>: Una altra reforma habitual \u00e9s la renovaci\u00f3 de pintura i sistemes d&#8217;il\u00b7luminaci\u00f3. Pintar cada cert temps el portal d&#8217;una comunitat li dona un aire de frescor i revitalitza l&#8217;estructura. A m\u00e9s, serveix per protegir les parets de l&#8217;entrada de taques, danys o desgastos pel seu \u00fas natural, mentre que el sistema d&#8217;il\u00b7luminaci\u00f3 afavoreix l&#8217;accessibilitat i la seguretat del vest\u00edbul. Depenent de l&#8217;estil del portal, la persona encarregada de la remodelaci\u00f3 pot incorporar varietat de llums amb la finalitat de ressaltar aquells aspectes art\u00edstics o arquitect\u00f2nics que tingui l&#8217;edifici.   <\/li>\n<\/ul>\n\t\t\t\t\t\t\t\t<\/div>\n\t\t\t\t<\/div>\n\t\t\t\t\t<\/div>\n\t\t<\/div>\n\t\t\t\t\t<\/div>\n\t\t<\/section>\n\t\t\t\t<section class=\"elementor-section elementor-top-section elementor-element elementor-element-b68c84a elementor-section-boxed elementor-section-height-default elementor-section-height-default\" data-id=\"b68c84a\" data-element_type=\"section\" data-e-type=\"section\">\n\t\t\t\t\t\t<div class=\"elementor-container elementor-column-gap-default\">\n\t\t\t\t\t<div class=\"elementor-column elementor-col-100 elementor-top-column elementor-element elementor-element-da2c2b7\" data-id=\"da2c2b7\" data-element_type=\"column\" data-e-type=\"column\">\n\t\t\t<div class=\"elementor-widget-wrap elementor-element-populated\">\n\t\t\t\t\t\t<div class=\"elementor-element elementor-element-970f2b2 elementor-widget elementor-widget-heading\" data-id=\"970f2b2\" data-element_type=\"widget\" data-e-type=\"widget\" data-widget_type=\"heading.default\">\n\t\t\t\t<div class=\"elementor-widget-container\">\n\t\t\t\t\t<h2 class=\"elementor-heading-title elementor-size-default\">Aszende, l'aliat perfecte per fer la reforma del portal de la teva comunitat<\/h2>\t\t\t\t<\/div>\n\t\t\t\t<\/div>\n\t\t\t\t<div class=\"elementor-element elementor-element-5e650ed elementor-widget elementor-widget-text-editor\" data-id=\"5e650ed\" data-element_type=\"widget\" data-e-type=\"widget\" data-widget_type=\"text-editor.default\">\n\t\t\t\t<div class=\"elementor-widget-container\">\n\t\t\t\t\t\t\t\t\t<p>Amb m\u00e9s de 45 anys al mercat europeu, Aszende es converteix en el partner que necessites per reformar portals de comunitat. Som l\u00edders en el sector i oferim serveis integrals que inclouen des de la <a href=\"https:\/\/www.aszende.com\/ca\/blog\/installacio-manteniment-ascensor\/\"> instal\u00b7laci\u00f3 i manteniment d\u2019ascensors<\/a> i altres sistemes de mobilitat vertical fins a la renovaci\u00f3 de terres, parets i sostres, tot el que necessites per dur a terme la reforma del portal de la teva comunitat. <\/p>\n<p>Per qu\u00e8 escollir Aszende?<\/p>\n<ul>\n<li><strong>Experi\u00e8ncia en l&#8217;\u00e0rea<\/strong>, la qual cosa permet als nostres t\u00e8cnics oferir un servei excepcional en avaluaci\u00f3 i planificaci\u00f3, reformes integrals, \u00fas de materials, compliment normatiu, entre d&#8217;altres.<\/li>\n<li><strong>T\u00e8cnics certificats<\/strong>, garantint una \u00f2ptima execuci\u00f3 dels treballs corresponents a la reforma.<\/li>\n<li><strong>Capacitat d&#8217;adaptaci\u00f3<\/strong>, ajustant-nos a les necessitats espec\u00edfiques de cada persona i projecte.<\/li>\n<li><strong>Atenci\u00f3 personalitzada<\/strong>, garantint que cada reforma de portal comunitari es realitzi d&#8217;acord amb les prefer\u00e8ncies del client i les particularitats de l&#8217;edifici.<\/li>\n<\/ul>\n\t\t\t\t\t\t\t\t<\/div>\n\t\t\t\t<\/div>\n\t\t\t\t<div class=\"elementor-element elementor-element-afa878b elementor-widget-divider--view-line elementor-widget elementor-widget-divider\" data-id=\"afa878b\" data-element_type=\"widget\" data-e-type=\"widget\" data-widget_type=\"divider.default\">\n\t\t\t\t<div class=\"elementor-widget-container\">\n\t\t\t\t\t\t\t<div class=\"elementor-divider\">\n\t\t\t<span class=\"elementor-divider-separator\">\n\t\t\t\t\t\t<\/span>\n\t\t<\/div>\n\t\t\t\t\t\t<\/div>\n\t\t\t\t<\/div>\n\t\t\t\t\t<\/div>\n\t\t<\/div>\n\t\t\t\t\t<\/div>\n\t\t<\/section>\n\t\t\t\t<section class=\"elementor-section elementor-top-section elementor-element elementor-element-1f999c6 elementor-section-boxed elementor-section-height-default elementor-section-height-default\" data-id=\"1f999c6\" data-element_type=\"section\" data-e-type=\"section\">\n\t\t\t\t\t\t<div class=\"elementor-container elementor-column-gap-default\">\n\t\t\t\t\t<div class=\"elementor-column elementor-col-33 elementor-top-column elementor-element elementor-element-7c110b3\" data-id=\"7c110b3\" data-element_type=\"column\" data-e-type=\"column\">\n\t\t\t<div class=\"elementor-widget-wrap elementor-element-populated\">\n\t\t\t\t\t\t<div class=\"elementor-element elementor-element-37f602a elementor-widget elementor-widget-heading\" data-id=\"37f602a\" data-element_type=\"widget\" data-e-type=\"widget\" data-widget_type=\"heading.default\">\n\t\t\t\t<div class=\"elementor-widget-container\">\n\t\t\t\t\t<h2 class=\"elementor-heading-title elementor-size-default\">Podem<br>ajudar-te<\/h2>\t\t\t\t<\/div>\n\t\t\t\t<\/div>\n\t\t\t\t<div class=\"elementor-element elementor-element-0e898e8 elementor-widget elementor-widget-text-editor\" data-id=\"0e898e8\" data-element_type=\"widget\" data-e-type=\"widget\" data-widget_type=\"text-editor.default\">\n\t\t\t\t<div class=\"elementor-widget-container\">\n\t\t\t\t\t\t\t\t\t<p>T&#8217;agradaria saber m\u00e9s sobre els nostres productes, serveis i solucions de mobilitat vertical? <\/p>\n<p>No ho dubtis i posa&#8217;t en contacte amb nosaltres sense cap mena de comprom\u00eds mitjan\u00e7ant aquest formulari i ens posarem en contacte amb el m\u00e9s aviat possible.<\/p>\n<p>Si desitges saber m\u00e9s sobre el tractament de les seves dades, visita la nostra <a href=\"https:\/\/www.aszende.com\/ca\/politica-de-privadesa\/\">pol\u00edtica de privacitat.<\/a><span style=\"font-size: var( --e-global-typography-7afb1e2-font-size ); font-style: inherit; font-weight: var( --e-global-typography-7afb1e2-font-weight ); color: var( --e-global-color-5c8db84 ); letter-spacing: var( --e-global-typography-7afb1e2-letter-spacing ); word-spacing: var( --e-global-typography-7afb1e2-word-spacing );\"><br \/><\/span><\/p>\n\t\t\t\t\t\t\t\t<\/div>\n\t\t\t\t<\/div>\n\t\t\t\t\t<\/div>\n\t\t<\/div>\n\t\t\t\t<div class=\"elementor-column elementor-col-66 elementor-top-column elementor-element elementor-element-35a0001\" data-id=\"35a0001\" data-element_type=\"column\" data-e-type=\"column\">\n\t\t\t<div class=\"elementor-widget-wrap elementor-element-populated\">\n\t\t\t\t\t\t<div class=\"elementor-element elementor-element-d13723d elementor-widget elementor-widget-html\" data-id=\"d13723d\" data-element_type=\"widget\" data-e-type=\"widget\" data-widget_type=\"html.default\">\n\t\t\t\t<div class=\"elementor-widget-container\">\n\t\t\t\t\t\n<div class=\"wpcf7 no-js\" id=\"wpcf7-f19728-o1\" lang=\"ca\" dir=\"ltr\" data-wpcf7-id=\"19728\">\n<div class=\"screen-reader-response\"><p role=\"status\" aria-live=\"polite\" aria-atomic=\"true\"><\/p> <ul><\/ul><\/div>\n<form action=\"\/ca\/wp-json\/wp\/v2\/posts\/23596#wpcf7-f19728-o1\" method=\"post\" class=\"wpcf7-form init\" aria-label=\"Formulari de contacte\" novalidate=\"novalidate\" data-status=\"init\">\n<fieldset class=\"hidden-fields-container\"><input type=\"hidden\" name=\"_wpcf7\" value=\"19728\" \/><input type=\"hidden\" name=\"_wpcf7_version\" value=\"6.1.5\" \/><input type=\"hidden\" name=\"_wpcf7_locale\" value=\"ca\" \/><input type=\"hidden\" name=\"_wpcf7_unit_tag\" value=\"wpcf7-f19728-o1\" \/><input type=\"hidden\" name=\"_wpcf7_container_post\" value=\"0\" \/><input type=\"hidden\" name=\"_wpcf7_posted_data_hash\" value=\"\" \/><input type=\"hidden\" name=\"_wpcf7_recaptcha_response\" value=\"\" \/>\n<\/fieldset>\n<div id=\"responsive-form\" class=\"clearfix\">\n\t<div class=\"form-row\">\n\t\t<div class=\"column-half\">\n\t\t\t<p><label> Persona de contacte* <span class=\"wpcf7-form-control-wrap\" data-name=\"your-name\"><input size=\"40\" maxlength=\"400\" class=\"wpcf7-form-control wpcf7-text wpcf7-validates-as-required\" aria-required=\"true\" aria-invalid=\"false\" value=\"\" type=\"text\" name=\"your-name\" \/><\/span> <\/label>\n\t\t\t<\/p>\n\t\t<\/div>\n\t\t<div class=\"column-half\">\n\t\t\t<p><label> Tel\u00e8fon de contacte* <span class=\"wpcf7-form-control-wrap\" data-name=\"your-phone\"><input size=\"40\" maxlength=\"400\" class=\"wpcf7-form-control wpcf7-tel wpcf7-validates-as-required wpcf7-text wpcf7-validates-as-tel\" aria-required=\"true\" aria-invalid=\"false\" value=\"\" type=\"tel\" name=\"your-phone\" \/><\/span> <\/label>\n\t\t\t<\/p>\n\t\t<\/div>\n\t<\/div>\n\t<div class=\"form-row\">\n\t\t<div class=\"column-half\">\n\t\t\t<p><label> Email* <span class=\"wpcf7-form-control-wrap\" data-name=\"your-email\"><input size=\"40\" maxlength=\"400\" class=\"wpcf7-form-control wpcf7-email wpcf7-validates-as-required wpcf7-text wpcf7-validates-as-email\" aria-required=\"true\" aria-invalid=\"false\" value=\"\" type=\"email\" name=\"your-email\" \/><\/span> <\/label>\n\t\t\t<\/p>\n\t\t<\/div>\n\t\t<div class=\"column-half\">\n\t\t\t<p><label> Poblaci\u00f3* <span class=\"wpcf7-form-control-wrap\" data-name=\"poblacion\"><input size=\"40\" maxlength=\"400\" class=\"wpcf7-form-control wpcf7-text wpcf7-validates-as-required\" aria-required=\"true\" aria-invalid=\"false\" value=\"\" type=\"text\" name=\"poblacion\" \/><\/span> <\/label>\n\t\t\t<\/p>\n\t\t<\/div>\n\t<\/div>\n\t<div class=\"form-row\">\n\t\t<div class=\"column-half\">\n\t\t\t<p><label> Adre\u00e7a* <span class=\"wpcf7-form-control-wrap\" data-name=\"direccion\"><input size=\"40\" maxlength=\"400\" class=\"wpcf7-form-control wpcf7-text wpcf7-validates-as-required\" aria-required=\"true\" aria-invalid=\"false\" value=\"\" type=\"text\" name=\"direccion\" \/><\/span> <\/label>\n\t\t\t<\/p>\n\t\t<\/div>\n\t\t<div class=\"column-half\">\n\t\t\t<p><label> Codi Postal* <span class=\"wpcf7-form-control-wrap\" data-name=\"codigo-postal\"><input size=\"40\" maxlength=\"400\" class=\"wpcf7-form-control wpcf7-text wpcf7-validates-as-required\" aria-required=\"true\" aria-invalid=\"false\" value=\"\" type=\"text\" name=\"codigo-postal\" \/><\/span> <\/label>\n\t\t\t<\/p>\n\t\t<\/div>\n\t<\/div>\n\t<div class=\"form-row\">\n\t\t<div class=\"column-full\">\n\t\t\t<p><label>Missatge* <span class=\"wpcf7-form-control-wrap\" data-name=\"your-message\"><textarea cols=\"40\" rows=\"10\" maxlength=\"2000\" class=\"wpcf7-form-control wpcf7-textarea wpcf7-validates-as-required\" aria-required=\"true\" aria-invalid=\"false\" name=\"your-message\"><\/textarea><\/span><\/label>\n\t\t\t<\/p>\n\t\t<\/div>\n\t<\/div>\n\t<div class=\"form-row\">\n\t\t<div class=\"column-full check_legal\">\n\t\t\t<p><span class=\"wpcf7-form-control-wrap\" data-name=\"acceptance-443\"><span class=\"wpcf7-form-control wpcf7-acceptance\"><span class=\"wpcf7-list-item\"><label><input type=\"checkbox\" name=\"acceptance-443\" value=\"1\" aria-invalid=\"false\" \/><span class=\"wpcf7-list-item-label\">He llegit i accepto el <a href=\"\/ca\/avis-legal\/\">avis legal<\/a> y la <a href=\"\/ca\/politica-de-privadesa\/\">Pol\u00edtica de Privacitat<\/a><\/span><\/label><\/span><\/span><\/span>\n\t\t\t<\/p>\n\t\t<\/div>\n\t<\/div>\n\t<div class=\"form-row\">\n\t\t<div class=\"column-full check_optional\">\n\t\t\t<p><span class=\"wpcf7-form-control-wrap\" data-name=\"opcional-checkbox\"><span class=\"wpcf7-form-control wpcf7-checkbox\"><span class=\"wpcf7-list-item first last\"><label><input type=\"checkbox\" name=\"opcional-checkbox[]\" value=\"Vull rebre comunicacions comercials sobre productes i\/o serveis de la companyia.\" \/><span class=\"wpcf7-list-item-label\">Vull rebre comunicacions comercials sobre productes i\/o serveis de la companyia.<\/span><\/label><\/span><\/span><\/span>\n\t\t\t<\/p>\n\t\t<\/div>\n\t<\/div>\n\t<div class=\"form-row\">\n\t\t<div class=\"column-full contenedor_boton_formulario\">\n\t\t\t<p><input class=\"wpcf7-form-control wpcf7-submit has-spinner\" type=\"submit\" value=\"Enviar\" \/>\n\t\t\t<\/p>\n\t\t<\/div>\n\t<\/div>\n<input class=\"wpcf7-form-control wpcf7-hidden\" value=\"\" type=\"hidden\" name=\"form-page-url\" \/>\n\t<p><script>\ndocument.querySelectorAll('.wpcf7 input[name=\"form-page-url\"]').forEach(function(element) {\n element.value = window.location.href;\n});\n<\/script>\n\t<\/p>\n<\/div><div class=\"wpcf7-response-output\" aria-hidden=\"true\"><\/div>\n<\/form>\n<\/div>\n\t\t\t\t<\/div>\n\t\t\t\t<\/div>\n\t\t\t\t\t<\/div>\n\t\t<\/div>\n\t\t\t\t\t<\/div>\n\t\t<\/section>\n\t\t\t\t<\/div>\n\t\t","protected":false},"excerpt":{"rendered":"<p>Coneix els terminis i requisits per a la inspecci\u00f3 obligat\u00f2ria d&#8217;un ascensor. Garanteix la seva seguretat i compliment legal amb revisions peri\u00f2diques.<\/p>\n","protected":false},"author":6,"featured_media":23585,"comment_status":"closed","ping_status":"closed","sticky":false,"template":"","format":"standard","meta":{"site-sidebar-layout":"default","site-content-layout":"default","ast-site-content-layout":"default","site-content-style":"default","site-sidebar-style":"default","ast-global-header-display":"","ast-banner-title-visibility":"","ast-main-header-display":"","ast-hfb-above-header-display":"","ast-hfb-below-header-display":"","ast-hfb-mobile-header-display":"","site-post-title":"","ast-breadcrumbs-content":"","ast-featured-img":"","footer-sml-layout":"","theme-transparent-header-meta":"default","adv-header-id-meta":"","stick-header-meta":"","header-above-stick-meta":"","header-main-stick-meta":"","header-below-stick-meta":"","astra-migrate-meta-layouts":"default","ast-page-background-enabled":"default","ast-page-background-meta":{"desktop":{"background-color":"var(--ast-global-color-4)","background-image":"","background-repeat":"repeat","background-position":"center center","background-size":"auto","background-attachment":"scroll","background-type":"","background-media":"","overlay-type":"","overlay-color":"","overlay-opacity":"","overlay-gradient":""},"tablet":{"background-color":"","background-image":"","background-repeat":"repeat","background-position":"center center","background-size":"auto","background-attachment":"scroll","background-type":"","background-media":"","overlay-type":"","overlay-color":"","overlay-opacity":"","overlay-gradient":""},"mobile":{"background-color":"","background-image":"","background-repeat":"repeat","background-position":"center center","background-size":"auto","background-attachment":"scroll","background-type":"","background-media":"","overlay-type":"","overlay-color":"","overlay-opacity":"","overlay-gradient":""}},"ast-content-background-meta":{"desktop":{"background-color":"var(--ast-global-color-5)","background-image":"","background-repeat":"repeat","background-position":"center center","background-size":"auto","background-attachment":"scroll","background-type":"","background-media":"","overlay-type":"","overlay-color":"","overlay-opacity":"","overlay-gradient":""},"tablet":{"background-color":"var(--ast-global-color-5)","background-image":"","background-repeat":"repeat","background-position":"center center","background-size":"auto","background-attachment":"scroll","background-type":"","background-media":"","overlay-type":"","overlay-color":"","overlay-opacity":"","overlay-gradient":""},"mobile":{"background-color":"var(--ast-global-color-5)","background-image":"","background-repeat":"repeat","background-position":"center center","background-size":"auto","background-attachment":"scroll","background-type":"","background-media":"","overlay-type":"","overlay-color":"","overlay-opacity":"","overlay-gradient":""}},"footnotes":""},"categories":[1],"tags":[],"class_list":["post-23596","post","type-post","status-publish","format-standard","has-post-thumbnail","hentry","category-sin-categorizar"],"yoast_head":"<!-- This site is optimized with the Yoast SEO plugin v27.0 - https:\/\/yoast.com\/product\/yoast-seo-wordpress\/ -->\n<title>Reforma d&#039;un portal comunitari: impacte en l&#039;accessibilitat<\/title>\n<meta name=\"description\" content=\"Reforma del portal d&#039;una comunitat: Millora l&#039;accessibilitat i l&#039;est\u00e8tica, augmenta el valor de propietat i el confort.\" \/>\n<meta name=\"robots\" content=\"index, follow, max-snippet:-1, max-image-preview:large, max-video-preview:-1\" \/>\n<link rel=\"canonical\" href=\"https:\/\/www.aszende.com\/ca\/blog\/reforma-portal-comunitat\/\" \/>\n<meta property=\"og:locale\" content=\"ca_ES\" \/>\n<meta property=\"og:type\" content=\"article\" \/>\n<meta property=\"og:title\" content=\"Reforma d&#039;un portal comunitari: impacte en l&#039;accessibilitat\" \/>\n<meta property=\"og:description\" content=\"Reforma del portal d&#039;una comunitat: Millora l&#039;accessibilitat i l&#039;est\u00e8tica, augmenta el valor de propietat i el confort.\" \/>\n<meta property=\"og:url\" content=\"https:\/\/www.aszende.com\/ca\/blog\/reforma-portal-comunitat\/\" \/>\n<meta property=\"og:site_name\" content=\"Aszende\" \/>\n<meta property=\"article:published_time\" content=\"2024-08-13T09:40:18+00:00\" \/>\n<meta property=\"article:modified_time\" content=\"2025-04-07T06:25:07+00:00\" \/>\n<meta property=\"og:image\" content=\"https:\/\/www.aszende.com\/wp-content\/uploads\/2024\/08\/reforma-portal-comunidad.jpg\" \/>\n\t<meta property=\"og:image:width\" content=\"911\" \/>\n\t<meta property=\"og:image:height\" content=\"772\" \/>\n\t<meta property=\"og:image:type\" content=\"image\/jpeg\" \/>\n<meta name=\"author\" content=\"GO2JUMP\" \/>\n<meta name=\"twitter:card\" content=\"summary_large_image\" \/>\n<meta name=\"twitter:label1\" content=\"Escrit per\" \/>\n\t<meta name=\"twitter:data1\" content=\"GO2JUMP\" \/>\n\t<meta name=\"twitter:label2\" content=\"Temps estimat de lectura\" \/>\n\t<meta name=\"twitter:data2\" content=\"6 minuts\" \/>\n<script type=\"application\/ld+json\" class=\"yoast-schema-graph\">{\"@context\":\"https:\/\/schema.org\",\"@graph\":[{\"@type\":\"Article\",\"@id\":\"https:\/\/www.aszende.com\/ca\/blog\/reforma-portal-comunitat\/#article\",\"isPartOf\":{\"@id\":\"https:\/\/www.aszende.com\/ca\/blog\/reforma-portal-comunitat\/\"},\"author\":{\"name\":\"GO2JUMP\",\"@id\":\"https:\/\/www.aszende.com\/en\/#\/schema\/person\/84539476955736c0d2283e7f6bcab6fb\"},\"headline\":\"Com impacta la reforma d&#8217;un portal comunitari en l&#8217;accessibilitat i l&#8217;est\u00e8tica d&#8217;un edifici?\",\"datePublished\":\"2024-08-13T09:40:18+00:00\",\"dateModified\":\"2025-04-07T06:25:07+00:00\",\"mainEntityOfPage\":{\"@id\":\"https:\/\/www.aszende.com\/ca\/blog\/reforma-portal-comunitat\/\"},\"wordCount\":1140,\"publisher\":{\"@id\":\"https:\/\/www.aszende.com\/en\/#organization\"},\"image\":{\"@id\":\"https:\/\/www.aszende.com\/ca\/blog\/reforma-portal-comunitat\/#primaryimage\"},\"thumbnailUrl\":\"https:\/\/www.aszende.com\/wp-content\/uploads\/2024\/08\/reforma-portal-comunidad.jpg\",\"articleSection\":[\"Sin categorizar\"],\"inLanguage\":\"ca\"},{\"@type\":\"WebPage\",\"@id\":\"https:\/\/www.aszende.com\/ca\/blog\/reforma-portal-comunitat\/\",\"url\":\"https:\/\/www.aszende.com\/ca\/blog\/reforma-portal-comunitat\/\",\"name\":\"Reforma d'un portal comunitari: impacte en l'accessibilitat\",\"isPartOf\":{\"@id\":\"https:\/\/www.aszende.com\/en\/#website\"},\"primaryImageOfPage\":{\"@id\":\"https:\/\/www.aszende.com\/ca\/blog\/reforma-portal-comunitat\/#primaryimage\"},\"image\":{\"@id\":\"https:\/\/www.aszende.com\/ca\/blog\/reforma-portal-comunitat\/#primaryimage\"},\"thumbnailUrl\":\"https:\/\/www.aszende.com\/wp-content\/uploads\/2024\/08\/reforma-portal-comunidad.jpg\",\"datePublished\":\"2024-08-13T09:40:18+00:00\",\"dateModified\":\"2025-04-07T06:25:07+00:00\",\"description\":\"Reforma del portal d'una comunitat: Millora l'accessibilitat i l'est\u00e8tica, augmenta el valor de propietat i el confort.\",\"breadcrumb\":{\"@id\":\"https:\/\/www.aszende.com\/ca\/blog\/reforma-portal-comunitat\/#breadcrumb\"},\"inLanguage\":\"ca\",\"potentialAction\":[{\"@type\":\"ReadAction\",\"target\":[\"https:\/\/www.aszende.com\/ca\/blog\/reforma-portal-comunitat\/\"]}]},{\"@type\":\"ImageObject\",\"inLanguage\":\"ca\",\"@id\":\"https:\/\/www.aszende.com\/ca\/blog\/reforma-portal-comunitat\/#primaryimage\",\"url\":\"https:\/\/www.aszende.com\/wp-content\/uploads\/2024\/08\/reforma-portal-comunidad.jpg\",\"contentUrl\":\"https:\/\/www.aszende.com\/wp-content\/uploads\/2024\/08\/reforma-portal-comunidad.jpg\",\"width\":911,\"height\":772,\"caption\":\"\u00bfC\u00f3mo la reforma de un portal de comunidad impacta en la accesibilidad y est\u00e9tica de un edificio?\"},{\"@type\":\"BreadcrumbList\",\"@id\":\"https:\/\/www.aszende.com\/ca\/blog\/reforma-portal-comunitat\/#breadcrumb\",\"itemListElement\":[{\"@type\":\"ListItem\",\"position\":1,\"name\":\"Inicio\",\"item\":\"https:\/\/www.aszende.com\/ca\/\"},{\"@type\":\"ListItem\",\"position\":2,\"name\":\"Com impacta la reforma d&#8217;un portal comunitari en l&#8217;accessibilitat i l&#8217;est\u00e8tica d&#8217;un edifici?\"}]},{\"@type\":\"WebSite\",\"@id\":\"https:\/\/www.aszende.com\/en\/#website\",\"url\":\"https:\/\/www.aszende.com\/en\/\",\"name\":\"Aszende\",\"description\":\"\",\"publisher\":{\"@id\":\"https:\/\/www.aszende.com\/en\/#organization\"},\"potentialAction\":[{\"@type\":\"SearchAction\",\"target\":{\"@type\":\"EntryPoint\",\"urlTemplate\":\"https:\/\/www.aszende.com\/en\/?s={search_term_string}\"},\"query-input\":{\"@type\":\"PropertyValueSpecification\",\"valueRequired\":true,\"valueName\":\"search_term_string\"}}],\"inLanguage\":\"ca\"},{\"@type\":\"Organization\",\"@id\":\"https:\/\/www.aszende.com\/en\/#organization\",\"name\":\"Aszende\",\"url\":\"https:\/\/www.aszende.com\/en\/\",\"logo\":{\"@type\":\"ImageObject\",\"inLanguage\":\"ca\",\"@id\":\"https:\/\/www.aszende.com\/en\/#\/schema\/logo\/image\/\",\"url\":\"https:\/\/www.aszende.com\/wp-content\/uploads\/2022\/10\/LOGO-Aszende-sin-R.png\",\"contentUrl\":\"https:\/\/www.aszende.com\/wp-content\/uploads\/2022\/10\/LOGO-Aszende-sin-R.png\",\"width\":346,\"height\":114,\"caption\":\"Aszende\"},\"image\":{\"@id\":\"https:\/\/www.aszende.com\/en\/#\/schema\/logo\/image\/\"}},{\"@type\":\"Person\",\"@id\":\"https:\/\/www.aszende.com\/en\/#\/schema\/person\/84539476955736c0d2283e7f6bcab6fb\",\"name\":\"GO2JUMP\",\"image\":{\"@type\":\"ImageObject\",\"inLanguage\":\"ca\",\"@id\":\"https:\/\/www.aszende.com\/en\/#\/schema\/person\/image\/\",\"url\":\"https:\/\/secure.gravatar.com\/avatar\/31d3d42d560f9952b607a41659b69bc36248676da87a1f2a4a521b0e40b62fe8?s=96&d=mm&r=g\",\"contentUrl\":\"https:\/\/secure.gravatar.com\/avatar\/31d3d42d560f9952b607a41659b69bc36248676da87a1f2a4a521b0e40b62fe8?s=96&d=mm&r=g\",\"caption\":\"GO2JUMP\"}}]}<\/script>\n<!-- \/ Yoast SEO plugin. -->","yoast_head_json":{"title":"Reforma d'un portal comunitari: impacte en l'accessibilitat","description":"Reforma del portal d'una comunitat: Millora l'accessibilitat i l'est\u00e8tica, augmenta el valor de propietat i el confort.","robots":{"index":"index","follow":"follow","max-snippet":"max-snippet:-1","max-image-preview":"max-image-preview:large","max-video-preview":"max-video-preview:-1"},"canonical":"https:\/\/www.aszende.com\/ca\/blog\/reforma-portal-comunitat\/","og_locale":"ca_ES","og_type":"article","og_title":"Reforma d'un portal comunitari: impacte en l'accessibilitat","og_description":"Reforma del portal d'una comunitat: Millora l'accessibilitat i l'est\u00e8tica, augmenta el valor de propietat i el confort.","og_url":"https:\/\/www.aszende.com\/ca\/blog\/reforma-portal-comunitat\/","og_site_name":"Aszende","article_published_time":"2024-08-13T09:40:18+00:00","article_modified_time":"2025-04-07T06:25:07+00:00","og_image":[{"width":911,"height":772,"url":"https:\/\/www.aszende.com\/wp-content\/uploads\/2024\/08\/reforma-portal-comunidad.jpg","type":"image\/jpeg"}],"author":"GO2JUMP","twitter_card":"summary_large_image","twitter_misc":{"Escrit per":"GO2JUMP","Temps estimat de lectura":"6 minuts"},"schema":{"@context":"https:\/\/schema.org","@graph":[{"@type":"Article","@id":"https:\/\/www.aszende.com\/ca\/blog\/reforma-portal-comunitat\/#article","isPartOf":{"@id":"https:\/\/www.aszende.com\/ca\/blog\/reforma-portal-comunitat\/"},"author":{"name":"GO2JUMP","@id":"https:\/\/www.aszende.com\/en\/#\/schema\/person\/84539476955736c0d2283e7f6bcab6fb"},"headline":"Com impacta la reforma d&#8217;un portal comunitari en l&#8217;accessibilitat i l&#8217;est\u00e8tica d&#8217;un edifici?","datePublished":"2024-08-13T09:40:18+00:00","dateModified":"2025-04-07T06:25:07+00:00","mainEntityOfPage":{"@id":"https:\/\/www.aszende.com\/ca\/blog\/reforma-portal-comunitat\/"},"wordCount":1140,"publisher":{"@id":"https:\/\/www.aszende.com\/en\/#organization"},"image":{"@id":"https:\/\/www.aszende.com\/ca\/blog\/reforma-portal-comunitat\/#primaryimage"},"thumbnailUrl":"https:\/\/www.aszende.com\/wp-content\/uploads\/2024\/08\/reforma-portal-comunidad.jpg","articleSection":["Sin categorizar"],"inLanguage":"ca"},{"@type":"WebPage","@id":"https:\/\/www.aszende.com\/ca\/blog\/reforma-portal-comunitat\/","url":"https:\/\/www.aszende.com\/ca\/blog\/reforma-portal-comunitat\/","name":"Reforma d'un portal comunitari: impacte en l'accessibilitat","isPartOf":{"@id":"https:\/\/www.aszende.com\/en\/#website"},"primaryImageOfPage":{"@id":"https:\/\/www.aszende.com\/ca\/blog\/reforma-portal-comunitat\/#primaryimage"},"image":{"@id":"https:\/\/www.aszende.com\/ca\/blog\/reforma-portal-comunitat\/#primaryimage"},"thumbnailUrl":"https:\/\/www.aszende.com\/wp-content\/uploads\/2024\/08\/reforma-portal-comunidad.jpg","datePublished":"2024-08-13T09:40:18+00:00","dateModified":"2025-04-07T06:25:07+00:00","description":"Reforma del portal d'una comunitat: Millora l'accessibilitat i l'est\u00e8tica, augmenta el valor de propietat i el confort.","breadcrumb":{"@id":"https:\/\/www.aszende.com\/ca\/blog\/reforma-portal-comunitat\/#breadcrumb"},"inLanguage":"ca","potentialAction":[{"@type":"ReadAction","target":["https:\/\/www.aszende.com\/ca\/blog\/reforma-portal-comunitat\/"]}]},{"@type":"ImageObject","inLanguage":"ca","@id":"https:\/\/www.aszende.com\/ca\/blog\/reforma-portal-comunitat\/#primaryimage","url":"https:\/\/www.aszende.com\/wp-content\/uploads\/2024\/08\/reforma-portal-comunidad.jpg","contentUrl":"https:\/\/www.aszende.com\/wp-content\/uploads\/2024\/08\/reforma-portal-comunidad.jpg","width":911,"height":772,"caption":"\u00bfC\u00f3mo la reforma de un portal de comunidad impacta en la accesibilidad y est\u00e9tica de un edificio?"},{"@type":"BreadcrumbList","@id":"https:\/\/www.aszende.com\/ca\/blog\/reforma-portal-comunitat\/#breadcrumb","itemListElement":[{"@type":"ListItem","position":1,"name":"Inicio","item":"https:\/\/www.aszende.com\/ca\/"},{"@type":"ListItem","position":2,"name":"Com impacta la reforma d&#8217;un portal comunitari en l&#8217;accessibilitat i l&#8217;est\u00e8tica d&#8217;un edifici?"}]},{"@type":"WebSite","@id":"https:\/\/www.aszende.com\/en\/#website","url":"https:\/\/www.aszende.com\/en\/","name":"Aszende","description":"","publisher":{"@id":"https:\/\/www.aszende.com\/en\/#organization"},"potentialAction":[{"@type":"SearchAction","target":{"@type":"EntryPoint","urlTemplate":"https:\/\/www.aszende.com\/en\/?s={search_term_string}"},"query-input":{"@type":"PropertyValueSpecification","valueRequired":true,"valueName":"search_term_string"}}],"inLanguage":"ca"},{"@type":"Organization","@id":"https:\/\/www.aszende.com\/en\/#organization","name":"Aszende","url":"https:\/\/www.aszende.com\/en\/","logo":{"@type":"ImageObject","inLanguage":"ca","@id":"https:\/\/www.aszende.com\/en\/#\/schema\/logo\/image\/","url":"https:\/\/www.aszende.com\/wp-content\/uploads\/2022\/10\/LOGO-Aszende-sin-R.png","contentUrl":"https:\/\/www.aszende.com\/wp-content\/uploads\/2022\/10\/LOGO-Aszende-sin-R.png","width":346,"height":114,"caption":"Aszende"},"image":{"@id":"https:\/\/www.aszende.com\/en\/#\/schema\/logo\/image\/"}},{"@type":"Person","@id":"https:\/\/www.aszende.com\/en\/#\/schema\/person\/84539476955736c0d2283e7f6bcab6fb","name":"GO2JUMP","image":{"@type":"ImageObject","inLanguage":"ca","@id":"https:\/\/www.aszende.com\/en\/#\/schema\/person\/image\/","url":"https:\/\/secure.gravatar.com\/avatar\/31d3d42d560f9952b607a41659b69bc36248676da87a1f2a4a521b0e40b62fe8?s=96&d=mm&r=g","contentUrl":"https:\/\/secure.gravatar.com\/avatar\/31d3d42d560f9952b607a41659b69bc36248676da87a1f2a4a521b0e40b62fe8?s=96&d=mm&r=g","caption":"GO2JUMP"}}]}},"_links":{"self":[{"href":"https:\/\/www.aszende.com\/ca\/wp-json\/wp\/v2\/posts\/23596","targetHints":{"allow":["GET"]}}],"collection":[{"href":"https:\/\/www.aszende.com\/ca\/wp-json\/wp\/v2\/posts"}],"about":[{"href":"https:\/\/www.aszende.com\/ca\/wp-json\/wp\/v2\/types\/post"}],"author":[{"embeddable":true,"href":"https:\/\/www.aszende.com\/ca\/wp-json\/wp\/v2\/users\/6"}],"replies":[{"embeddable":true,"href":"https:\/\/www.aszende.com\/ca\/wp-json\/wp\/v2\/comments?post=23596"}],"version-history":[{"count":0,"href":"https:\/\/www.aszende.com\/ca\/wp-json\/wp\/v2\/posts\/23596\/revisions"}],"wp:featuredmedia":[{"embeddable":true,"href":"https:\/\/www.aszende.com\/ca\/wp-json\/wp\/v2\/media\/23585"}],"wp:attachment":[{"href":"https:\/\/www.aszende.com\/ca\/wp-json\/wp\/v2\/media?parent=23596"}],"wp:term":[{"taxonomy":"category","embeddable":true,"href":"https:\/\/www.aszende.com\/ca\/wp-json\/wp\/v2\/categories?post=23596"},{"taxonomy":"post_tag","embeddable":true,"href":"https:\/\/www.aszende.com\/ca\/wp-json\/wp\/v2\/tags?post=23596"}],"curies":[{"name":"wp","href":"https:\/\/api.w.org\/{rel}","templated":true}]}}