{"id":24890,"date":"2025-04-09T12:01:48","date_gmt":"2025-04-09T12:01:48","guid":{"rendered":"https:\/\/www.aszende.com\/?p=24890"},"modified":"2025-09-12T10:33:57","modified_gmt":"2025-09-12T10:33:57","slug":"itc-manteniment-ascensors","status":"publish","type":"post","link":"https:\/\/www.aszende.com\/ca\/blog\/itc-manteniment-ascensors\/","title":{"rendered":"Com afecta la ITC al manteniment d&#8217;ascensors?"},"content":{"rendered":"\t\t<div data-elementor-type=\"wp-post\" data-elementor-id=\"24890\" class=\"elementor elementor-24890 elementor-24867\" data-elementor-post-type=\"post\">\n\t\t\t\t\t\t<section class=\"elementor-section elementor-top-section elementor-element elementor-element-6a6b119 elementor-section-boxed elementor-section-height-default elementor-section-height-default\" data-id=\"6a6b119\" data-element_type=\"section\" data-e-type=\"section\">\n\t\t\t\t\t\t<div class=\"elementor-container elementor-column-gap-default\">\n\t\t\t\t\t<div class=\"elementor-column elementor-col-50 elementor-top-column elementor-element elementor-element-a5415e8\" data-id=\"a5415e8\" data-element_type=\"column\" data-e-type=\"column\">\n\t\t\t<div class=\"elementor-widget-wrap elementor-element-populated\">\n\t\t\t\t\t\t<div class=\"elementor-element elementor-element-fd0e946 elementor-widget__width-initial elementor-widget elementor-widget-image\" data-id=\"fd0e946\" data-element_type=\"widget\" data-e-type=\"widget\" data-widget_type=\"image.default\">\n\t\t\t\t<div class=\"elementor-widget-container\">\n\t\t\t\t\t\t\t\t\t\t\t\t\t\t\t<img fetchpriority=\"high\" decoding=\"async\" width=\"1200\" height=\"1200\" src=\"https:\/\/www.aszende.com\/wp-content\/uploads\/2025\/04\/ITC-mantenimiento.jpg\" class=\"attachment-2048x2048 size-2048x2048 wp-image-24873\" alt=\"ITC mantenimiento\" srcset=\"https:\/\/www.aszende.com\/wp-content\/uploads\/2025\/04\/ITC-mantenimiento.jpg 1200w, https:\/\/www.aszende.com\/wp-content\/uploads\/2025\/04\/ITC-mantenimiento-300x300.jpg 300w, https:\/\/www.aszende.com\/wp-content\/uploads\/2025\/04\/ITC-mantenimiento-1024x1024.jpg 1024w, https:\/\/www.aszende.com\/wp-content\/uploads\/2025\/04\/ITC-mantenimiento-150x150.jpg 150w, https:\/\/www.aszende.com\/wp-content\/uploads\/2025\/04\/ITC-mantenimiento-768x768.jpg 768w, https:\/\/www.aszende.com\/wp-content\/uploads\/2025\/04\/ITC-mantenimiento-700x700.jpg 700w, https:\/\/www.aszende.com\/wp-content\/uploads\/2025\/04\/ITC-mantenimiento-600x600.jpg 600w, https:\/\/www.aszende.com\/wp-content\/uploads\/2025\/04\/ITC-mantenimiento-100x100.jpg 100w\" sizes=\"(max-width: 1200px) 100vw, 1200px\" \/>\t\t\t\t\t\t\t\t\t\t\t\t\t\t\t<\/div>\n\t\t\t\t<\/div>\n\t\t\t\t\t<\/div>\n\t\t<\/div>\n\t\t\t\t<div class=\"elementor-column elementor-col-50 elementor-top-column elementor-element elementor-element-6c0a946\" data-id=\"6c0a946\" data-element_type=\"column\" data-e-type=\"column\">\n\t\t\t<div class=\"elementor-widget-wrap elementor-element-populated\">\n\t\t\t\t\t\t<div class=\"elementor-element elementor-element-0bafb13 elementor-widget__width-initial elementor-widget elementor-widget-text-editor\" data-id=\"0bafb13\" data-element_type=\"widget\" data-e-type=\"widget\" data-widget_type=\"text-editor.default\">\n\t\t\t\t<div class=\"elementor-widget-container\">\n\t\t\t\t\t\t\t\t\t<p>La recent actualitzaci\u00f3 de la <strong>Instrucci\u00f3 T\u00e8cnica Complement\u00e0ria (ITC)<\/strong> per al manteniment d&#8217;ascensors, recollida al Reial decret 355\/2024, estableix un marc normatiu per garantir la seguretat, accessibilitat i efici\u00e8ncia operativa dels sistemes de mobilitat vertical.<\/p><p>Aquesta <a href=\"https:\/\/www.aszende.com\/ca\/blog\/normativamanteniment-dascensors\/\">normativa de manteniment<\/a>, condicions de seguretat i inspeccions respon a la necessitat de <strong>reduir el risc d&#8217;errors mec\u00e0nics<\/strong>, millorar l&#8217;accessibilitat per a persones amb mobilitat redu\u00efda i optimitzar el <strong>consum energ\u00e8tic<\/strong> dels equips.<\/p><p>Les modificacions introdu\u00efdes afecten tant els propietaris d&#8217;edificis com les <strong>empreses de manteniment<\/strong>, que hauran d&#8217;adoptar nous procediments t\u00e8cnics, ampliar la documentaci\u00f3 requerida i complir <strong>revisions m\u00e9s estrictes<\/strong> per garantir el funcionament correcte dels ascensors.<\/p>\t\t\t\t\t\t\t\t<\/div>\n\t\t\t\t<\/div>\n\t\t\t\t\t<\/div>\n\t\t<\/div>\n\t\t\t\t\t<\/div>\n\t\t<\/section>\n\t\t\t\t<section class=\"elementor-section elementor-top-section elementor-element elementor-element-52d67cc elementor-section-boxed elementor-section-height-default elementor-section-height-default\" data-id=\"52d67cc\" data-element_type=\"section\" data-e-type=\"section\">\n\t\t\t\t\t\t<div class=\"elementor-container elementor-column-gap-default\">\n\t\t\t\t\t<div class=\"elementor-column elementor-col-100 elementor-top-column elementor-element elementor-element-436bd1d\" data-id=\"436bd1d\" data-element_type=\"column\" data-e-type=\"column\">\n\t\t\t<div class=\"elementor-widget-wrap elementor-element-populated\">\n\t\t\t\t\t\t<div class=\"elementor-element elementor-element-28e70cb elementor-widget elementor-widget-heading\" data-id=\"28e70cb\" data-element_type=\"widget\" data-e-type=\"widget\" data-widget_type=\"heading.default\">\n\t\t\t\t<div class=\"elementor-widget-container\">\n\t\t\t\t\t<h2 class=\"elementor-heading-title elementor-size-default\">Com regula la ITC el manteniment d\u2019ascensors?<\/h2>\t\t\t\t<\/div>\n\t\t\t\t<\/div>\n\t\t\t\t<div class=\"elementor-element elementor-element-c89830b elementor-widget elementor-widget-text-editor\" data-id=\"c89830b\" data-element_type=\"widget\" data-e-type=\"widget\" data-widget_type=\"text-editor.default\">\n\t\t\t\t<div class=\"elementor-widget-container\">\n\t\t\t\t\t\t\t\t\t<p>La ITC per al manteniment d&#8217;ascensors regula totes les activitats relacionades amb la cura, la inspecci\u00f3 i la supervisi\u00f3 d&#8217;aquestes instal\u00b7lacions. El seu abast abasta des de la planificaci\u00f3 i execuci\u00f3 del <strong>manteniment preventiu i correctiu<\/strong> fins a les exig\u00e8ncies t\u00e8cniques per a la modernitzaci\u00f3 i la substituci\u00f3 de components. <\/p>\n<p>Aquesta normativa defineix les <strong>condicions m\u00ednimes obligat\u00f2ries<\/strong> per al manteniment dels ascensors a Espanya, i assegura que els equips operin de manera \u00f2ptima i sense representar riscos per als usuaris. Entre els principals requisits destaquen: <\/p>\n\t\t\t\t\t\t\t\t<\/div>\n\t\t\t\t<\/div>\n\t\t\t\t\t<\/div>\n\t\t<\/div>\n\t\t\t\t\t<\/div>\n\t\t<\/section>\n\t\t\t\t<section class=\"elementor-section elementor-top-section elementor-element elementor-element-53f5fe6 elementor-section-boxed elementor-section-height-default elementor-section-height-default\" data-id=\"53f5fe6\" data-element_type=\"section\" data-e-type=\"section\">\n\t\t\t\t\t\t<div class=\"elementor-container elementor-column-gap-default\">\n\t\t\t\t\t<div class=\"elementor-column elementor-col-50 elementor-top-column elementor-element elementor-element-4eb8c40\" data-id=\"4eb8c40\" data-element_type=\"column\" data-e-type=\"column\">\n\t\t\t<div class=\"elementor-widget-wrap elementor-element-populated\">\n\t\t\t\t\t\t<div class=\"elementor-element elementor-element-8c7e5dd elementor-widget elementor-widget-heading\" data-id=\"8c7e5dd\" data-element_type=\"widget\" data-e-type=\"widget\" data-widget_type=\"heading.default\">\n\t\t\t\t<div class=\"elementor-widget-container\">\n\t\t\t\t\t<h3 class=\"elementor-heading-title elementor-size-default\">Requisits t\u00e8cnics exigits al manteniment d'ascensors<\/h3>\t\t\t\t<\/div>\n\t\t\t\t<\/div>\n\t\t\t\t<div class=\"elementor-element elementor-element-9e70cb7 elementor-widget elementor-widget-text-editor\" data-id=\"9e70cb7\" data-element_type=\"widget\" data-e-type=\"widget\" data-widget_type=\"text-editor.default\">\n\t\t\t\t<div class=\"elementor-widget-container\">\n\t\t\t\t\t\t\t\t\t<p>Aquests s\u00f3n fonamentals per garantir el funcionament correcte dels sistemes d&#8217;elevaci\u00f3. Entre ells s&#8217;hi inclouen: <\/p>\n\t\t\t\t\t\t\t\t<\/div>\n\t\t\t\t<\/div>\n\t\t\t\t<div class=\"elementor-element elementor-element-1d17992 elementor-widget elementor-widget-text-editor\" data-id=\"1d17992\" data-element_type=\"widget\" data-e-type=\"widget\" data-widget_type=\"text-editor.default\">\n\t\t\t\t<div class=\"elementor-widget-container\">\n\t\t\t\t\t\t\t\t\t<ul><li>Implementaci\u00f3 d&#8217;un <strong>pla de manteniment espec\u00edfic<\/strong>.<\/li><li>Contractaci\u00f3 d&#8217;una <strong style=\"font-style: inherit;\">p\u00f2lissa d&#8217;<strong style=\"font-style: inherit;\">asseguran\u00e7a de responsabilitat civil<\/strong><span style=\"font-style: inherit; font-weight: inherit;\"> amb una cobertura m\u00ednima de 900.000 euros.<\/span><br \/><\/strong><\/li><li>Elaboraci\u00f3 d&#8217;un\u00a0<strong style=\"font-style: inherit;\">manual de funcionament individual<\/strong><span style=\"font-style: inherit; font-weight: inherit;\"> per a cada ascensor.<\/span><\/li><li>Incorporaci\u00f3 d&#8217;un <strong>dispositiu de protecci\u00f3<\/strong> que cobreixi l&#8217;obertura des d&#8217;almenys 25 mm fins a 1600 mm sobre la base de la cabina.<\/li><li>Assegurament d&#8217;una <strong>precisi\u00f3 de parada<\/strong> de \u00b110 mm i una precisi\u00f3 d&#8217;anivellament de \u00b120 mm.<\/li><li>Substituci\u00f3 de <strong>components obsolets<\/strong>.<\/li><\/ul>\t\t\t\t\t\t\t\t<\/div>\n\t\t\t\t<\/div>\n\t\t\t\t<div class=\"elementor-element elementor-element-babf8b9 elementor-widget elementor-widget-heading\" data-id=\"babf8b9\" data-element_type=\"widget\" data-e-type=\"widget\" data-widget_type=\"heading.default\">\n\t\t\t\t<div class=\"elementor-widget-container\">\n\t\t\t\t\t<h3 class=\"elementor-heading-title elementor-size-default\">Requisits t\u00e8cnics exigits al manteniment d'ascensors<\/h3>\t\t\t\t<\/div>\n\t\t\t\t<\/div>\n\t\t\t\t<div class=\"elementor-element elementor-element-26ce1bc elementor-widget elementor-widget-text-editor\" data-id=\"26ce1bc\" data-element_type=\"widget\" data-e-type=\"widget\" data-widget_type=\"text-editor.default\">\n\t\t\t\t<div class=\"elementor-widget-container\">\n\t\t\t\t\t\t\t\t\t<p class=\"MsoNormal\" style=\"text-align: justify; line-height: 150%;\"><span style=\"font-family: 'Open Sans Ligth',serif; mso-ansi-language: ES;\">La ITC tamb\u00e9 estableix la freq\u00fc\u00e8ncia amb qu\u00e8 s&#8217;han de fer les inspeccions i les revisions, segons el tipus d&#8217;ascensor, la seva antiguitat i la intensitat d&#8217;\u00fas.<\/span><\/p>\n\t\t\t\t\t\t\t\t<\/div>\n\t\t\t\t<\/div>\n\t\t\t\t\t<\/div>\n\t\t<\/div>\n\t\t\t\t<div class=\"elementor-column elementor-col-50 elementor-top-column elementor-element elementor-element-ecc6198\" data-id=\"ecc6198\" data-element_type=\"column\" data-e-type=\"column\">\n\t\t\t<div class=\"elementor-widget-wrap elementor-element-populated\">\n\t\t\t\t\t\t<div class=\"elementor-element elementor-element-cd891e2 elementor-widget-laptop__width-initial elementor-widget__width-initial elementor-widget elementor-widget-image\" data-id=\"cd891e2\" data-element_type=\"widget\" data-e-type=\"widget\" data-widget_type=\"image.default\">\n\t\t\t\t<div class=\"elementor-widget-container\">\n\t\t\t\t\t\t\t\t\t\t\t\t\t\t\t<img decoding=\"async\" width=\"713\" height=\"821\" src=\"https:\/\/www.aszende.com\/wp-content\/uploads\/2025\/04\/ITC-mantenimiento-1.jpg\" class=\"attachment-full size-full wp-image-24876\" alt=\"ITC mantenimiento\" srcset=\"https:\/\/www.aszende.com\/wp-content\/uploads\/2025\/04\/ITC-mantenimiento-1.jpg 713w, https:\/\/www.aszende.com\/wp-content\/uploads\/2025\/04\/ITC-mantenimiento-1-261x300.jpg 261w, https:\/\/www.aszende.com\/wp-content\/uploads\/2025\/04\/ITC-mantenimiento-1-600x691.jpg 600w\" sizes=\"(max-width: 713px) 100vw, 713px\" \/>\t\t\t\t\t\t\t\t\t\t\t\t\t\t\t<\/div>\n\t\t\t\t<\/div>\n\t\t\t\t\t<\/div>\n\t\t<\/div>\n\t\t\t\t\t<\/div>\n\t\t<\/section>\n\t\t\t\t<section class=\"elementor-section elementor-top-section elementor-element elementor-element-410bd43 elementor-section-boxed elementor-section-height-default elementor-section-height-default\" data-id=\"410bd43\" data-element_type=\"section\" data-e-type=\"section\">\n\t\t\t\t\t\t<div class=\"elementor-container elementor-column-gap-default\">\n\t\t\t\t\t<div class=\"elementor-column elementor-col-100 elementor-top-column elementor-element elementor-element-88abf01\" data-id=\"88abf01\" data-element_type=\"column\" data-e-type=\"column\">\n\t\t\t<div class=\"elementor-widget-wrap elementor-element-populated\">\n\t\t\t\t\t\t<div class=\"elementor-element elementor-element-04a3818 elementor-widget elementor-widget-heading\" data-id=\"04a3818\" data-element_type=\"widget\" data-e-type=\"widget\" data-widget_type=\"heading.default\">\n\t\t\t\t<div class=\"elementor-widget-container\">\n\t\t\t\t\t<h3 class=\"elementor-heading-title elementor-size-default\">Responsabilitats dels titulars i de les empreses mantenidores<\/h3>\t\t\t\t<\/div>\n\t\t\t\t<\/div>\n\t\t\t\t<div class=\"elementor-element elementor-element-a95fafe elementor-widget elementor-widget-text-editor\" data-id=\"a95fafe\" data-element_type=\"widget\" data-e-type=\"widget\" data-widget_type=\"text-editor.default\">\n\t\t\t\t<div class=\"elementor-widget-container\">\n\t\t\t\t\t\t\t\t\t<p style=\"text-align: justify; line-height: 150%;\">La nova ITC diferencia les responsabilitats entre els titulars dels ascensors i les empreses mantenidores.<\/p>\n<h4>Responsabilitats dels titulars<\/h4>\n<p><\/p>\n<ul>\n<li>Contractar una <strong>empresa autoritzada<\/strong> per al manteniment.<\/li>\n<li>Conservar la <strong>documentaci\u00f3 t\u00e8cnica<\/strong> de l\u2019ascensor, incl\u00f2s el registre de posada en servei em\u00e8s per l\u00b4\u00f2rgan competent de la comunitat aut\u00f2noma.<\/li>\n<li>Esmenar les <strong>defici\u00e8ncies detectades<\/strong> a les inspeccions dins dels terminis establerts.<\/li>\n<li>Informar les <strong>autoritats competents<\/strong> sobre qualsevol accident relacionat amb l\u2019ascensor.<\/li>\n<\/ul>\n<h4>Responsabilitats de les empreses mantenidores<\/h4>\n<p><\/p>\n<ul>\n<li>Realitzar el <strong>manteniment i la conservaci\u00f3<\/strong> de l&#8217;ascensor.<\/li>\n<li>Elaborar un <strong>pla de manteniment espec\u00edfic<\/strong>.<\/li>\n<li>Comptar amb una <strong>asseguran\u00e7a de responsabilitat civil<\/strong>.<\/li>\n<li>Registrar totes les <strong>intervencions realitzades<\/strong>.<\/li>\n<li>Detectar i comunicar <strong>qualsevol defici\u00e8ncia<\/strong>.<\/li>\n<li>Disposar de <strong>personal qualificat<\/strong>, entre altres obligacions.<br><\/li>\n<\/ul>\t\t\t\t\t\t\t\t<\/div>\n\t\t\t\t<\/div>\n\t\t\t\t<div class=\"elementor-element elementor-element-6821346 elementor-widget elementor-widget-heading\" data-id=\"6821346\" data-element_type=\"widget\" data-e-type=\"widget\" data-widget_type=\"heading.default\">\n\t\t\t\t<div class=\"elementor-widget-container\">\n\t\t\t\t\t<h2 class=\"elementor-heading-title elementor-size-default\">Conseq\u00fc\u00e8ncies de l'incompliment de la normativa: Qu\u00e8 passa si no es compleix la nova ITC per al manteniment d'ascensors?<\/h2>\t\t\t\t<\/div>\n\t\t\t\t<\/div>\n\t\t\t\t<div class=\"elementor-element elementor-element-48290c3 elementor-widget elementor-widget-text-editor\" data-id=\"48290c3\" data-element_type=\"widget\" data-e-type=\"widget\" data-widget_type=\"text-editor.default\">\n\t\t\t\t<div class=\"elementor-widget-container\">\n\t\t\t\t\t\t\t\t\t<p>Tant els titulars com les empreses mantenidores que no compleixin els requisits m\u00ednims establerts a la ITC per al manteniment d&#8217;ascensors poden enfrontar-se a <strong>sancions econ\u00f2miques, inhabilitaci\u00f3 de l&#8217;ascensor o fins i tot responsabilitats legals<\/strong>, especialment en casos on es produeixin incidents derivats d&#8217;una manca de manteniment adequat.<\/p>\t\t\t\t\t\t\t\t<\/div>\n\t\t\t\t<\/div>\n\t\t\t\t<div class=\"elementor-element elementor-element-f0692b2 elementor-widget elementor-widget-heading\" data-id=\"f0692b2\" data-element_type=\"widget\" data-e-type=\"widget\" data-widget_type=\"heading.default\">\n\t\t\t\t<div class=\"elementor-widget-container\">\n\t\t\t\t\t<h2 class=\"elementor-heading-title elementor-size-default\">Com influeix la ITC en la planificaci\u00f3 i l'execuci\u00f3 de les tasques de manteniment?<\/h2>\t\t\t\t<\/div>\n\t\t\t\t<\/div>\n\t\t\t\t<div class=\"elementor-element elementor-element-746d4c9 elementor-widget elementor-widget-text-editor\" data-id=\"746d4c9\" data-element_type=\"widget\" data-e-type=\"widget\" data-widget_type=\"text-editor.default\">\n\t\t\t\t<div class=\"elementor-widget-container\">\n\t\t\t\t\t\t\t\t\t<p>La nova ITC impacta directament en la planificaci\u00f3 i execuci\u00f3 de les tasques de manteniment. En aquest sentit, \u00e9s fonamental comprendre la normativa i complir els procediments establerts.<\/p><ul><li><strong>Procediments t\u00e8cnics a cada revisi\u00f3<\/strong>: Segons la ITC, cada inspecci\u00f3 ha d&#8217;incloure la verificaci\u00f3 d&#8217;elements de seguretat, la lubricaci\u00f3 dels components mec\u00e0nics, la revisi\u00f3 del sistema el\u00e8ctric i la comprovaci\u00f3 del funcionament correcte de les portes.<\/li><li><strong>Elements clau a inspeccionar en cada manteniment<\/strong>: Els t\u00e8cnics han de revisar els components m\u00e9s cr\u00edtics, com ara els sistemes de tracci\u00f3, guies, frens, portes, dispositius de seguretat i els sistemes de comunicaci\u00f3 d&#8217;emerg\u00e8ncia. L&#8217;objectiu \u00e9s detectar qualsevol anomalia a temps abans que representi un risc per als usuaris.<\/li><li><strong>Protocols d&#8217;actuaci\u00f3 davant de fallades o avaries<\/strong>: En cas de detectar una falla, la ITC estableix que, depenent de la gravetat del problema, pot ser necess\u00e0ria la immobilitzaci\u00f3 immediata de l&#8217;ascensor fins que sigui reparat.<\/li><li><strong>Inspeccions peri\u00f2diques segons el tipus i l&#8217;antiguitat de l&#8217;ascensor<\/strong>: La normativa determina la seg\u00fcent freq\u00fc\u00e8ncia d&#8217;inspecci\u00f3:<ul><li><strong>Cada 2 anys<\/strong> per a ascensors en edificis d\u2019\u00fas industrial o p\u00fablica concurr\u00e8ncia.<\/li><li><strong>Cada 4 anys<\/strong> en ascensors d\u2019edificis residencials de gran altura o alta densitat.<\/li><li><strong>Cada 6 anys<\/strong> en ascensors d\u2019altres edificis residencials o de menor \u00fas.<\/li><\/ul><\/li><\/ul>\t\t\t\t\t\t\t\t<\/div>\n\t\t\t\t<\/div>\n\t\t\t\t<div class=\"elementor-element elementor-element-10fcda6 elementor-widget elementor-widget-heading\" data-id=\"10fcda6\" data-element_type=\"widget\" data-e-type=\"widget\" data-widget_type=\"heading.default\">\n\t\t\t\t<div class=\"elementor-widget-container\">\n\t\t\t\t\t<h2 class=\"elementor-heading-title elementor-size-default\">Mantingues el teu ascensor al dia amb la normativa ITC<\/h2>\t\t\t\t<\/div>\n\t\t\t\t<\/div>\n\t\t\t\t<div class=\"elementor-element elementor-element-0925a62 elementor-widget elementor-widget-text-editor\" data-id=\"0925a62\" data-element_type=\"widget\" data-e-type=\"widget\" data-widget_type=\"text-editor.default\">\n\t\t\t\t<div class=\"elementor-widget-container\">\n\t\t\t\t\t\t\t\t\t<p>Per garantir la seguretat i el funcionament correcte dels sistemes de mobilitat vertical, el compliment de la Instrucci\u00f3 T\u00e8cnica Complement\u00e0ria (ITC) per al manteniment d&#8217;ascensors \u00e9s un requisit indispensable. Aplicar correctament la ITC no \u00e9s nom\u00e9s una obligaci\u00f3 legal, sin\u00f3 tamb\u00e9 un comprom\u00eds amb l&#8217;efici\u00e8ncia i la seguretat en el transport vertical. Un manteniment deficient pot derivar en sancions, costos de reparaci\u00f3 elevats i fins i tot la inhabilitaci\u00f3 de l&#8217;ascensor.<\/p><p>Per aix\u00f2, comptar amb professionals qualificats \u00e9s clau per garantir el compliment normatiu i el rendiment \u00f2ptim dels equips. Et recomanem en aquest sentit revisar la <a href=\"https:\/\/www.aszende.com\/ca\/blog\/interpretacioitc-que-feeda\/\">interpretaci\u00f3 de la ITC que va realitzar la FEEDA<\/a>.<\/p><p>En aquest sentit, <strong>Aszende<\/strong> es posiciona com un referent en la instal\u00b7laci\u00f3 i el manteniment d&#8217;ascensors, assegurant que cada equip operi sota els <strong>m\u00e9s alts est\u00e0ndards de qualitat i seguretat<\/strong>.<\/p><p>Amb m\u00e9s de <strong>45 anys d&#8217;experi\u00e8ncia<\/strong>, l&#8217;empresa ofereix <strong>solucions adaptades<\/strong> a cada necessitat, garantint un servei eficient i alineat amb la normativa vigent, complint aix\u00ed la nova ITC per al manteniment d&#8217;ascensors.<\/p>\t\t\t\t\t\t\t\t<\/div>\n\t\t\t\t<\/div>\n\t\t\t\t<div class=\"elementor-element elementor-element-c295b30 elementor-widget elementor-widget-text-editor\" data-id=\"c295b30\" data-element_type=\"widget\" data-e-type=\"widget\" data-widget_type=\"text-editor.default\">\n\t\t\t\t<div class=\"elementor-widget-container\">\n\t\t\t\t\t\t\t\t\t<p>Per garantir la <strong>seguretat i l&#8217;operativitat <\/strong> dels equips, \u00e9s fonamental complir amb la <strong>nova normativa d&#8217;ascensors.<\/strong> A <strong>Aszende<\/strong>, oferim un <strong>servei especialitzat<\/strong> en manteniment i modernitzaci\u00f3 de <strong> plataformes de mobilitat vertical<\/strong>, assegurant que cada instal\u00b7laci\u00f3 compleixi amb els est\u00e0ndards exigits per la ITC AEM 1<strong>.<\/strong><\/p>\t\t\t\t\t\t\t\t<\/div>\n\t\t\t\t<\/div>\n\t\t\t\t\t<\/div>\n\t\t<\/div>\n\t\t\t\t\t<\/div>\n\t\t<\/section>\n\t\t\t\t<\/div>\n\t\t","protected":false},"excerpt":{"rendered":"<p>La recent actualitzaci\u00f3 de la Instrucci\u00f3 T\u00e8cnica Complement\u00e0ria (ITC) per al manteniment d&#8217;ascensors, recollida al Reial decret 355\/2024, estableix un marc normatiu per garantir la seguretat, accessibilitat i efici\u00e8ncia operativa dels sistemes de mobilitat vertical. Aquesta normativa de manteniment, condicions de seguretat i inspeccions respon a la necessitat de reduir el risc d&#8217;errors mec\u00e0nics, millorar [&hellip;]<\/p>\n","protected":false},"author":6,"featured_media":24873,"comment_status":"closed","ping_status":"closed","sticky":false,"template":"","format":"standard","meta":{"site-sidebar-layout":"default","site-content-layout":"default","ast-site-content-layout":"default","site-content-style":"default","site-sidebar-style":"default","ast-global-header-display":"","ast-banner-title-visibility":"","ast-main-header-display":"","ast-hfb-above-header-display":"","ast-hfb-below-header-display":"","ast-hfb-mobile-header-display":"","site-post-title":"","ast-breadcrumbs-content":"","ast-featured-img":"","footer-sml-layout":"","theme-transparent-header-meta":"default","adv-header-id-meta":"","stick-header-meta":"","header-above-stick-meta":"","header-main-stick-meta":"","header-below-stick-meta":"","astra-migrate-meta-layouts":"default","ast-page-background-enabled":"default","ast-page-background-meta":{"desktop":{"background-color":"var(--ast-global-color-4)","background-image":"","background-repeat":"repeat","background-position":"center center","background-size":"auto","background-attachment":"scroll","background-type":"","background-media":"","overlay-type":"","overlay-color":"","overlay-opacity":"","overlay-gradient":""},"tablet":{"background-color":"","background-image":"","background-repeat":"repeat","background-position":"center center","background-size":"auto","background-attachment":"scroll","background-type":"","background-media":"","overlay-type":"","overlay-color":"","overlay-opacity":"","overlay-gradient":""},"mobile":{"background-color":"","background-image":"","background-repeat":"repeat","background-position":"center center","background-size":"auto","background-attachment":"scroll","background-type":"","background-media":"","overlay-type":"","overlay-color":"","overlay-opacity":"","overlay-gradient":""}},"ast-content-background-meta":{"desktop":{"background-color":"var(--ast-global-color-5)","background-image":"","background-repeat":"repeat","background-position":"center center","background-size":"auto","background-attachment":"scroll","background-type":"","background-media":"","overlay-type":"","overlay-color":"","overlay-opacity":"","overlay-gradient":""},"tablet":{"background-color":"var(--ast-global-color-5)","background-image":"","background-repeat":"repeat","background-position":"center center","background-size":"auto","background-attachment":"scroll","background-type":"","background-media":"","overlay-type":"","overlay-color":"","overlay-opacity":"","overlay-gradient":""},"mobile":{"background-color":"var(--ast-global-color-5)","background-image":"","background-repeat":"repeat","background-position":"center center","background-size":"auto","background-attachment":"scroll","background-type":"","background-media":"","overlay-type":"","overlay-color":"","overlay-opacity":"","overlay-gradient":""}},"footnotes":""},"categories":[15],"tags":[],"class_list":["post-24890","post","type-post","status-publish","format-standard","has-post-thumbnail","hentry","category-noticias"],"yoast_head":"<!-- This site is optimized with the Yoast SEO plugin v27.0 - https:\/\/yoast.com\/product\/yoast-seo-wordpress\/ -->\n<title>Com afecta la ITC al manteniment d&#039;ascensors? - Aszende<\/title>\n<meta name=\"description\" content=\"En aquest article de bloc, descobrireu com afecta la normativa ITC en el manteniment d&#039;ascensors en espec\u00edfic.\" \/>\n<meta name=\"robots\" content=\"index, follow, max-snippet:-1, max-image-preview:large, max-video-preview:-1\" \/>\n<link rel=\"canonical\" href=\"https:\/\/www.aszende.com\/ca\/blog\/itc-manteniment-ascensors\/\" \/>\n<meta property=\"og:locale\" content=\"ca_ES\" \/>\n<meta property=\"og:type\" content=\"article\" \/>\n<meta property=\"og:title\" content=\"Com afecta la ITC al manteniment d&#039;ascensors? - Aszende\" \/>\n<meta property=\"og:description\" content=\"En aquest article de bloc, descobrireu com afecta la normativa ITC en el manteniment d&#039;ascensors en espec\u00edfic.\" \/>\n<meta property=\"og:url\" content=\"https:\/\/www.aszende.com\/ca\/blog\/itc-manteniment-ascensors\/\" \/>\n<meta property=\"og:site_name\" content=\"Aszende\" \/>\n<meta property=\"article:published_time\" content=\"2025-04-09T12:01:48+00:00\" \/>\n<meta property=\"article:modified_time\" content=\"2025-09-12T10:33:57+00:00\" \/>\n<meta property=\"og:image\" content=\"https:\/\/www.aszende.com\/wp-content\/uploads\/2025\/04\/ITC-mantenimiento.jpg\" \/>\n\t<meta property=\"og:image:width\" content=\"1200\" \/>\n\t<meta property=\"og:image:height\" content=\"1200\" \/>\n\t<meta property=\"og:image:type\" content=\"image\/jpeg\" \/>\n<meta name=\"author\" content=\"GO2JUMP\" \/>\n<meta name=\"twitter:card\" content=\"summary_large_image\" \/>\n<meta name=\"twitter:label1\" content=\"Escrit per\" \/>\n\t<meta name=\"twitter:data1\" content=\"GO2JUMP\" \/>\n\t<meta name=\"twitter:label2\" content=\"Temps estimat de lectura\" \/>\n\t<meta name=\"twitter:data2\" content=\"6 minuts\" \/>\n<script type=\"application\/ld+json\" class=\"yoast-schema-graph\">{\"@context\":\"https:\/\/schema.org\",\"@graph\":[{\"@type\":\"Article\",\"@id\":\"https:\/\/www.aszende.com\/ca\/blog\/itc-manteniment-ascensors\/#article\",\"isPartOf\":{\"@id\":\"https:\/\/www.aszende.com\/ca\/blog\/itc-manteniment-ascensors\/\"},\"author\":{\"name\":\"GO2JUMP\",\"@id\":\"https:\/\/www.aszende.com\/en\/#\/schema\/person\/84539476955736c0d2283e7f6bcab6fb\"},\"headline\":\"Com afecta la ITC al manteniment d&#8217;ascensors?\",\"datePublished\":\"2025-04-09T12:01:48+00:00\",\"dateModified\":\"2025-09-12T10:33:57+00:00\",\"mainEntityOfPage\":{\"@id\":\"https:\/\/www.aszende.com\/ca\/blog\/itc-manteniment-ascensors\/\"},\"wordCount\":1055,\"publisher\":{\"@id\":\"https:\/\/www.aszende.com\/en\/#organization\"},\"image\":{\"@id\":\"https:\/\/www.aszende.com\/ca\/blog\/itc-manteniment-ascensors\/#primaryimage\"},\"thumbnailUrl\":\"https:\/\/www.aszende.com\/wp-content\/uploads\/2025\/04\/ITC-mantenimiento.jpg\",\"articleSection\":[\"Noticias\"],\"inLanguage\":\"ca\"},{\"@type\":\"WebPage\",\"@id\":\"https:\/\/www.aszende.com\/ca\/blog\/itc-manteniment-ascensors\/\",\"url\":\"https:\/\/www.aszende.com\/ca\/blog\/itc-manteniment-ascensors\/\",\"name\":\"Com afecta la ITC al manteniment d'ascensors? - Aszende\",\"isPartOf\":{\"@id\":\"https:\/\/www.aszende.com\/en\/#website\"},\"primaryImageOfPage\":{\"@id\":\"https:\/\/www.aszende.com\/ca\/blog\/itc-manteniment-ascensors\/#primaryimage\"},\"image\":{\"@id\":\"https:\/\/www.aszende.com\/ca\/blog\/itc-manteniment-ascensors\/#primaryimage\"},\"thumbnailUrl\":\"https:\/\/www.aszende.com\/wp-content\/uploads\/2025\/04\/ITC-mantenimiento.jpg\",\"datePublished\":\"2025-04-09T12:01:48+00:00\",\"dateModified\":\"2025-09-12T10:33:57+00:00\",\"description\":\"En aquest article de bloc, descobrireu com afecta la normativa ITC en el manteniment d'ascensors en espec\u00edfic.\",\"breadcrumb\":{\"@id\":\"https:\/\/www.aszende.com\/ca\/blog\/itc-manteniment-ascensors\/#breadcrumb\"},\"inLanguage\":\"ca\",\"potentialAction\":[{\"@type\":\"ReadAction\",\"target\":[\"https:\/\/www.aszende.com\/ca\/blog\/itc-manteniment-ascensors\/\"]}]},{\"@type\":\"ImageObject\",\"inLanguage\":\"ca\",\"@id\":\"https:\/\/www.aszende.com\/ca\/blog\/itc-manteniment-ascensors\/#primaryimage\",\"url\":\"https:\/\/www.aszende.com\/wp-content\/uploads\/2025\/04\/ITC-mantenimiento.jpg\",\"contentUrl\":\"https:\/\/www.aszende.com\/wp-content\/uploads\/2025\/04\/ITC-mantenimiento.jpg\",\"width\":1200,\"height\":1200,\"caption\":\"ITC mantenimiento\"},{\"@type\":\"BreadcrumbList\",\"@id\":\"https:\/\/www.aszende.com\/ca\/blog\/itc-manteniment-ascensors\/#breadcrumb\",\"itemListElement\":[{\"@type\":\"ListItem\",\"position\":1,\"name\":\"Inicio\",\"item\":\"https:\/\/www.aszende.com\/ca\/\"},{\"@type\":\"ListItem\",\"position\":2,\"name\":\"Com afecta la ITC al manteniment d&#8217;ascensors?\"}]},{\"@type\":\"WebSite\",\"@id\":\"https:\/\/www.aszende.com\/en\/#website\",\"url\":\"https:\/\/www.aszende.com\/en\/\",\"name\":\"Aszende\",\"description\":\"\",\"publisher\":{\"@id\":\"https:\/\/www.aszende.com\/en\/#organization\"},\"potentialAction\":[{\"@type\":\"SearchAction\",\"target\":{\"@type\":\"EntryPoint\",\"urlTemplate\":\"https:\/\/www.aszende.com\/en\/?s={search_term_string}\"},\"query-input\":{\"@type\":\"PropertyValueSpecification\",\"valueRequired\":true,\"valueName\":\"search_term_string\"}}],\"inLanguage\":\"ca\"},{\"@type\":\"Organization\",\"@id\":\"https:\/\/www.aszende.com\/en\/#organization\",\"name\":\"Aszende\",\"url\":\"https:\/\/www.aszende.com\/en\/\",\"logo\":{\"@type\":\"ImageObject\",\"inLanguage\":\"ca\",\"@id\":\"https:\/\/www.aszende.com\/en\/#\/schema\/logo\/image\/\",\"url\":\"https:\/\/www.aszende.com\/wp-content\/uploads\/2022\/10\/LOGO-Aszende-sin-R.png\",\"contentUrl\":\"https:\/\/www.aszende.com\/wp-content\/uploads\/2022\/10\/LOGO-Aszende-sin-R.png\",\"width\":346,\"height\":114,\"caption\":\"Aszende\"},\"image\":{\"@id\":\"https:\/\/www.aszende.com\/en\/#\/schema\/logo\/image\/\"}},{\"@type\":\"Person\",\"@id\":\"https:\/\/www.aszende.com\/en\/#\/schema\/person\/84539476955736c0d2283e7f6bcab6fb\",\"name\":\"GO2JUMP\",\"image\":{\"@type\":\"ImageObject\",\"inLanguage\":\"ca\",\"@id\":\"https:\/\/www.aszende.com\/en\/#\/schema\/person\/image\/\",\"url\":\"https:\/\/secure.gravatar.com\/avatar\/31d3d42d560f9952b607a41659b69bc36248676da87a1f2a4a521b0e40b62fe8?s=96&d=mm&r=g\",\"contentUrl\":\"https:\/\/secure.gravatar.com\/avatar\/31d3d42d560f9952b607a41659b69bc36248676da87a1f2a4a521b0e40b62fe8?s=96&d=mm&r=g\",\"caption\":\"GO2JUMP\"}}]}<\/script>\n<!-- \/ Yoast SEO plugin. -->","yoast_head_json":{"title":"Com afecta la ITC al manteniment d'ascensors? - Aszende","description":"En aquest article de bloc, descobrireu com afecta la normativa ITC en el manteniment d'ascensors en espec\u00edfic.","robots":{"index":"index","follow":"follow","max-snippet":"max-snippet:-1","max-image-preview":"max-image-preview:large","max-video-preview":"max-video-preview:-1"},"canonical":"https:\/\/www.aszende.com\/ca\/blog\/itc-manteniment-ascensors\/","og_locale":"ca_ES","og_type":"article","og_title":"Com afecta la ITC al manteniment d'ascensors? - Aszende","og_description":"En aquest article de bloc, descobrireu com afecta la normativa ITC en el manteniment d'ascensors en espec\u00edfic.","og_url":"https:\/\/www.aszende.com\/ca\/blog\/itc-manteniment-ascensors\/","og_site_name":"Aszende","article_published_time":"2025-04-09T12:01:48+00:00","article_modified_time":"2025-09-12T10:33:57+00:00","og_image":[{"width":1200,"height":1200,"url":"https:\/\/www.aszende.com\/wp-content\/uploads\/2025\/04\/ITC-mantenimiento.jpg","type":"image\/jpeg"}],"author":"GO2JUMP","twitter_card":"summary_large_image","twitter_misc":{"Escrit per":"GO2JUMP","Temps estimat de lectura":"6 minuts"},"schema":{"@context":"https:\/\/schema.org","@graph":[{"@type":"Article","@id":"https:\/\/www.aszende.com\/ca\/blog\/itc-manteniment-ascensors\/#article","isPartOf":{"@id":"https:\/\/www.aszende.com\/ca\/blog\/itc-manteniment-ascensors\/"},"author":{"name":"GO2JUMP","@id":"https:\/\/www.aszende.com\/en\/#\/schema\/person\/84539476955736c0d2283e7f6bcab6fb"},"headline":"Com afecta la ITC al manteniment d&#8217;ascensors?","datePublished":"2025-04-09T12:01:48+00:00","dateModified":"2025-09-12T10:33:57+00:00","mainEntityOfPage":{"@id":"https:\/\/www.aszende.com\/ca\/blog\/itc-manteniment-ascensors\/"},"wordCount":1055,"publisher":{"@id":"https:\/\/www.aszende.com\/en\/#organization"},"image":{"@id":"https:\/\/www.aszende.com\/ca\/blog\/itc-manteniment-ascensors\/#primaryimage"},"thumbnailUrl":"https:\/\/www.aszende.com\/wp-content\/uploads\/2025\/04\/ITC-mantenimiento.jpg","articleSection":["Noticias"],"inLanguage":"ca"},{"@type":"WebPage","@id":"https:\/\/www.aszende.com\/ca\/blog\/itc-manteniment-ascensors\/","url":"https:\/\/www.aszende.com\/ca\/blog\/itc-manteniment-ascensors\/","name":"Com afecta la ITC al manteniment d'ascensors? - Aszende","isPartOf":{"@id":"https:\/\/www.aszende.com\/en\/#website"},"primaryImageOfPage":{"@id":"https:\/\/www.aszende.com\/ca\/blog\/itc-manteniment-ascensors\/#primaryimage"},"image":{"@id":"https:\/\/www.aszende.com\/ca\/blog\/itc-manteniment-ascensors\/#primaryimage"},"thumbnailUrl":"https:\/\/www.aszende.com\/wp-content\/uploads\/2025\/04\/ITC-mantenimiento.jpg","datePublished":"2025-04-09T12:01:48+00:00","dateModified":"2025-09-12T10:33:57+00:00","description":"En aquest article de bloc, descobrireu com afecta la normativa ITC en el manteniment d'ascensors en espec\u00edfic.","breadcrumb":{"@id":"https:\/\/www.aszende.com\/ca\/blog\/itc-manteniment-ascensors\/#breadcrumb"},"inLanguage":"ca","potentialAction":[{"@type":"ReadAction","target":["https:\/\/www.aszende.com\/ca\/blog\/itc-manteniment-ascensors\/"]}]},{"@type":"ImageObject","inLanguage":"ca","@id":"https:\/\/www.aszende.com\/ca\/blog\/itc-manteniment-ascensors\/#primaryimage","url":"https:\/\/www.aszende.com\/wp-content\/uploads\/2025\/04\/ITC-mantenimiento.jpg","contentUrl":"https:\/\/www.aszende.com\/wp-content\/uploads\/2025\/04\/ITC-mantenimiento.jpg","width":1200,"height":1200,"caption":"ITC mantenimiento"},{"@type":"BreadcrumbList","@id":"https:\/\/www.aszende.com\/ca\/blog\/itc-manteniment-ascensors\/#breadcrumb","itemListElement":[{"@type":"ListItem","position":1,"name":"Inicio","item":"https:\/\/www.aszende.com\/ca\/"},{"@type":"ListItem","position":2,"name":"Com afecta la ITC al manteniment d&#8217;ascensors?"}]},{"@type":"WebSite","@id":"https:\/\/www.aszende.com\/en\/#website","url":"https:\/\/www.aszende.com\/en\/","name":"Aszende","description":"","publisher":{"@id":"https:\/\/www.aszende.com\/en\/#organization"},"potentialAction":[{"@type":"SearchAction","target":{"@type":"EntryPoint","urlTemplate":"https:\/\/www.aszende.com\/en\/?s={search_term_string}"},"query-input":{"@type":"PropertyValueSpecification","valueRequired":true,"valueName":"search_term_string"}}],"inLanguage":"ca"},{"@type":"Organization","@id":"https:\/\/www.aszende.com\/en\/#organization","name":"Aszende","url":"https:\/\/www.aszende.com\/en\/","logo":{"@type":"ImageObject","inLanguage":"ca","@id":"https:\/\/www.aszende.com\/en\/#\/schema\/logo\/image\/","url":"https:\/\/www.aszende.com\/wp-content\/uploads\/2022\/10\/LOGO-Aszende-sin-R.png","contentUrl":"https:\/\/www.aszende.com\/wp-content\/uploads\/2022\/10\/LOGO-Aszende-sin-R.png","width":346,"height":114,"caption":"Aszende"},"image":{"@id":"https:\/\/www.aszende.com\/en\/#\/schema\/logo\/image\/"}},{"@type":"Person","@id":"https:\/\/www.aszende.com\/en\/#\/schema\/person\/84539476955736c0d2283e7f6bcab6fb","name":"GO2JUMP","image":{"@type":"ImageObject","inLanguage":"ca","@id":"https:\/\/www.aszende.com\/en\/#\/schema\/person\/image\/","url":"https:\/\/secure.gravatar.com\/avatar\/31d3d42d560f9952b607a41659b69bc36248676da87a1f2a4a521b0e40b62fe8?s=96&d=mm&r=g","contentUrl":"https:\/\/secure.gravatar.com\/avatar\/31d3d42d560f9952b607a41659b69bc36248676da87a1f2a4a521b0e40b62fe8?s=96&d=mm&r=g","caption":"GO2JUMP"}}]}},"_links":{"self":[{"href":"https:\/\/www.aszende.com\/ca\/wp-json\/wp\/v2\/posts\/24890","targetHints":{"allow":["GET"]}}],"collection":[{"href":"https:\/\/www.aszende.com\/ca\/wp-json\/wp\/v2\/posts"}],"about":[{"href":"https:\/\/www.aszende.com\/ca\/wp-json\/wp\/v2\/types\/post"}],"author":[{"embeddable":true,"href":"https:\/\/www.aszende.com\/ca\/wp-json\/wp\/v2\/users\/6"}],"replies":[{"embeddable":true,"href":"https:\/\/www.aszende.com\/ca\/wp-json\/wp\/v2\/comments?post=24890"}],"version-history":[{"count":0,"href":"https:\/\/www.aszende.com\/ca\/wp-json\/wp\/v2\/posts\/24890\/revisions"}],"wp:featuredmedia":[{"embeddable":true,"href":"https:\/\/www.aszende.com\/ca\/wp-json\/wp\/v2\/media\/24873"}],"wp:attachment":[{"href":"https:\/\/www.aszende.com\/ca\/wp-json\/wp\/v2\/media?parent=24890"}],"wp:term":[{"taxonomy":"category","embeddable":true,"href":"https:\/\/www.aszende.com\/ca\/wp-json\/wp\/v2\/categories?post=24890"},{"taxonomy":"post_tag","embeddable":true,"href":"https:\/\/www.aszende.com\/ca\/wp-json\/wp\/v2\/tags?post=24890"}],"curies":[{"name":"wp","href":"https:\/\/api.w.org\/{rel}","templated":true}]}}