{"id":25261,"date":"2025-05-27T13:46:09","date_gmt":"2025-05-27T13:46:09","guid":{"rendered":"https:\/\/www.aszende.com\/?p=25261"},"modified":"2025-09-12T10:39:01","modified_gmt":"2025-09-12T10:39:01","slug":"guia-itc-aem-1","status":"publish","type":"post","link":"https:\/\/www.aszende.com\/ca\/blog\/guia-itc-aem-1\/","title":{"rendered":"La nova normativa d&#8217;ascensors: guia completa per entendre la ITC AEM 1"},"content":{"rendered":"\t\t<div data-elementor-type=\"wp-post\" data-elementor-id=\"25261\" class=\"elementor elementor-25261 elementor-25247\" data-elementor-post-type=\"post\">\n\t\t\t\t\t\t<section class=\"elementor-section elementor-top-section elementor-element elementor-element-6a6b119 elementor-section-boxed elementor-section-height-default elementor-section-height-default\" data-id=\"6a6b119\" data-element_type=\"section\" data-e-type=\"section\">\n\t\t\t\t\t\t<div class=\"elementor-container elementor-column-gap-default\">\n\t\t\t\t\t<div class=\"elementor-column elementor-col-50 elementor-top-column elementor-element elementor-element-a5415e8\" data-id=\"a5415e8\" data-element_type=\"column\" data-e-type=\"column\">\n\t\t\t<div class=\"elementor-widget-wrap elementor-element-populated\">\n\t\t\t\t\t\t<div class=\"elementor-element elementor-element-fd0e946 elementor-widget__width-initial elementor-widget elementor-widget-image\" data-id=\"fd0e946\" data-element_type=\"widget\" data-e-type=\"widget\" data-widget_type=\"image.default\">\n\t\t\t\t<div class=\"elementor-widget-container\">\n\t\t\t\t\t\t\t\t\t\t\t\t\t\t\t<img fetchpriority=\"high\" decoding=\"async\" width=\"911\" height=\"772\" src=\"https:\/\/www.aszende.com\/wp-content\/uploads\/2025\/05\/mantenimiento-ITC-31.jpg\" class=\"attachment-full size-full wp-image-25241\" alt=\"ITC AEM 1\" srcset=\"https:\/\/www.aszende.com\/wp-content\/uploads\/2025\/05\/mantenimiento-ITC-31.jpg 911w, https:\/\/www.aszende.com\/wp-content\/uploads\/2025\/05\/mantenimiento-ITC-31-300x254.jpg 300w, https:\/\/www.aszende.com\/wp-content\/uploads\/2025\/05\/mantenimiento-ITC-31-768x651.jpg 768w, https:\/\/www.aszende.com\/wp-content\/uploads\/2025\/05\/mantenimiento-ITC-31-600x508.jpg 600w\" sizes=\"(max-width: 911px) 100vw, 911px\" \/>\t\t\t\t\t\t\t\t\t\t\t\t\t\t\t<\/div>\n\t\t\t\t<\/div>\n\t\t\t\t\t<\/div>\n\t\t<\/div>\n\t\t\t\t<div class=\"elementor-column elementor-col-50 elementor-top-column elementor-element elementor-element-6c0a946\" data-id=\"6c0a946\" data-element_type=\"column\" data-e-type=\"column\">\n\t\t\t<div class=\"elementor-widget-wrap elementor-element-populated\">\n\t\t\t\t\t\t<div class=\"elementor-element elementor-element-0bafb13 elementor-widget__width-initial elementor-widget elementor-widget-text-editor\" data-id=\"0bafb13\" data-element_type=\"widget\" data-e-type=\"widget\" data-widget_type=\"text-editor.default\">\n\t\t\t\t<div class=\"elementor-widget-container\">\n\t\t\t\t\t\t\t\t\t<p>A Espanya, la nova normativa d&#8217;ascensors introdueix un conjunt de <strong>requisits t\u00e8cnics i de seguretat <\/strong> destinats a garantir la modernitzaci\u00f3 progressiva de totes les instal\u00b7lacions, tant existents com de nova construcci\u00f3. Aprovat mitjan\u00e7ant el <a href=\"https:\/\/www.aszende.com\/ca\/blog\/reial-decret-355-2024\/\"><strong>Reial decret 355\/2024<\/strong><\/a>, la ITC AEM 1, en vigor des de l&#8217;1 de juliol de 2024, regula aspectes fonamentals com l\u2019accessibilitat, l\u2019efici\u00e8ncia energ\u00e8tica, la protecci\u00f3 dels usuaris i el manteniment adequat dels equips. <\/p>\n<p>Davant la necessitat de modernitzar un parc d&#8217;ascensors envellit i adaptar-lo als est\u00e0ndards actuals en mat\u00e8ria de seguretat i accessibilitat, la nova regulaci\u00f3 posa un \u00e8mfasi especial en <strong>l\u2019actualitzaci\u00f3 tecnol\u00f2gica<\/strong>, l\u2019eliminaci\u00f3 de barreres arquitect\u00f2niques i l\u2019enfortiment dels protocols de manteniment.<\/p>\n\t\t\t\t\t\t\t\t<\/div>\n\t\t\t\t<\/div>\n\t\t\t\t\t<\/div>\n\t\t<\/div>\n\t\t\t\t\t<\/div>\n\t\t<\/section>\n\t\t\t\t<section class=\"elementor-section elementor-top-section elementor-element elementor-element-52d67cc elementor-section-boxed elementor-section-height-default elementor-section-height-default\" data-id=\"52d67cc\" data-element_type=\"section\" data-e-type=\"section\">\n\t\t\t\t\t\t<div class=\"elementor-container elementor-column-gap-default\">\n\t\t\t\t\t<div class=\"elementor-column elementor-col-100 elementor-top-column elementor-element elementor-element-436bd1d\" data-id=\"436bd1d\" data-element_type=\"column\" data-e-type=\"column\">\n\t\t\t<div class=\"elementor-widget-wrap elementor-element-populated\">\n\t\t\t\t\t\t<div class=\"elementor-element elementor-element-c89830b elementor-widget elementor-widget-text-editor\" data-id=\"c89830b\" data-element_type=\"widget\" data-e-type=\"widget\" data-widget_type=\"text-editor.default\">\n\t\t\t\t<div class=\"elementor-widget-container\">\n\t\t\t\t\t\t\t\t\t<p>Aix\u00ed, impacta directament en <strong>comunitats de ve\u00efns, titulars d\u2019edificis, administradors de finques i empreses conservadores<\/strong>, que han de con\u00e8ixer en profunditat les noves obligacions per garantir la legalitat de les seves instal\u00b7lacions i la seguretat dels usuaris.<\/p>\n\t\t\t\t\t\t\t\t<\/div>\n\t\t\t\t<\/div>\n\t\t\t\t<div class=\"elementor-element elementor-element-28e70cb elementor-widget elementor-widget-heading\" data-id=\"28e70cb\" data-element_type=\"widget\" data-e-type=\"widget\" data-widget_type=\"heading.default\">\n\t\t\t\t<div class=\"elementor-widget-container\">\n\t\t\t\t\t<h2 class=\"elementor-heading-title elementor-size-default\">Qu\u00e8 \u00e9s la nova normativa d'ascensors ITC AEM 1?<\/h2>\t\t\t\t<\/div>\n\t\t\t\t<\/div>\n\t\t\t\t<div class=\"elementor-element elementor-element-921d35f elementor-widget elementor-widget-text-editor\" data-id=\"921d35f\" data-element_type=\"widget\" data-e-type=\"widget\" data-widget_type=\"text-editor.default\">\n\t\t\t\t<div class=\"elementor-widget-container\">\n\t\t\t\t\t\t\t\t\t<p>La <a href=\"https:\/\/www.aszende.com\/ca\/blog\/nova-normativa-ascensors-itc\/\">nova normativa d\u2019ascensors<\/a>, anomenada Instrucci\u00f3 T\u00e8cnica Complement\u00e0ria (ITC) AEM 1, \u00e9s el reglament que actualitza les condicions d<strong>\u2019instal\u00b7laci\u00f3, modernitzaci\u00f3, \u00fas i manteniment <\/strong> dels ascensors a Espanya. El seu objectiu principal \u00e9s establir un marc actualitzat que reforci la seguretat dels sistemes d\u2019elevaci\u00f3 vertical en tots els seus aspectes. <\/p>\n<p>La seva aplicaci\u00f3 no es limita \u00fanicament als ascensors: s\u2019est\u00e9n tamb\u00e9 a les obres de nova instal\u00b7laci\u00f3 i estableix <strong>obligacions concretes relacionades amb la millora progressiva<\/strong> de les condicions <strong>d\u2019accessibilitat<\/strong>. En aquest sentit, la normativa impulsa una transformaci\u00f3 gradual del sector, amb mesures t\u00e8cniques que han de ser aplicades segons un calendari establert per garantir un acc\u00e9s amb mobilitat redu\u00efda i garantir un manteniment continu i conforme als est\u00e0ndards actuals. <\/p>\n<p>La <strong>Federaci\u00f3 Empresarial Espanyola d\u2019Ascensors<\/strong> o <a href=\"https:\/\/www.aszende.com\/ca\/blog\/interpretacioitc-que-feeda\/\"> FEEDA ha interpretat la ITC <\/a> segons el seu coneixement especialitzat. Com a organisme representatiu del sector, la FEEDA desenvolupa un paper fonamental en l\u2019an\u00e0lisi del reglament i en l\u2019elaboraci\u00f3 de directrius pr\u00e0ctiques dirigides a comunitats de propietaris, administradors de finques i empreses de manteniment, facilitant aix\u00ed el compliment rigor\u00f3s dels nous requisits. <\/p>\n\t\t\t\t\t\t\t\t<\/div>\n\t\t\t\t<\/div>\n\t\t\t\t<div class=\"elementor-element elementor-element-90be85c elementor-widget elementor-widget-heading\" data-id=\"90be85c\" data-element_type=\"widget\" data-e-type=\"widget\" data-widget_type=\"heading.default\">\n\t\t\t\t<div class=\"elementor-widget-container\">\n\t\t\t\t\t<h2 class=\"elementor-heading-title elementor-size-default\">Elements clau que han de complir els sistemes d\u2019elevaci\u00f3 vertical<\/h2>\t\t\t\t<\/div>\n\t\t\t\t<\/div>\n\t\t\t\t<div class=\"elementor-element elementor-element-e16cbd1 elementor-widget elementor-widget-heading\" data-id=\"e16cbd1\" data-element_type=\"widget\" data-e-type=\"widget\" data-widget_type=\"heading.default\">\n\t\t\t\t<div class=\"elementor-widget-container\">\n\t\t\t\t\t<h3 class=\"elementor-heading-title elementor-size-default\">Freq\u00fc\u00e8ncia de les inspeccions segons el tipus d\u2019edifici<\/h3>\t\t\t\t<\/div>\n\t\t\t\t<\/div>\n\t\t\t\t<div class=\"elementor-element elementor-element-4762fa1 elementor-widget elementor-widget-text-editor\" data-id=\"4762fa1\" data-element_type=\"widget\" data-e-type=\"widget\" data-widget_type=\"text-editor.default\">\n\t\t\t\t<div class=\"elementor-widget-container\">\n\t\t\t\t\t\t\t\t\t<p>La <a href=\"https:\/\/www.aszende.com\/ca\/blog\/tot-el-que-necessites-saber-sobre-la-nova-itc-dascensors\/\"> nova ITC<\/a> estableix diferents terminis d\u2019inspecci\u00f3 obligat\u00f2ria en funci\u00f3 del tipus d\u2019edifici on estigui instal\u00b7lat l\u2019ascensor:<\/p>\n<ul>\n<li>En <strong>edificis industrials o amb una alta aflu\u00e8ncia de p\u00fablic<\/strong>, la inspecci\u00f3 s\u2019ha de fer cada 2 anys.<\/li>\n<li>En <strong>edificis residencials amb m\u00e9s de vint habitatges<\/strong> o que tinguin m\u00e9s de <strong>quatre plantes servides<\/strong>, la revisi\u00f3 ser\u00e0 cada 4 anys.<\/li>\n<li>Per a la <strong> resta d\u2019ascensors<\/strong> no contemplats en aquestes categories, el termini s\u2019amplia a cada 6 anys.<\/li>\n<\/ul>\n\t\t\t\t\t\t\t\t<\/div>\n\t\t\t\t<\/div>\n\t\t\t\t\t<\/div>\n\t\t<\/div>\n\t\t\t\t\t<\/div>\n\t\t<\/section>\n\t\t\t\t<section class=\"elementor-section elementor-top-section elementor-element elementor-element-53f5fe6 elementor-section-boxed elementor-section-height-default elementor-section-height-default\" data-id=\"53f5fe6\" data-element_type=\"section\" data-e-type=\"section\">\n\t\t\t\t\t\t<div class=\"elementor-container elementor-column-gap-default\">\n\t\t\t\t\t<div class=\"elementor-column elementor-col-50 elementor-top-column elementor-element elementor-element-4eb8c40\" data-id=\"4eb8c40\" data-element_type=\"column\" data-e-type=\"column\">\n\t\t\t<div class=\"elementor-widget-wrap elementor-element-populated\">\n\t\t\t\t\t\t<div class=\"elementor-element elementor-element-cd891e2 elementor-widget-laptop__width-initial elementor-widget__width-initial elementor-widget elementor-widget-image\" data-id=\"cd891e2\" data-element_type=\"widget\" data-e-type=\"widget\" data-widget_type=\"image.default\">\n\t\t\t\t<div class=\"elementor-widget-container\">\n\t\t\t\t\t\t\t\t\t\t\t\t\t\t\t<img decoding=\"async\" width=\"911\" height=\"772\" src=\"https:\/\/www.aszende.com\/wp-content\/uploads\/2025\/05\/mantenimiento-ITC-21.jpg\" class=\"attachment-full size-full wp-image-25253\" alt=\"mantenimiento ITC\" srcset=\"https:\/\/www.aszende.com\/wp-content\/uploads\/2025\/05\/mantenimiento-ITC-21.jpg 911w, https:\/\/www.aszende.com\/wp-content\/uploads\/2025\/05\/mantenimiento-ITC-21-300x254.jpg 300w, https:\/\/www.aszende.com\/wp-content\/uploads\/2025\/05\/mantenimiento-ITC-21-768x651.jpg 768w, https:\/\/www.aszende.com\/wp-content\/uploads\/2025\/05\/mantenimiento-ITC-21-600x508.jpg 600w\" sizes=\"(max-width: 911px) 100vw, 911px\" \/>\t\t\t\t\t\t\t\t\t\t\t\t\t\t\t<\/div>\n\t\t\t\t<\/div>\n\t\t\t\t\t<\/div>\n\t\t<\/div>\n\t\t\t\t<div class=\"elementor-column elementor-col-50 elementor-top-column elementor-element elementor-element-ecc6198\" data-id=\"ecc6198\" data-element_type=\"column\" data-e-type=\"column\">\n\t\t\t<div class=\"elementor-widget-wrap elementor-element-populated\">\n\t\t\t\t\t\t<div class=\"elementor-element elementor-element-df4d6c8 elementor-widget elementor-widget-heading\" data-id=\"df4d6c8\" data-element_type=\"widget\" data-e-type=\"widget\" data-widget_type=\"heading.default\">\n\t\t\t\t<div class=\"elementor-widget-container\">\n\t\t\t\t\t<h3 class=\"elementor-heading-title elementor-size-default\">Sistemes de comunicaci\u00f3 bidireccional obligatoris<\/h3>\t\t\t\t<\/div>\n\t\t\t\t<\/div>\n\t\t\t\t<div class=\"elementor-element elementor-element-1d17992 elementor-widget elementor-widget-text-editor\" data-id=\"1d17992\" data-element_type=\"widget\" data-e-type=\"widget\" data-widget_type=\"text-editor.default\">\n\t\t\t\t<div class=\"elementor-widget-container\">\n\t\t\t\t\t\t\t\t\t<p>Tots els ascensors hauran d\u2019incorporar sistemes de comunicaci\u00f3 bidireccional que permetin als usuaris contactar de manera immediata amb un servei d\u2019assist\u00e8ncia en cas d\u2019emerg\u00e8ncia. Aquesta mesura refor\u00e7a la seguretat de les persones que puguin quedar atrapades, garantint una <strong>resposta r\u00e0pida i efica\u00e7. <\/strong> <\/p>\n\t\t\t\t\t\t\t\t<\/div>\n\t\t\t\t<\/div>\n\t\t\t\t<div class=\"elementor-element elementor-element-2ddd10d elementor-widget elementor-widget-heading\" data-id=\"2ddd10d\" data-element_type=\"widget\" data-e-type=\"widget\" data-widget_type=\"heading.default\">\n\t\t\t\t<div class=\"elementor-widget-container\">\n\t\t\t\t\t<h3 class=\"elementor-heading-title elementor-size-default\">Refor\u00e7 dels sistemes de seguretat<\/h3>\t\t\t\t<\/div>\n\t\t\t\t<\/div>\n\t\t\t\t<div class=\"elementor-element elementor-element-a538e67 elementor-widget elementor-widget-text-editor\" data-id=\"a538e67\" data-element_type=\"widget\" data-e-type=\"widget\" data-widget_type=\"text-editor.default\">\n\t\t\t\t<div class=\"elementor-widget-container\">\n\t\t\t\t\t\t\t\t\t<p>La normativa exigeix que tots els ascensors reforcin els seus sistemes de seguretat mitjan\u00e7ant mecanismes que previnguin <strong>atrapaments, caigudes o fallades mec\u00e0niques<\/strong>, reduint significativament el risc d&#8217;accidents.<\/p>\n\t\t\t\t\t\t\t\t<\/div>\n\t\t\t\t<\/div>\n\t\t\t\t\t<\/div>\n\t\t<\/div>\n\t\t\t\t\t<\/div>\n\t\t<\/section>\n\t\t\t\t<section class=\"elementor-section elementor-top-section elementor-element elementor-element-410bd43 elementor-section-boxed elementor-section-height-default elementor-section-height-default\" data-id=\"410bd43\" data-element_type=\"section\" data-e-type=\"section\">\n\t\t\t\t\t\t<div class=\"elementor-container elementor-column-gap-default\">\n\t\t\t\t\t<div class=\"elementor-column elementor-col-100 elementor-top-column elementor-element elementor-element-88abf01\" data-id=\"88abf01\" data-element_type=\"column\" data-e-type=\"column\">\n\t\t\t<div class=\"elementor-widget-wrap elementor-element-populated\">\n\t\t\t\t\t\t<div class=\"elementor-element elementor-element-c0c8f26 elementor-widget elementor-widget-heading\" data-id=\"c0c8f26\" data-element_type=\"widget\" data-e-type=\"widget\" data-widget_type=\"heading.default\">\n\t\t\t\t<div class=\"elementor-widget-container\">\n\t\t\t\t\t<h3 class=\"elementor-heading-title elementor-size-default\">Millora del nivellament de cabina<\/h3>\t\t\t\t<\/div>\n\t\t\t\t<\/div>\n\t\t\t\t<div class=\"elementor-element elementor-element-4d927d1 elementor-widget elementor-widget-text-editor\" data-id=\"4d927d1\" data-element_type=\"widget\" data-e-type=\"widget\" data-widget_type=\"text-editor.default\">\n\t\t\t\t<div class=\"elementor-widget-container\">\n\t\t\t\t\t\t\t\t\t<p>S\u2019obliga a instal\u00b7lar dispositius que assegurin una <strong>parada precisa a nivell de planta<\/strong>, reduint el risc d\u2019ensopegades o accidents en entrar o sortir de la cabina de l\u2019ascensor.<\/p>\n\t\t\t\t\t\t\t\t<\/div>\n\t\t\t\t<\/div>\n\t\t\t\t<div class=\"elementor-element elementor-element-d0fdc3b elementor-widget elementor-widget-heading\" data-id=\"d0fdc3b\" data-element_type=\"widget\" data-e-type=\"widget\" data-widget_type=\"heading.default\">\n\t\t\t\t<div class=\"elementor-widget-container\">\n\t\t\t\t\t<h3 class=\"elementor-heading-title elementor-size-default\">Dispositius antiatrapament a les portes<\/h3>\t\t\t\t<\/div>\n\t\t\t\t<\/div>\n\t\t\t\t<div class=\"elementor-element elementor-element-716e2f2 elementor-widget elementor-widget-text-editor\" data-id=\"716e2f2\" data-element_type=\"widget\" data-e-type=\"widget\" data-widget_type=\"text-editor.default\">\n\t\t\t\t<div class=\"elementor-widget-container\">\n\t\t\t\t\t\t\t\t\t<p>Tots els ascensors hauran d\u2019incorporar <strong> sensors de detecci\u00f3 d\u2019obstacles<\/strong> a les portes, que evitin el seu tancament accidental en cas que hi hagi persones o objectes en el pas.<\/p>\n\t\t\t\t\t\t\t\t<\/div>\n\t\t\t\t<\/div>\n\t\t\t\t<div class=\"elementor-element elementor-element-903e2c0 elementor-widget elementor-widget-heading\" data-id=\"903e2c0\" data-element_type=\"widget\" data-e-type=\"widget\" data-widget_type=\"heading.default\">\n\t\t\t\t<div class=\"elementor-widget-container\">\n\t\t\t\t\t<h3 class=\"elementor-heading-title elementor-size-default\">Il\u00b7luminaci\u00f3 d\u2019emerg\u00e8ncia i bateries de suport<\/h3>\t\t\t\t<\/div>\n\t\t\t\t<\/div>\n\t\t\t\t<div class=\"elementor-element elementor-element-10e2b07 elementor-widget elementor-widget-text-editor\" data-id=\"10e2b07\" data-element_type=\"widget\" data-e-type=\"widget\" data-widget_type=\"text-editor.default\">\n\t\t\t\t<div class=\"elementor-widget-container\">\n\t\t\t\t\t\t\t\t\t<p>En cas d\u2019interrupcions en el subministrament el\u00e8ctric, els ascensors hauran de comptar amb <strong>il\u00b7luminaci\u00f3 d\u2019emerg\u00e8ncia <\/strong> i <strong>bateries de suport.<\/strong> Aquests dispositius garantiran que la cabina romangui il\u00b7luminada i que funcions essencials continu\u00efn operatives durant un temps determinat. <\/p>\n\t\t\t\t\t\t\t\t<\/div>\n\t\t\t\t<\/div>\n\t\t\t\t<div class=\"elementor-element elementor-element-f695085 elementor-widget elementor-widget-heading\" data-id=\"f695085\" data-element_type=\"widget\" data-e-type=\"widget\" data-widget_type=\"heading.default\">\n\t\t\t\t<div class=\"elementor-widget-container\">\n\t\t\t\t\t<h3 class=\"elementor-heading-title elementor-size-default\">Manual de funcionament accessible<\/h3>\t\t\t\t<\/div>\n\t\t\t\t<\/div>\n\t\t\t\t<div class=\"elementor-element elementor-element-cc6275f elementor-widget elementor-widget-text-editor\" data-id=\"cc6275f\" data-element_type=\"widget\" data-e-type=\"widget\" data-widget_type=\"text-editor.default\">\n\t\t\t\t<div class=\"elementor-widget-container\">\n\t\t\t\t\t\t\t\t\t<p>Cada ascensor haur\u00e0 de disposar d\u2019un manual de funcionament accessible i actualitzat, que inclogui instruccions clares sobre l\u2019\u00fas del sistema, els protocols d\u2019emerg\u00e8ncia i els procediments a seguir davant possibles emerg\u00e8ncies. Aquest document \u00e9s essencial perqu\u00e8 usuaris i t\u00e8cnics actu\u00efn amb seguretat i efic\u00e0cia. <\/p>\n\t\t\t\t\t\t\t\t<\/div>\n\t\t\t\t<\/div>\n\t\t\t\t<div class=\"elementor-element elementor-element-8d4b295 elementor-widget elementor-widget-heading\" data-id=\"8d4b295\" data-element_type=\"widget\" data-e-type=\"widget\" data-widget_type=\"heading.default\">\n\t\t\t\t<div class=\"elementor-widget-container\">\n\t\t\t\t\t<h3 class=\"elementor-heading-title elementor-size-default\">Requisits de manteniment<\/h3>\t\t\t\t<\/div>\n\t\t\t\t<\/div>\n\t\t\t\t<div class=\"elementor-element elementor-element-04180af elementor-widget elementor-widget-text-editor\" data-id=\"04180af\" data-element_type=\"widget\" data-e-type=\"widget\" data-widget_type=\"text-editor.default\">\n\t\t\t\t<div class=\"elementor-widget-container\">\n\t\t\t\t\t\t\t\t\t<p>Com afecta la <a href=\"https:\/\/www.aszende.com\/ca\/blog\/itc-manteniment-ascensors\/\">ITC en el manteniment d\u2019ascensors<\/a>? S\u2019estableix <strong>l\u2019obligatorietat del manteniment actiu i programat, <\/strong> cosa que implica la contractaci\u00f3 d\u2019empreses especialitzades que duguin a terme controls preventius peri\u00f2dics i ajustats als est\u00e0ndards t\u00e8cnics definits per la nova normativa.<\/p>\n\t\t\t\t\t\t\t\t<\/div>\n\t\t\t\t<\/div>\n\t\t\t\t<div class=\"elementor-element elementor-element-4ccf49c elementor-widget elementor-widget-heading\" data-id=\"4ccf49c\" data-element_type=\"widget\" data-e-type=\"widget\" data-widget_type=\"heading.default\">\n\t\t\t\t<div class=\"elementor-widget-container\">\n\t\t\t\t\t<h2 class=\"elementor-heading-title elementor-size-default\">Com impacta la nova ITC AEM 1 en els ascensors existents?<\/h2>\t\t\t\t<\/div>\n\t\t\t\t<\/div>\n\t\t\t\t<div class=\"elementor-element elementor-element-3f5a927 elementor-widget elementor-widget-text-editor\" data-id=\"3f5a927\" data-element_type=\"widget\" data-e-type=\"widget\" data-widget_type=\"text-editor.default\">\n\t\t\t\t<div class=\"elementor-widget-container\">\n\t\t\t\t\t\t\t\t\t<p>L\u2019entrada en vigor de la nova normativa d\u2019ascensors ITC AEM 1 obliga a realitzar <strong>adaptacions progressives<\/strong> en els sistemes d\u2019elevaci\u00f3 ja operatius. En conseq\u00fc\u00e8ncia, els propietaris d\u2019edificis \u2014ja siguin comunitats de ve\u00efns o empreses\u2014 han <strong>d\u2019avaluar les seves instal\u00b7lacions<\/strong> i assegurar-se que compleixen amb els nous requisits per evitar sancions i, sobretot, per garantir la seguretat dels usuaris. <\/p>\n<p>Entre les modificacions que poden resultar necess\u00e0ries hi ha la modernitzaci\u00f3 dels sistemes de comunicaci\u00f3, la incorporaci\u00f3 de tecnologies de monitoratge remot, la millora de l\u2019accessibilitat per a persones amb mobilitat redu\u00efda i la implementaci\u00f3 de nous sistemes de seguretat adaptats a les exig\u00e8ncies actuals.<\/p>\n<p>Tanmateix, adaptar els ascensors ja existents implica realitzar una s\u00e8rie de millores que, en molts casos, <strong> requereixen una inversi\u00f3 considerable<\/strong>. El <a href=\"https:\/\/www.aszende.com\/ca\/blog\/adaptar-lascensor-normativa-itc\/\">cost d\u2019adaptar l\u2019ascensor a la ITC<\/a> dependr\u00e0 de m\u00faltiples factors, com ara les caracter\u00edstiques de l\u2019edifici i, especialment, l\u2019estat actual de l\u2019ascensor. <\/p>\n\t\t\t\t\t\t\t\t<\/div>\n\t\t\t\t<\/div>\n\t\t\t\t<div class=\"elementor-element elementor-element-2d49313 elementor-widget elementor-widget-heading\" data-id=\"2d49313\" data-element_type=\"widget\" data-e-type=\"widget\" data-widget_type=\"heading.default\">\n\t\t\t\t<div class=\"elementor-widget-container\">\n\t\t\t\t\t<h3 class=\"elementor-heading-title elementor-size-default\">Factors que influeixen en el cost de la modernitzaci\u00f3<\/h3>\t\t\t\t<\/div>\n\t\t\t\t<\/div>\n\t\t\t\t<div class=\"elementor-element elementor-element-6633807 elementor-widget elementor-widget-heading\" data-id=\"6633807\" data-element_type=\"widget\" data-e-type=\"widget\" data-widget_type=\"heading.default\">\n\t\t\t\t<div class=\"elementor-widget-container\">\n\t\t\t\t\t<h3 class=\"elementor-heading-title elementor-size-default\">Tipus d\u2019instal\u00b7laci\u00f3<\/h3>\t\t\t\t<\/div>\n\t\t\t\t<\/div>\n\t\t\t\t<div class=\"elementor-element elementor-element-311d653 elementor-widget elementor-widget-text-editor\" data-id=\"311d653\" data-element_type=\"widget\" data-e-type=\"widget\" data-widget_type=\"text-editor.default\">\n\t\t\t\t<div class=\"elementor-widget-container\">\n\t\t\t\t\t\t\t\t\t<p>El tipus d\u2019instal\u00b7laci\u00f3 \u00e9s un dels factors m\u00e9s rellevants a l\u2019hora de calcular el cost de la modernitzaci\u00f3. En general, un ascensor ubicat en un edifici de gran al\u00e7ada o en zona remota, necessitar\u00e0 intervencions t\u00e8cniques complexes que poden requerir <strong>m\u00e9s temps i recursos<\/strong> per adaptar-se a la nova normativa. A m\u00e9s, els ascensors en <strong>edificis comercials o p\u00fablics <\/strong> solen necessitar modificacions addicionals en mat\u00e8ria d\u2019accessibilitat i seguretat, cosa que encara incrementa m\u00e9s el cost total de la intervenci\u00f3.  <\/p>\n\t\t\t\t\t\t\t\t<\/div>\n\t\t\t\t<\/div>\n\t\t\t\t\t<\/div>\n\t\t<\/div>\n\t\t\t\t\t<\/div>\n\t\t<\/section>\n\t\t\t\t<section class=\"elementor-section elementor-top-section elementor-element elementor-element-4a89ae2 elementor-section-boxed elementor-section-height-default elementor-section-height-default\" data-id=\"4a89ae2\" data-element_type=\"section\" data-e-type=\"section\">\n\t\t\t\t\t\t<div class=\"elementor-container elementor-column-gap-default\">\n\t\t\t\t\t<div class=\"elementor-column elementor-col-50 elementor-top-column elementor-element elementor-element-8c148d3\" data-id=\"8c148d3\" data-element_type=\"column\" data-e-type=\"column\">\n\t\t\t<div class=\"elementor-widget-wrap elementor-element-populated\">\n\t\t\t\t\t\t<div class=\"elementor-element elementor-element-e63e067 elementor-widget elementor-widget-heading\" data-id=\"e63e067\" data-element_type=\"widget\" data-e-type=\"widget\" data-widget_type=\"heading.default\">\n\t\t\t\t<div class=\"elementor-widget-container\">\n\t\t\t\t\t<h3 class=\"elementor-heading-title elementor-size-default\">Estat de l\u2019equip i terminis d\u2019adequaci\u00f3<\/h3>\t\t\t\t<\/div>\n\t\t\t\t<\/div>\n\t\t\t\t<div class=\"elementor-element elementor-element-39efa81 elementor-widget elementor-widget-text-editor\" data-id=\"39efa81\" data-element_type=\"widget\" data-e-type=\"widget\" data-widget_type=\"text-editor.default\">\n\t\t\t\t<div class=\"elementor-widget-container\">\n\t\t\t\t\t\t\t\t\t<p>L\u2019estat actual del sistema d\u2019elevaci\u00f3 tamb\u00e9 \u00e9s determinant. Un ascensor que estigui molt desgastat o que hagi funcionat durant anys sense manteniment adequat requerir\u00e0 reformes m\u00e9s profundes i costoses que un que hagi estat mantingut correctament. <strong>L\u2019antiguitat de l\u2019equip<\/strong> i el <strong>seu nivell de conservaci\u00f3 <\/strong> definiran l\u2019abast de les actualitzacions necess\u00e0ries per complir amb els nous est\u00e0ndards.  <\/p>\n\t\t\t\t\t\t\t\t<\/div>\n\t\t\t\t<\/div>\n\t\t\t\t<div class=\"elementor-element elementor-element-6657c81 elementor-widget elementor-widget-heading\" data-id=\"6657c81\" data-element_type=\"widget\" data-e-type=\"widget\" data-widget_type=\"heading.default\">\n\t\t\t\t<div class=\"elementor-widget-container\">\n\t\t\t\t\t<h3 class=\"elementor-heading-title elementor-size-default\">Incorporaci\u00f3 de nous sistemes de seguretat<\/h3>\t\t\t\t<\/div>\n\t\t\t\t<\/div>\n\t\t\t\t<div class=\"elementor-element elementor-element-0d7f2be elementor-widget elementor-widget-text-editor\" data-id=\"0d7f2be\" data-element_type=\"widget\" data-e-type=\"widget\" data-widget_type=\"text-editor.default\">\n\t\t\t\t<div class=\"elementor-widget-container\">\n\t\t\t\t\t\t\t\t\t<p>Amb l\u2019objectiu de refor\u00e7ar la seguretat i l\u2019efici\u00e8ncia operativa, la normativa promou la implementaci\u00f3 de tecnologies avan\u00e7ades. Entre aquestes es troben els <strong>controls d\u2019acc\u00e9s electr\u00f2nics, les c\u00e0meres de vigil\u00e0ncia intel\u00b7ligents i els sistemes d\u2019alerta davant emerg\u00e8ncies. <\/strong> Aquestes solucions no nom\u00e9s augmenten la protecci\u00f3 dels usuaris, sin\u00f3 que tamb\u00e9 milloren l\u2019experi\u00e8ncia d\u2019\u00fas, fent-la m\u00e9s c\u00f2moda i fiable per a tots els ocupants.  <\/p>\n\t\t\t\t\t\t\t\t<\/div>\n\t\t\t\t<\/div>\n\t\t\t\t<div class=\"elementor-element elementor-element-ef254aa elementor-widget elementor-widget-heading\" data-id=\"ef254aa\" data-element_type=\"widget\" data-e-type=\"widget\" data-widget_type=\"heading.default\">\n\t\t\t\t<div class=\"elementor-widget-container\">\n\t\t\t\t\t<h3 class=\"elementor-heading-title elementor-size-default\">Millores estructurals al buit o cabina de l\u2019ascensor<\/h3>\t\t\t\t<\/div>\n\t\t\t\t<\/div>\n\t\t\t\t<div class=\"elementor-element elementor-element-a976a84 elementor-widget elementor-widget-text-editor\" data-id=\"a976a84\" data-element_type=\"widget\" data-e-type=\"widget\" data-widget_type=\"text-editor.default\">\n\t\t\t\t<div class=\"elementor-widget-container\">\n\t\t\t\t\t\t\t\t\t<p>Per complir amb la normativa vigent en mat\u00e8ria de seguretat, pot ser necessari refor\u00e7ar l\u2019estructura del buit o la cabina de l\u2019ascensor. Aquestes actuacions inclouen la <strong>consolidaci\u00f3 de murs i suports<\/strong>, l\u2019\u00fas de <strong>materials ign\u00edfugs,<\/strong> la millora de l\u2019a\u00efllament t\u00e8rmic i ac\u00fastic, aix\u00ed com la <strong>renovaci\u00f3 de components estructurals <\/strong> que garanteixin una major estabilitat, durabilitat i protecci\u00f3 davant situacions d\u2019emerg\u00e8ncia. <\/p>\n\t\t\t\t\t\t\t\t<\/div>\n\t\t\t\t<\/div>\n\t\t\t\t\t<\/div>\n\t\t<\/div>\n\t\t\t\t<div class=\"elementor-column elementor-col-50 elementor-top-column elementor-element elementor-element-a32d6d7\" data-id=\"a32d6d7\" data-element_type=\"column\" data-e-type=\"column\">\n\t\t\t<div class=\"elementor-widget-wrap elementor-element-populated\">\n\t\t\t\t\t\t<div class=\"elementor-element elementor-element-91e478a elementor-widget-laptop__width-initial elementor-widget__width-initial elementor-widget elementor-widget-image\" data-id=\"91e478a\" data-element_type=\"widget\" data-e-type=\"widget\" data-widget_type=\"image.default\">\n\t\t\t\t<div class=\"elementor-widget-container\">\n\t\t\t\t\t\t\t\t\t\t\t\t\t\t\t<img decoding=\"async\" width=\"713\" height=\"821\" src=\"https:\/\/www.aszende.com\/wp-content\/uploads\/2025\/05\/mantenimiento-ITC-3.jpg\" class=\"attachment-full size-full wp-image-25256\" alt=\"Normativa ITC\" srcset=\"https:\/\/www.aszende.com\/wp-content\/uploads\/2025\/05\/mantenimiento-ITC-3.jpg 713w, https:\/\/www.aszende.com\/wp-content\/uploads\/2025\/05\/mantenimiento-ITC-3-261x300.jpg 261w, https:\/\/www.aszende.com\/wp-content\/uploads\/2025\/05\/mantenimiento-ITC-3-600x691.jpg 600w\" sizes=\"(max-width: 713px) 100vw, 713px\" \/>\t\t\t\t\t\t\t\t\t\t\t\t\t\t\t<\/div>\n\t\t\t\t<\/div>\n\t\t\t\t\t<\/div>\n\t\t<\/div>\n\t\t\t\t\t<\/div>\n\t\t<\/section>\n\t\t\t\t<section class=\"elementor-section elementor-top-section elementor-element elementor-element-d216198 elementor-section-boxed elementor-section-height-default elementor-section-height-default\" data-id=\"d216198\" data-element_type=\"section\" data-e-type=\"section\">\n\t\t\t\t\t\t<div class=\"elementor-container elementor-column-gap-default\">\n\t\t\t\t\t<div class=\"elementor-column elementor-col-100 elementor-top-column elementor-element elementor-element-fed5a5f\" data-id=\"fed5a5f\" data-element_type=\"column\" data-e-type=\"column\">\n\t\t\t<div class=\"elementor-widget-wrap elementor-element-populated\">\n\t\t\t\t\t\t<div class=\"elementor-element elementor-element-7967ff4 elementor-widget elementor-widget-heading\" data-id=\"7967ff4\" data-element_type=\"widget\" data-e-type=\"widget\" data-widget_type=\"heading.default\">\n\t\t\t\t<div class=\"elementor-widget-container\">\n\t\t\t\t\t<h2 class=\"elementor-heading-title elementor-size-default\">Principals canvis de la normativa d\u2019ascensors ITC AEM 1<\/h2>\t\t\t\t<\/div>\n\t\t\t\t<\/div>\n\t\t\t\t<div class=\"elementor-element elementor-element-b000024 elementor-widget elementor-widget-heading\" data-id=\"b000024\" data-element_type=\"widget\" data-e-type=\"widget\" data-widget_type=\"heading.default\">\n\t\t\t\t<div class=\"elementor-widget-container\">\n\t\t\t\t\t<h3 class=\"elementor-heading-title elementor-size-default\">Requisits m\u00ednims d\u2019espai en cabina per a cadires de rodes<\/h3>\t\t\t\t<\/div>\n\t\t\t\t<\/div>\n\t\t\t\t<div class=\"elementor-element elementor-element-6a7abc1 elementor-widget elementor-widget-text-editor\" data-id=\"6a7abc1\" data-element_type=\"widget\" data-e-type=\"widget\" data-widget_type=\"text-editor.default\">\n\t\t\t\t<div class=\"elementor-widget-container\">\n\t\t\t\t\t\t\t\t\t<p>Tot i que la normativa actualitzada no estableix de forma expl\u00edcita les <strong>dimensions m\u00ednimes<\/strong> de les cabines per a usuaris en cadira de rodes, s\u00ed que s\u2019ajusta a les <strong>recomanacions d\u2019accessibilitat <\/strong> recollides en normatives i guies t\u00e8cniques. Segons aquestes orientacions: <\/p>\n<ul>\n<li>Per a <strong>cabines amb una porta<\/strong>, es recomana un espai de 1,10 m d\u2019amplada x 1,40 m de profunditat.<\/li>\n<li>En el cas de <strong><strong>cabines amb dues portes enfrontades<\/strong>, les dimensions suggerides s\u00f3n igualment de 1,10 m d\u2019amplada x 1,40 m de profunditat.<\/strong><\/li>\n<li>Per a c<strong>abines amb<\/strong> <strong>dues portes en angle<\/strong>, l\u2019espai recomanat \u00e9s de 1,60 m d\u2019amplada x 1,40 m de profunditat.<\/li>\n<\/ul>\n<p>Aquestes mesures permeten garantir l\u2019acc\u00e9s c\u00f2mode i segur de persones en cadira de rodes.<\/p>\n\t\t\t\t\t\t\t\t<\/div>\n\t\t\t\t<\/div>\n\t\t\t\t<div class=\"elementor-element elementor-element-4e835a2 elementor-widget elementor-widget-heading\" data-id=\"4e835a2\" data-element_type=\"widget\" data-e-type=\"widget\" data-widget_type=\"heading.default\">\n\t\t\t\t<div class=\"elementor-widget-container\">\n\t\t\t\t\t<h3 class=\"elementor-heading-title elementor-size-default\">Al\u00e7ada dels polsadors accessibles<\/h3>\t\t\t\t<\/div>\n\t\t\t\t<\/div>\n\t\t\t\t<div class=\"elementor-element elementor-element-62cd342 elementor-widget elementor-widget-text-editor\" data-id=\"62cd342\" data-element_type=\"widget\" data-e-type=\"widget\" data-widget_type=\"text-editor.default\">\n\t\t\t\t<div class=\"elementor-widget-container\">\n\t\t\t\t\t\t\t\t\t<p>La nova ITC AEM 1 estableix que els <strong>elements de control,<\/strong> com ara els polsadors, s\u2019han de situar a una al\u00e7ada accessible per a tots els usuaris. L\u2019objectiu \u00e9s que puguin ser utilitzats tant per persones de peu com per aquelles en cadira de rodes. <\/p>\n<p>Segons les guies t\u00e8cniques, l\u2019al\u00e7ada recomanada se situa entre <strong>900 mm i 1.200 mm <\/strong> des del s\u00f2l de la cabina, cosa que permet que qualsevol usuari pugui operar l\u2019ascensor de manera c\u00f2moda, segura i aut\u00f2noma.<\/p>\n\t\t\t\t\t\t\t\t<\/div>\n\t\t\t\t<\/div>\n\t\t\t\t<div class=\"elementor-element elementor-element-8d4dedf elementor-widget elementor-widget-heading\" data-id=\"8d4dedf\" data-element_type=\"widget\" data-e-type=\"widget\" data-widget_type=\"heading.default\">\n\t\t\t\t<div class=\"elementor-widget-container\">\n\t\t\t\t\t<h3 class=\"elementor-heading-title elementor-size-default\">Senyalitzaci\u00f3 sonora i visual obligat\u00f2ria<\/h3>\t\t\t\t<\/div>\n\t\t\t\t<\/div>\n\t\t\t\t<div class=\"elementor-element elementor-element-a0830f8 elementor-widget elementor-widget-text-editor\" data-id=\"a0830f8\" data-element_type=\"widget\" data-e-type=\"widget\" data-widget_type=\"text-editor.default\">\n\t\t\t\t<div class=\"elementor-widget-container\">\n\t\t\t\t\t\t\t\t\t<p>El Reial decret 355\/2024 introdueix un canvi important en exigir la instal\u00b7laci\u00f3 de sistemes de <strong>senyalitzaci\u00f3 sonora i visual<\/strong> en els ascensors, amb l\u2019objectiu de millorar l\u2019accessibilitat.<\/p>\n<p>Pel que fa a la senyalitzaci\u00f3 visual, els ascensors han d\u2019incorporar <strong>indicadors de posici\u00f3 i direcci\u00f3 <\/strong> a la cabina, visibles tant a l\u2019interior com a l\u2019exterior de l\u2019equip. A m\u00e9s, han de comptar amb <strong> anuncis sonors <\/strong> que informin sobre l\u2019arribada a cada planta i altres funcions rellevants, facilitant-ne l\u2019\u00fas per a persones amb discapacitat visual o auditiva. <\/p>\n\t\t\t\t\t\t\t\t<\/div>\n\t\t\t\t<\/div>\n\t\t\t\t<div class=\"elementor-element elementor-element-4abac49 elementor-widget elementor-widget-heading\" data-id=\"4abac49\" data-element_type=\"widget\" data-e-type=\"widget\" data-widget_type=\"heading.default\">\n\t\t\t\t<div class=\"elementor-widget-container\">\n\t\t\t\t\t<h3 class=\"elementor-heading-title elementor-size-default\">Eliminaci\u00f3 de barreres en l\u2019acc\u00e9s a l\u2019ascensor<\/h3>\t\t\t\t<\/div>\n\t\t\t\t<\/div>\n\t\t\t\t<div class=\"elementor-element elementor-element-111f6c4 elementor-widget elementor-widget-text-editor\" data-id=\"111f6c4\" data-element_type=\"widget\" data-e-type=\"widget\" data-widget_type=\"text-editor.default\">\n\t\t\t\t<div class=\"elementor-widget-container\">\n\t\t\t\t\t\t\t\t\t<p>Amb l\u2019objectiu d\u2019optimitzar l\u2019accessibilitat, la normativa exigeix la instal\u00b7laci\u00f3 de sistemes de protecci\u00f3 a les portes autom\u00e0tiques dels ascensors.<\/p>\n<p>Concretament, s\u2019han d\u2019instal\u00b7lar <strong>barreres fotoel\u00e8ctriques<\/strong> amb sensors que cobreixin des d\u2019almenys 25 mm fins a 1.600 mm sobre la base de la cabina. Aquesta tecnologia impedeix que les portes es tanquin quan hi hagi persones o objectes bloquejant-ne l\u2019entrada, millorant aix\u00ed la seguretat i comoditat per a tots els usuaris. <\/p>\n\t\t\t\t\t\t\t\t<\/div>\n\t\t\t\t<\/div>\n\t\t\t\t\t<\/div>\n\t\t<\/div>\n\t\t\t\t\t<\/div>\n\t\t<\/section>\n\t\t\t\t<section class=\"elementor-section elementor-top-section elementor-element elementor-element-a1ba3b9 elementor-section-boxed elementor-section-height-default elementor-section-height-default\" data-id=\"a1ba3b9\" data-element_type=\"section\" data-e-type=\"section\">\n\t\t\t\t\t\t<div class=\"elementor-container elementor-column-gap-default\">\n\t\t\t\t\t<div class=\"elementor-column elementor-col-50 elementor-top-column elementor-element elementor-element-9adc10e\" data-id=\"9adc10e\" data-element_type=\"column\" data-e-type=\"column\">\n\t\t\t<div class=\"elementor-widget-wrap elementor-element-populated\">\n\t\t\t\t\t\t<div class=\"elementor-element elementor-element-aac3232 elementor-widget-laptop__width-initial elementor-widget__width-initial elementor-widget elementor-widget-image\" data-id=\"aac3232\" data-element_type=\"widget\" data-e-type=\"widget\" data-widget_type=\"image.default\">\n\t\t\t\t<div class=\"elementor-widget-container\">\n\t\t\t\t\t\t\t\t\t\t\t\t\t\t\t<img loading=\"lazy\" decoding=\"async\" width=\"2000\" height=\"1367\" src=\"https:\/\/www.aszende.com\/wp-content\/uploads\/2025\/05\/mantenimiento-ascensor.jpg\" class=\"attachment-full size-full wp-image-25041\" alt=\"mantenimiento ascensor\" srcset=\"https:\/\/www.aszende.com\/wp-content\/uploads\/2025\/05\/mantenimiento-ascensor.jpg 2000w, https:\/\/www.aszende.com\/wp-content\/uploads\/2025\/05\/mantenimiento-ascensor-300x205.jpg 300w, https:\/\/www.aszende.com\/wp-content\/uploads\/2025\/05\/mantenimiento-ascensor-1024x700.jpg 1024w, https:\/\/www.aszende.com\/wp-content\/uploads\/2025\/05\/mantenimiento-ascensor-768x525.jpg 768w, https:\/\/www.aszende.com\/wp-content\/uploads\/2025\/05\/mantenimiento-ascensor-1536x1050.jpg 1536w, https:\/\/www.aszende.com\/wp-content\/uploads\/2025\/05\/mantenimiento-ascensor-600x410.jpg 600w\" sizes=\"(max-width: 2000px) 100vw, 2000px\" \/>\t\t\t\t\t\t\t\t\t\t\t\t\t\t\t<\/div>\n\t\t\t\t<\/div>\n\t\t\t\t\t<\/div>\n\t\t<\/div>\n\t\t\t\t<div class=\"elementor-column elementor-col-50 elementor-top-column elementor-element elementor-element-655298a\" data-id=\"655298a\" data-element_type=\"column\" data-e-type=\"column\">\n\t\t\t<div class=\"elementor-widget-wrap elementor-element-populated\">\n\t\t\t\t\t\t<div class=\"elementor-element elementor-element-6f0cd31 elementor-widget elementor-widget-heading\" data-id=\"6f0cd31\" data-element_type=\"widget\" data-e-type=\"widget\" data-widget_type=\"heading.default\">\n\t\t\t\t<div class=\"elementor-widget-container\">\n\t\t\t\t\t<h3 class=\"elementor-heading-title elementor-size-default\">Millora del sistema de parada precisa en planta<\/h3>\t\t\t\t<\/div>\n\t\t\t\t<\/div>\n\t\t\t\t<div class=\"elementor-element elementor-element-25f17fd elementor-widget elementor-widget-text-editor\" data-id=\"25f17fd\" data-element_type=\"widget\" data-e-type=\"widget\" data-widget_type=\"text-editor.default\">\n\t\t\t\t<div class=\"elementor-widget-container\">\n\t\t\t\t\t\t\t\t\t<p>Un dels canvis clau que introdueix la nova normativa \u00e9s l\u2019exig\u00e8ncia d\u2019una <strong>parada precisa de la cabina<\/strong> respecte al nivell de planta. Aquesta s\u2019ha d\u2019efectuar amb una precisi\u00f3 de \u00b110 mm, garantint un alineament adequat entre el s\u00f2l de l\u2019ascensor i el pis de la planta. <\/p>\n<p>A m\u00e9s, s\u2019estableix que durant les operacions de c\u00e0rrega i desc\u00e0rrega, la difer\u00e8ncia de nivell entre la cabina i el s\u00f2l no ha de superar els \u00b120 mm, cosa que resulta essencial per a <strong>l\u2019accessibilitat de persones amb mobilitat redu\u00efda <\/strong> o usuaris en cadira de rodes.<\/p>\n\t\t\t\t\t\t\t\t<\/div>\n\t\t\t\t<\/div>\n\t\t\t\t\t<\/div>\n\t\t<\/div>\n\t\t\t\t\t<\/div>\n\t\t<\/section>\n\t\t\t\t<section class=\"elementor-section elementor-top-section elementor-element elementor-element-eee4f6a elementor-section-boxed elementor-section-height-default elementor-section-height-default\" data-id=\"eee4f6a\" data-element_type=\"section\" data-e-type=\"section\">\n\t\t\t\t\t\t<div class=\"elementor-container elementor-column-gap-default\">\n\t\t\t\t\t<div class=\"elementor-column elementor-col-100 elementor-top-column elementor-element elementor-element-b3e6d47\" data-id=\"b3e6d47\" data-element_type=\"column\" data-e-type=\"column\">\n\t\t\t<div class=\"elementor-widget-wrap elementor-element-populated\">\n\t\t\t\t\t\t<div class=\"elementor-element elementor-element-21253ea elementor-widget elementor-widget-heading\" data-id=\"21253ea\" data-element_type=\"widget\" data-e-type=\"widget\" data-widget_type=\"heading.default\">\n\t\t\t\t<div class=\"elementor-widget-container\">\n\t\t\t\t\t<h2 class=\"elementor-heading-title elementor-size-default\">Confia en Aszende per adaptar-te a la nova normativa d\u2019ascensors<\/h2>\t\t\t\t<\/div>\n\t\t\t\t<\/div>\n\t\t\t\t<div class=\"elementor-element elementor-element-f17b392 elementor-widget elementor-widget-text-editor\" data-id=\"f17b392\" data-element_type=\"widget\" data-e-type=\"widget\" data-widget_type=\"text-editor.default\">\n\t\t\t\t<div class=\"elementor-widget-container\">\n\t\t\t\t\t\t\t\t\t<p>La implementaci\u00f3 de la nova Instrucci\u00f3 T\u00e8cnica Complement\u00e0ria AEM 1 introdueix una s\u00e8rie de requisits t\u00e8cnics i de seguretat que impacten directament en la instal\u00b7laci\u00f3, modernitzaci\u00f3 i manteniment dels sistemes d\u2019elevaci\u00f3.<\/p>\n<p>En aquest context, comptar amb el suport d\u2019un <strong>prove\u00efdor especialitzat <\/strong> \u00e9s fonamental. <strong>Aszende <\/strong> ofereix solucions personalitzades que abasten des de la instal\u00b7laci\u00f3 i modernitzaci\u00f3 d\u2019ascensors fins al seu manteniment, assegurant el <strong>compliment normatiu<\/strong> i la millora cont\u00ednua en seguretat i accessibilitat.<\/p>\n<p>Entre els nostres serveis destacats s\u2019inclouen:<\/p>\n<ul>\n<li><strong>Modernitzaci\u00f3 d\u2019ascensors:<\/strong> Adaptem els teus sistemes a la normativa AEM 1.<\/li>\n<li><strong>Instal\u00b7laci\u00f3 de nous ascensors:<\/strong> Solucions a mida segons les necessitats espec\u00edfiques del teu edifici.<\/li>\n<li><strong>Manteniment integral: <\/strong> Servei t\u00e8cnic i manteniment preventiu per garantir el correcte funcionament dels teus ascensors.<\/li>\n<\/ul>\n<p>Si vols saber m\u00e9s sobre com aplicar la nova normativa d\u2019ascensors, <strong>contacta <\/strong> amb nosaltres i un dels nostres experts t\u2019assessorar\u00e0 personalment per posar la teva instal\u00b7laci\u00f3 al dia.<\/p>\n\t\t\t\t\t\t\t\t<\/div>\n\t\t\t\t<\/div>\n\t\t\t\t\t<\/div>\n\t\t<\/div>\n\t\t\t\t\t<\/div>\n\t\t<\/section>\n\t\t\t\t<section class=\"elementor-section elementor-top-section elementor-element elementor-element-6d356d0 elementor-section-boxed elementor-section-height-default elementor-section-height-default\" data-id=\"6d356d0\" data-element_type=\"section\" data-e-type=\"section\">\n\t\t\t\t\t\t<div class=\"elementor-container elementor-column-gap-default\">\n\t\t\t\t\t<div class=\"elementor-column elementor-col-100 elementor-top-column elementor-element elementor-element-a81a046\" data-id=\"a81a046\" data-element_type=\"column\" data-e-type=\"column\">\n\t\t\t<div class=\"elementor-widget-wrap\">\n\t\t\t\t\t\t\t<\/div>\n\t\t<\/div>\n\t\t\t\t\t<\/div>\n\t\t<\/section>\n\t\t\t\t<section class=\"elementor-section elementor-top-section elementor-element elementor-element-4686b14 elementor-section-boxed elementor-section-height-default elementor-section-height-default\" data-id=\"4686b14\" data-element_type=\"section\" data-e-type=\"section\">\n\t\t\t\t\t\t<div class=\"elementor-container elementor-column-gap-default\">\n\t\t\t\t\t<div class=\"elementor-column elementor-col-100 elementor-top-column elementor-element elementor-element-3af5d72\" data-id=\"3af5d72\" data-element_type=\"column\" data-e-type=\"column\">\n\t\t\t<div class=\"elementor-widget-wrap\">\n\t\t\t\t\t\t\t<\/div>\n\t\t<\/div>\n\t\t\t\t\t<\/div>\n\t\t<\/section>\n\t\t\t\t<\/div>\n\t\t","protected":false},"excerpt":{"rendered":"<p>A Espanya, la nova normativa d&#8217;ascensors introdueix un conjunt de requisits t\u00e8cnics i de seguretat destinats a garantir la modernitzaci\u00f3 progressiva de totes les instal\u00b7lacions, tant existents com de nova construcci\u00f3. Aprovat mitjan\u00e7ant el Reial decret 355\/2024, la ITC AEM 1, en vigor des de l&#8217;1 de juliol de 2024, regula aspectes fonamentals com l\u2019accessibilitat, [&hellip;]<\/p>\n","protected":false},"author":6,"featured_media":25241,"comment_status":"closed","ping_status":"closed","sticky":false,"template":"","format":"standard","meta":{"site-sidebar-layout":"default","site-content-layout":"default","ast-site-content-layout":"default","site-content-style":"default","site-sidebar-style":"default","ast-global-header-display":"","ast-banner-title-visibility":"","ast-main-header-display":"","ast-hfb-above-header-display":"","ast-hfb-below-header-display":"","ast-hfb-mobile-header-display":"","site-post-title":"","ast-breadcrumbs-content":"","ast-featured-img":"","footer-sml-layout":"","theme-transparent-header-meta":"default","adv-header-id-meta":"","stick-header-meta":"","header-above-stick-meta":"","header-main-stick-meta":"","header-below-stick-meta":"","astra-migrate-meta-layouts":"default","ast-page-background-enabled":"default","ast-page-background-meta":{"desktop":{"background-color":"var(--ast-global-color-4)","background-image":"","background-repeat":"repeat","background-position":"center center","background-size":"auto","background-attachment":"scroll","background-type":"","background-media":"","overlay-type":"","overlay-color":"","overlay-opacity":"","overlay-gradient":""},"tablet":{"background-color":"","background-image":"","background-repeat":"repeat","background-position":"center center","background-size":"auto","background-attachment":"scroll","background-type":"","background-media":"","overlay-type":"","overlay-color":"","overlay-opacity":"","overlay-gradient":""},"mobile":{"background-color":"","background-image":"","background-repeat":"repeat","background-position":"center center","background-size":"auto","background-attachment":"scroll","background-type":"","background-media":"","overlay-type":"","overlay-color":"","overlay-opacity":"","overlay-gradient":""}},"ast-content-background-meta":{"desktop":{"background-color":"var(--ast-global-color-5)","background-image":"","background-repeat":"repeat","background-position":"center center","background-size":"auto","background-attachment":"scroll","background-type":"","background-media":"","overlay-type":"","overlay-color":"","overlay-opacity":"","overlay-gradient":""},"tablet":{"background-color":"var(--ast-global-color-5)","background-image":"","background-repeat":"repeat","background-position":"center center","background-size":"auto","background-attachment":"scroll","background-type":"","background-media":"","overlay-type":"","overlay-color":"","overlay-opacity":"","overlay-gradient":""},"mobile":{"background-color":"var(--ast-global-color-5)","background-image":"","background-repeat":"repeat","background-position":"center center","background-size":"auto","background-attachment":"scroll","background-type":"","background-media":"","overlay-type":"","overlay-color":"","overlay-opacity":"","overlay-gradient":""}},"footnotes":""},"categories":[14],"tags":[],"class_list":["post-25261","post","type-post","status-publish","format-standard","has-post-thumbnail","hentry","category-instalaciones"],"yoast_head":"<!-- This site is optimized with the Yoast SEO plugin v27.0 - https:\/\/yoast.com\/product\/yoast-seo-wordpress\/ -->\n<title>La nova normativa d&#039;ascensors: guia completa per entendre la ITC AEM 1 - Aszende<\/title>\n<meta name=\"description\" content=\"La ITC AEM 1 regula aspectes fonamentals que has de con\u00e8ixer. En aquest blog, et desvetllem tot el que necessites saber.\" \/>\n<meta name=\"robots\" content=\"index, follow, max-snippet:-1, max-image-preview:large, max-video-preview:-1\" \/>\n<link rel=\"canonical\" href=\"https:\/\/www.aszende.com\/ca\/blog\/guia-itc-aem-1\/\" \/>\n<meta property=\"og:locale\" content=\"ca_ES\" \/>\n<meta property=\"og:type\" content=\"article\" \/>\n<meta property=\"og:title\" content=\"La nova normativa d&#039;ascensors: guia completa per entendre la ITC AEM 1 - Aszende\" \/>\n<meta property=\"og:description\" content=\"La ITC AEM 1 regula aspectes fonamentals que has de con\u00e8ixer. En aquest blog, et desvetllem tot el que necessites saber.\" \/>\n<meta property=\"og:url\" content=\"https:\/\/www.aszende.com\/ca\/blog\/guia-itc-aem-1\/\" \/>\n<meta property=\"og:site_name\" content=\"Aszende\" \/>\n<meta property=\"article:published_time\" content=\"2025-05-27T13:46:09+00:00\" \/>\n<meta property=\"article:modified_time\" content=\"2025-09-12T10:39:01+00:00\" \/>\n<meta property=\"og:image\" content=\"https:\/\/www.aszende.com\/wp-content\/uploads\/2025\/05\/mantenimiento-ITC-31.jpg\" \/>\n\t<meta property=\"og:image:width\" content=\"911\" \/>\n\t<meta property=\"og:image:height\" content=\"772\" \/>\n\t<meta property=\"og:image:type\" content=\"image\/jpeg\" \/>\n<meta name=\"author\" content=\"GO2JUMP\" \/>\n<meta name=\"twitter:card\" content=\"summary_large_image\" \/>\n<meta name=\"twitter:label1\" content=\"Escrit per\" \/>\n\t<meta name=\"twitter:data1\" content=\"GO2JUMP\" \/>\n\t<meta name=\"twitter:label2\" content=\"Temps estimat de lectura\" \/>\n\t<meta name=\"twitter:data2\" content=\"11 minuts\" \/>\n<script type=\"application\/ld+json\" class=\"yoast-schema-graph\">{\"@context\":\"https:\/\/schema.org\",\"@graph\":[{\"@type\":\"Article\",\"@id\":\"https:\/\/www.aszende.com\/ca\/blog\/guia-itc-aem-1\/#article\",\"isPartOf\":{\"@id\":\"https:\/\/www.aszende.com\/ca\/blog\/guia-itc-aem-1\/\"},\"author\":{\"name\":\"GO2JUMP\",\"@id\":\"https:\/\/www.aszende.com\/en\/#\/schema\/person\/84539476955736c0d2283e7f6bcab6fb\"},\"headline\":\"La nova normativa d&#8217;ascensors: guia completa per entendre la ITC AEM 1\",\"datePublished\":\"2025-05-27T13:46:09+00:00\",\"dateModified\":\"2025-09-12T10:39:01+00:00\",\"mainEntityOfPage\":{\"@id\":\"https:\/\/www.aszende.com\/ca\/blog\/guia-itc-aem-1\/\"},\"wordCount\":2032,\"publisher\":{\"@id\":\"https:\/\/www.aszende.com\/en\/#organization\"},\"image\":{\"@id\":\"https:\/\/www.aszende.com\/ca\/blog\/guia-itc-aem-1\/#primaryimage\"},\"thumbnailUrl\":\"https:\/\/www.aszende.com\/wp-content\/uploads\/2025\/05\/mantenimiento-ITC-31.jpg\",\"articleSection\":[\"Instalaciones\"],\"inLanguage\":\"ca\"},{\"@type\":\"WebPage\",\"@id\":\"https:\/\/www.aszende.com\/ca\/blog\/guia-itc-aem-1\/\",\"url\":\"https:\/\/www.aszende.com\/ca\/blog\/guia-itc-aem-1\/\",\"name\":\"La nova normativa d'ascensors: guia completa per entendre la ITC AEM 1 - Aszende\",\"isPartOf\":{\"@id\":\"https:\/\/www.aszende.com\/en\/#website\"},\"primaryImageOfPage\":{\"@id\":\"https:\/\/www.aszende.com\/ca\/blog\/guia-itc-aem-1\/#primaryimage\"},\"image\":{\"@id\":\"https:\/\/www.aszende.com\/ca\/blog\/guia-itc-aem-1\/#primaryimage\"},\"thumbnailUrl\":\"https:\/\/www.aszende.com\/wp-content\/uploads\/2025\/05\/mantenimiento-ITC-31.jpg\",\"datePublished\":\"2025-05-27T13:46:09+00:00\",\"dateModified\":\"2025-09-12T10:39:01+00:00\",\"description\":\"La ITC AEM 1 regula aspectes fonamentals que has de con\u00e8ixer. En aquest blog, et desvetllem tot el que necessites saber.\",\"breadcrumb\":{\"@id\":\"https:\/\/www.aszende.com\/ca\/blog\/guia-itc-aem-1\/#breadcrumb\"},\"inLanguage\":\"ca\",\"potentialAction\":[{\"@type\":\"ReadAction\",\"target\":[\"https:\/\/www.aszende.com\/ca\/blog\/guia-itc-aem-1\/\"]}]},{\"@type\":\"ImageObject\",\"inLanguage\":\"ca\",\"@id\":\"https:\/\/www.aszende.com\/ca\/blog\/guia-itc-aem-1\/#primaryimage\",\"url\":\"https:\/\/www.aszende.com\/wp-content\/uploads\/2025\/05\/mantenimiento-ITC-31.jpg\",\"contentUrl\":\"https:\/\/www.aszende.com\/wp-content\/uploads\/2025\/05\/mantenimiento-ITC-31.jpg\",\"width\":911,\"height\":772,\"caption\":\"ITC AEM 1\"},{\"@type\":\"BreadcrumbList\",\"@id\":\"https:\/\/www.aszende.com\/ca\/blog\/guia-itc-aem-1\/#breadcrumb\",\"itemListElement\":[{\"@type\":\"ListItem\",\"position\":1,\"name\":\"Inicio\",\"item\":\"https:\/\/www.aszende.com\/ca\/\"},{\"@type\":\"ListItem\",\"position\":2,\"name\":\"La nova normativa d&#8217;ascensors: guia completa per entendre la ITC AEM 1\"}]},{\"@type\":\"WebSite\",\"@id\":\"https:\/\/www.aszende.com\/en\/#website\",\"url\":\"https:\/\/www.aszende.com\/en\/\",\"name\":\"Aszende\",\"description\":\"\",\"publisher\":{\"@id\":\"https:\/\/www.aszende.com\/en\/#organization\"},\"potentialAction\":[{\"@type\":\"SearchAction\",\"target\":{\"@type\":\"EntryPoint\",\"urlTemplate\":\"https:\/\/www.aszende.com\/en\/?s={search_term_string}\"},\"query-input\":{\"@type\":\"PropertyValueSpecification\",\"valueRequired\":true,\"valueName\":\"search_term_string\"}}],\"inLanguage\":\"ca\"},{\"@type\":\"Organization\",\"@id\":\"https:\/\/www.aszende.com\/en\/#organization\",\"name\":\"Aszende\",\"url\":\"https:\/\/www.aszende.com\/en\/\",\"logo\":{\"@type\":\"ImageObject\",\"inLanguage\":\"ca\",\"@id\":\"https:\/\/www.aszende.com\/en\/#\/schema\/logo\/image\/\",\"url\":\"https:\/\/www.aszende.com\/wp-content\/uploads\/2022\/10\/LOGO-Aszende-sin-R.png\",\"contentUrl\":\"https:\/\/www.aszende.com\/wp-content\/uploads\/2022\/10\/LOGO-Aszende-sin-R.png\",\"width\":346,\"height\":114,\"caption\":\"Aszende\"},\"image\":{\"@id\":\"https:\/\/www.aszende.com\/en\/#\/schema\/logo\/image\/\"}},{\"@type\":\"Person\",\"@id\":\"https:\/\/www.aszende.com\/en\/#\/schema\/person\/84539476955736c0d2283e7f6bcab6fb\",\"name\":\"GO2JUMP\",\"image\":{\"@type\":\"ImageObject\",\"inLanguage\":\"ca\",\"@id\":\"https:\/\/www.aszende.com\/en\/#\/schema\/person\/image\/\",\"url\":\"https:\/\/secure.gravatar.com\/avatar\/31d3d42d560f9952b607a41659b69bc36248676da87a1f2a4a521b0e40b62fe8?s=96&d=mm&r=g\",\"contentUrl\":\"https:\/\/secure.gravatar.com\/avatar\/31d3d42d560f9952b607a41659b69bc36248676da87a1f2a4a521b0e40b62fe8?s=96&d=mm&r=g\",\"caption\":\"GO2JUMP\"}}]}<\/script>\n<!-- \/ Yoast SEO plugin. -->","yoast_head_json":{"title":"La nova normativa d'ascensors: guia completa per entendre la ITC AEM 1 - Aszende","description":"La ITC AEM 1 regula aspectes fonamentals que has de con\u00e8ixer. En aquest blog, et desvetllem tot el que necessites saber.","robots":{"index":"index","follow":"follow","max-snippet":"max-snippet:-1","max-image-preview":"max-image-preview:large","max-video-preview":"max-video-preview:-1"},"canonical":"https:\/\/www.aszende.com\/ca\/blog\/guia-itc-aem-1\/","og_locale":"ca_ES","og_type":"article","og_title":"La nova normativa d'ascensors: guia completa per entendre la ITC AEM 1 - Aszende","og_description":"La ITC AEM 1 regula aspectes fonamentals que has de con\u00e8ixer. En aquest blog, et desvetllem tot el que necessites saber.","og_url":"https:\/\/www.aszende.com\/ca\/blog\/guia-itc-aem-1\/","og_site_name":"Aszende","article_published_time":"2025-05-27T13:46:09+00:00","article_modified_time":"2025-09-12T10:39:01+00:00","og_image":[{"width":911,"height":772,"url":"https:\/\/www.aszende.com\/wp-content\/uploads\/2025\/05\/mantenimiento-ITC-31.jpg","type":"image\/jpeg"}],"author":"GO2JUMP","twitter_card":"summary_large_image","twitter_misc":{"Escrit per":"GO2JUMP","Temps estimat de lectura":"11 minuts"},"schema":{"@context":"https:\/\/schema.org","@graph":[{"@type":"Article","@id":"https:\/\/www.aszende.com\/ca\/blog\/guia-itc-aem-1\/#article","isPartOf":{"@id":"https:\/\/www.aszende.com\/ca\/blog\/guia-itc-aem-1\/"},"author":{"name":"GO2JUMP","@id":"https:\/\/www.aszende.com\/en\/#\/schema\/person\/84539476955736c0d2283e7f6bcab6fb"},"headline":"La nova normativa d&#8217;ascensors: guia completa per entendre la ITC AEM 1","datePublished":"2025-05-27T13:46:09+00:00","dateModified":"2025-09-12T10:39:01+00:00","mainEntityOfPage":{"@id":"https:\/\/www.aszende.com\/ca\/blog\/guia-itc-aem-1\/"},"wordCount":2032,"publisher":{"@id":"https:\/\/www.aszende.com\/en\/#organization"},"image":{"@id":"https:\/\/www.aszende.com\/ca\/blog\/guia-itc-aem-1\/#primaryimage"},"thumbnailUrl":"https:\/\/www.aszende.com\/wp-content\/uploads\/2025\/05\/mantenimiento-ITC-31.jpg","articleSection":["Instalaciones"],"inLanguage":"ca"},{"@type":"WebPage","@id":"https:\/\/www.aszende.com\/ca\/blog\/guia-itc-aem-1\/","url":"https:\/\/www.aszende.com\/ca\/blog\/guia-itc-aem-1\/","name":"La nova normativa d'ascensors: guia completa per entendre la ITC AEM 1 - Aszende","isPartOf":{"@id":"https:\/\/www.aszende.com\/en\/#website"},"primaryImageOfPage":{"@id":"https:\/\/www.aszende.com\/ca\/blog\/guia-itc-aem-1\/#primaryimage"},"image":{"@id":"https:\/\/www.aszende.com\/ca\/blog\/guia-itc-aem-1\/#primaryimage"},"thumbnailUrl":"https:\/\/www.aszende.com\/wp-content\/uploads\/2025\/05\/mantenimiento-ITC-31.jpg","datePublished":"2025-05-27T13:46:09+00:00","dateModified":"2025-09-12T10:39:01+00:00","description":"La ITC AEM 1 regula aspectes fonamentals que has de con\u00e8ixer. En aquest blog, et desvetllem tot el que necessites saber.","breadcrumb":{"@id":"https:\/\/www.aszende.com\/ca\/blog\/guia-itc-aem-1\/#breadcrumb"},"inLanguage":"ca","potentialAction":[{"@type":"ReadAction","target":["https:\/\/www.aszende.com\/ca\/blog\/guia-itc-aem-1\/"]}]},{"@type":"ImageObject","inLanguage":"ca","@id":"https:\/\/www.aszende.com\/ca\/blog\/guia-itc-aem-1\/#primaryimage","url":"https:\/\/www.aszende.com\/wp-content\/uploads\/2025\/05\/mantenimiento-ITC-31.jpg","contentUrl":"https:\/\/www.aszende.com\/wp-content\/uploads\/2025\/05\/mantenimiento-ITC-31.jpg","width":911,"height":772,"caption":"ITC AEM 1"},{"@type":"BreadcrumbList","@id":"https:\/\/www.aszende.com\/ca\/blog\/guia-itc-aem-1\/#breadcrumb","itemListElement":[{"@type":"ListItem","position":1,"name":"Inicio","item":"https:\/\/www.aszende.com\/ca\/"},{"@type":"ListItem","position":2,"name":"La nova normativa d&#8217;ascensors: guia completa per entendre la ITC AEM 1"}]},{"@type":"WebSite","@id":"https:\/\/www.aszende.com\/en\/#website","url":"https:\/\/www.aszende.com\/en\/","name":"Aszende","description":"","publisher":{"@id":"https:\/\/www.aszende.com\/en\/#organization"},"potentialAction":[{"@type":"SearchAction","target":{"@type":"EntryPoint","urlTemplate":"https:\/\/www.aszende.com\/en\/?s={search_term_string}"},"query-input":{"@type":"PropertyValueSpecification","valueRequired":true,"valueName":"search_term_string"}}],"inLanguage":"ca"},{"@type":"Organization","@id":"https:\/\/www.aszende.com\/en\/#organization","name":"Aszende","url":"https:\/\/www.aszende.com\/en\/","logo":{"@type":"ImageObject","inLanguage":"ca","@id":"https:\/\/www.aszende.com\/en\/#\/schema\/logo\/image\/","url":"https:\/\/www.aszende.com\/wp-content\/uploads\/2022\/10\/LOGO-Aszende-sin-R.png","contentUrl":"https:\/\/www.aszende.com\/wp-content\/uploads\/2022\/10\/LOGO-Aszende-sin-R.png","width":346,"height":114,"caption":"Aszende"},"image":{"@id":"https:\/\/www.aszende.com\/en\/#\/schema\/logo\/image\/"}},{"@type":"Person","@id":"https:\/\/www.aszende.com\/en\/#\/schema\/person\/84539476955736c0d2283e7f6bcab6fb","name":"GO2JUMP","image":{"@type":"ImageObject","inLanguage":"ca","@id":"https:\/\/www.aszende.com\/en\/#\/schema\/person\/image\/","url":"https:\/\/secure.gravatar.com\/avatar\/31d3d42d560f9952b607a41659b69bc36248676da87a1f2a4a521b0e40b62fe8?s=96&d=mm&r=g","contentUrl":"https:\/\/secure.gravatar.com\/avatar\/31d3d42d560f9952b607a41659b69bc36248676da87a1f2a4a521b0e40b62fe8?s=96&d=mm&r=g","caption":"GO2JUMP"}}]}},"_links":{"self":[{"href":"https:\/\/www.aszende.com\/ca\/wp-json\/wp\/v2\/posts\/25261","targetHints":{"allow":["GET"]}}],"collection":[{"href":"https:\/\/www.aszende.com\/ca\/wp-json\/wp\/v2\/posts"}],"about":[{"href":"https:\/\/www.aszende.com\/ca\/wp-json\/wp\/v2\/types\/post"}],"author":[{"embeddable":true,"href":"https:\/\/www.aszende.com\/ca\/wp-json\/wp\/v2\/users\/6"}],"replies":[{"embeddable":true,"href":"https:\/\/www.aszende.com\/ca\/wp-json\/wp\/v2\/comments?post=25261"}],"version-history":[{"count":0,"href":"https:\/\/www.aszende.com\/ca\/wp-json\/wp\/v2\/posts\/25261\/revisions"}],"wp:featuredmedia":[{"embeddable":true,"href":"https:\/\/www.aszende.com\/ca\/wp-json\/wp\/v2\/media\/25241"}],"wp:attachment":[{"href":"https:\/\/www.aszende.com\/ca\/wp-json\/wp\/v2\/media?parent=25261"}],"wp:term":[{"taxonomy":"category","embeddable":true,"href":"https:\/\/www.aszende.com\/ca\/wp-json\/wp\/v2\/categories?post=25261"},{"taxonomy":"post_tag","embeddable":true,"href":"https:\/\/www.aszende.com\/ca\/wp-json\/wp\/v2\/tags?post=25261"}],"curies":[{"name":"wp","href":"https:\/\/api.w.org\/{rel}","templated":true}]}}