{"id":26469,"date":"2025-10-16T13:05:35","date_gmt":"2025-10-16T11:05:35","guid":{"rendered":"https:\/\/www.aszende.com\/?p=26469"},"modified":"2025-10-17T08:47:02","modified_gmt":"2025-10-17T06:47:02","slug":"edificis-sense-ascensor-rehabilitacio-dedificis","status":"publish","type":"post","link":"https:\/\/www.aszende.com\/ca\/blog\/edificis-sense-ascensor-rehabilitacio-dedificis\/","title":{"rendered":"Quines solucions existeixen per als edificis sense ascensor? Rehabilitaci\u00f3 d\u2019edificis"},"content":{"rendered":"\t\t<div data-elementor-type=\"wp-post\" data-elementor-id=\"26469\" class=\"elementor elementor-26469 elementor-26456\" data-elementor-post-type=\"post\">\n\t\t\t\t\t\t<section class=\"elementor-section elementor-top-section elementor-element elementor-element-6a6b119 elementor-section-boxed elementor-section-height-default elementor-section-height-default\" data-id=\"6a6b119\" data-element_type=\"section\" data-e-type=\"section\">\n\t\t\t\t\t\t<div class=\"elementor-container elementor-column-gap-default\">\n\t\t\t\t\t<div class=\"elementor-column elementor-col-50 elementor-top-column elementor-element elementor-element-a5415e8\" data-id=\"a5415e8\" data-element_type=\"column\" data-e-type=\"column\">\n\t\t\t<div class=\"elementor-widget-wrap elementor-element-populated\">\n\t\t\t\t\t\t<div class=\"elementor-element elementor-element-fd0e946 elementor-widget__width-initial elementor-widget elementor-widget-image\" data-id=\"fd0e946\" data-element_type=\"widget\" data-e-type=\"widget\" data-widget_type=\"image.default\">\n\t\t\t\t<div class=\"elementor-widget-container\">\n\t\t\t\t\t\t\t\t\t\t\t\t\t\t\t<img fetchpriority=\"high\" decoding=\"async\" width=\"911\" height=\"772\" src=\"https:\/\/www.aszende.com\/wp-content\/uploads\/2025\/10\/edificio-sin-ascensor-1-1.jpg\" class=\"attachment-full size-full wp-image-26466\" alt=\"edifici sense ascensor\" srcset=\"https:\/\/www.aszende.com\/wp-content\/uploads\/2025\/10\/edificio-sin-ascensor-1-1.jpg 911w, https:\/\/www.aszende.com\/wp-content\/uploads\/2025\/10\/edificio-sin-ascensor-1-1-300x254.jpg 300w, https:\/\/www.aszende.com\/wp-content\/uploads\/2025\/10\/edificio-sin-ascensor-1-1-768x651.jpg 768w, https:\/\/www.aszende.com\/wp-content\/uploads\/2025\/10\/edificio-sin-ascensor-1-1-600x508.jpg 600w\" sizes=\"(max-width: 911px) 100vw, 911px\" \/>\t\t\t\t\t\t\t\t\t\t\t\t\t\t\t<\/div>\n\t\t\t\t<\/div>\n\t\t\t\t\t<\/div>\n\t\t<\/div>\n\t\t\t\t<div class=\"elementor-column elementor-col-50 elementor-top-column elementor-element elementor-element-6c0a946\" data-id=\"6c0a946\" data-element_type=\"column\" data-e-type=\"column\">\n\t\t\t<div class=\"elementor-widget-wrap elementor-element-populated\">\n\t\t\t\t\t\t<div class=\"elementor-element elementor-element-0bafb13 elementor-widget__width-initial elementor-widget elementor-widget-text-editor\" data-id=\"0bafb13\" data-element_type=\"widget\" data-e-type=\"widget\" data-widget_type=\"text-editor.default\">\n\t\t\t\t<div class=\"elementor-widget-container\">\n\t\t\t\t\t\t\t\t\t<p>Una realitat a Espanya \u00e9s que molts edificis antics es van construir sense ascensor. Aix\u00f2 s\u2019ha convertit en un problema, sobretot en zones amb alta densitat de poblaci\u00f3, ja que l\u2019abs\u00e8ncia d\u2019aquest mitj\u00e0 de mobilitat vertical afecta negativament l\u2019accessibilitat, la qualitat de vida dels residents i, per descomptat, el valor dels habitatges. Davant d\u2019aquesta situaci\u00f3, cada cop s\u00f3n m\u00e9s les comunitats de propietaris que busquen solucions per instal\u00b7lar un ascensor que permeti modernitzar l\u2019immoble i eliminar aquestes barreres arquitect\u00f2niques.  <\/p>\n<p>Davant d\u2019aquesta problem\u00e0tica, la rehabilitaci\u00f3 dels edificis adquireix un paper destacat com a alternativa per donar-hi resposta, ja que permet modernitzar-ne l\u2019estructura i, alhora, millorar l\u2019accessibilitat dels ve\u00efns.<\/p>\t\t\t\t\t\t\t\t<\/div>\n\t\t\t\t<\/div>\n\t\t\t\t\t<\/div>\n\t\t<\/div>\n\t\t\t\t\t<\/div>\n\t\t<\/section>\n\t\t\t\t<section class=\"elementor-section elementor-top-section elementor-element elementor-element-52d67cc elementor-section-boxed elementor-section-height-default elementor-section-height-default\" data-id=\"52d67cc\" data-element_type=\"section\" data-e-type=\"section\">\n\t\t\t\t\t\t<div class=\"elementor-container elementor-column-gap-default\">\n\t\t\t\t\t<div class=\"elementor-column elementor-col-100 elementor-top-column elementor-element elementor-element-436bd1d\" data-id=\"436bd1d\" data-element_type=\"column\" data-e-type=\"column\">\n\t\t\t<div class=\"elementor-widget-wrap elementor-element-populated\">\n\t\t\t\t\t\t<div class=\"elementor-element elementor-element-28e70cb elementor-widget elementor-widget-heading\" data-id=\"28e70cb\" data-element_type=\"widget\" data-e-type=\"widget\" data-widget_type=\"heading.default\">\n\t\t\t\t<div class=\"elementor-widget-container\">\n\t\t\t\t\t<h2 class=\"elementor-heading-title elementor-size-default\">Principals solucions per a edificis sense ascensor<\/h2>\t\t\t\t<\/div>\n\t\t\t\t<\/div>\n\t\t\t\t<div class=\"elementor-element elementor-element-c89830b elementor-widget elementor-widget-text-editor\" data-id=\"c89830b\" data-element_type=\"widget\" data-e-type=\"widget\" data-widget_type=\"text-editor.default\">\n\t\t\t\t<div class=\"elementor-widget-container\">\n\t\t\t\t\t\t\t\t\t<p>Si ets propietari d\u2019un immoble i est\u00e0s buscant solucions per a edificis sense ascensor, tot seguit et presentem diferents opcions. Encara que pugui semblar una tasca complexa, <strong>gr\u00e0cies als aven\u00e7os tecnol\u00f2gics i a l\u2019experi\u00e8ncia de les empreses especialitzades,<\/strong> instal\u00b7lar un ascensor en un edifici antic \u00e9s avui una realitat molt m\u00e9s assequible. <\/p>\t\t\t\t\t\t\t\t<\/div>\n\t\t\t\t<\/div>\n\t\t\t\t<div class=\"elementor-element elementor-element-49ceff5 elementor-widget elementor-widget-heading\" data-id=\"49ceff5\" data-element_type=\"widget\" data-e-type=\"widget\" data-widget_type=\"heading.default\">\n\t\t\t\t<div class=\"elementor-widget-container\">\n\t\t\t\t\t<h3 class=\"elementor-heading-title elementor-size-default\">Instal\u00b7laci\u00f3 d\u2019un ascensor al buit de l\u2019escala existent<\/h3>\t\t\t\t<\/div>\n\t\t\t\t<\/div>\n\t\t\t\t<div class=\"elementor-element elementor-element-d91696b elementor-widget elementor-widget-text-editor\" data-id=\"d91696b\" data-element_type=\"widget\" data-e-type=\"widget\" data-widget_type=\"text-editor.default\">\n\t\t\t\t<div class=\"elementor-widget-container\">\n\t\t\t\t\t\t\t\t\t<p>Aquesta \u00e9s l\u2019alternativa m\u00e9s habitual i es planteja com una de les solucions per a un edifici sense ascensor, especialment <strong>quan el buit de l\u2019escala \u00e9s prou ampli per allotjar-hi la cabina. <\/strong> S\u2019aprofita aix\u00ed l\u2019espai central de l\u2019escala per instal\u00b7lar l\u2019ascensor, sense necessitat de modificar de manera significativa l\u2019estructura de l\u2019edifici. <\/p>\n<p>En <strong> termes econ\u00f2mics<\/strong>, aquest tipus d\u2019obra sol ser m\u00e9s econ\u00f2mic que altres opcions, a m\u00e9s de permetre una instal\u00b7laci\u00f3 r\u00e0pida. D\u2019altra banda, est\u00e8ticament no altera la fa\u00e7ana de l\u2019immoble i mant\u00e9 l\u2019harmonia visual de l\u2019edifici. <\/p>\t\t\t\t\t\t\t\t<\/div>\n\t\t\t\t<\/div>\n\t\t\t\t<div class=\"elementor-element elementor-element-8a12777 elementor-widget elementor-widget-heading\" data-id=\"8a12777\" data-element_type=\"widget\" data-e-type=\"widget\" data-widget_type=\"heading.default\">\n\t\t\t\t<div class=\"elementor-widget-container\">\n\t\t\t\t\t<h3 class=\"elementor-heading-title elementor-size-default\">Construcci\u00f3 d\u2019un ascensor al pati de llums<\/h3>\t\t\t\t<\/div>\n\t\t\t\t<\/div>\n\t\t\t\t<div class=\"elementor-element elementor-element-716fd3b elementor-widget elementor-widget-text-editor\" data-id=\"716fd3b\" data-element_type=\"widget\" data-e-type=\"widget\" data-widget_type=\"text-editor.default\">\n\t\t\t\t<div class=\"elementor-widget-container\">\n\t\t\t\t\t\t\t\t\t<p>Quan el buit de l\u2019escala no \u00e9s prou ampli, una alternativa \u00e9s construir l\u2019ascensor al pati de llums. Per fer-ho, es crea una estructura vertical dins d\u2019aquest espai, tot procurant no comprometre l\u2019entrada de llum natural als habitatges i respectant la normativa urban\u00edstica vigent. <\/p>\n<p>Aquesta soluci\u00f3 permet <strong> instal\u00b7lar un ascensor sense alterar l\u2019escala original<\/strong>, oferint una opci\u00f3 pr\u00e0ctica i segura per millorar l\u2019accessibilitat dels edificis antics. A m\u00e9s, \u00e9s una alternativa vers\u00e0til que s\u2019adapta a diversos tipus d\u2019immobles. <\/p>\n<p> <\/p>\t\t\t\t\t\t\t\t<\/div>\n\t\t\t\t<\/div>\n\t\t\t\t<div class=\"elementor-element elementor-element-f91a8d9 elementor-widget elementor-widget-heading\" data-id=\"f91a8d9\" data-element_type=\"widget\" data-e-type=\"widget\" data-widget_type=\"heading.default\">\n\t\t\t\t<div class=\"elementor-widget-container\">\n\t\t\t\t\t<h3 class=\"elementor-heading-title elementor-size-default\">Instal\u00b7laci\u00f3 d\u2019un ascensor a la fa\u00e7ana exterior de l\u2019edifici<\/h3>\t\t\t\t<\/div>\n\t\t\t\t<\/div>\n\t\t\t\t<div class=\"elementor-element elementor-element-3c165cc elementor-widget elementor-widget-text-editor\" data-id=\"3c165cc\" data-element_type=\"widget\" data-e-type=\"widget\" data-widget_type=\"text-editor.default\">\n\t\t\t\t<div class=\"elementor-widget-container\">\n\t\t\t\t\t\t\t\t\t<p>Entre les solucions per a edificis sense ascensor, aquesta alternativa guanya protagonisme <strong>quan no hi ha prou espai a l\u2019interior de l\u2019edifici per instal\u00b7lar-hi l\u2019equip<\/strong>. Requereix un <strong> projecte t\u00e8cnic<\/strong> <strong>detallat <\/strong> i l\u2019aprovaci\u00f3 pr\u00e8via de l\u2019ajuntament. <\/p>\n<p>A m\u00e9s de ser una opci\u00f3 pr\u00e0ctica, un ascensor instal\u00b7lat a la fa\u00e7ana exterior pot integrar-se de manera <strong>est\u00e8tica i moderna<\/strong>, aportant valor a l\u2019edifici i millorant l\u2019accessibilitat de tots els ve\u00efns sense afectar les zones interiors. \u00c9s una de les moltes solucions que ofereix Aszende als propietaris que volen <a href=\"https:\/\/www.aszende.com\/ca\/blog\/instal%c2%b7lar-ascensor-sense-buit-escala\/\">instal\u00b7lar un ascensor sense buit d\u2019escala<\/a>. <\/p>\n<p> <\/p>\t\t\t\t\t\t\t\t<\/div>\n\t\t\t\t<\/div>\n\t\t\t\t<div class=\"elementor-element elementor-element-76fd32d elementor-widget elementor-widget-heading\" data-id=\"76fd32d\" data-element_type=\"widget\" data-e-type=\"widget\" data-widget_type=\"heading.default\">\n\t\t\t\t<div class=\"elementor-widget-container\">\n\t\t\t\t\t<h2 class=\"elementor-heading-title elementor-size-default\">Ascensors unifamiliars o plataformes elevadores com a alternativa en casos d\u2019espai redu\u00eft<\/h2>\t\t\t\t<\/div>\n\t\t\t\t<\/div>\n\t\t\t\t<div class=\"elementor-element elementor-element-72caa51 elementor-widget elementor-widget-text-editor\" data-id=\"72caa51\" data-element_type=\"widget\" data-e-type=\"widget\" data-widget_type=\"text-editor.default\">\n\t\t\t\t<div class=\"elementor-widget-container\">\n\t\t\t\t\t\t\t\t\t<p>En general, es tracta d\u2019una alternativa pensada per a <strong>edificis m\u00e9s petits o comunitats amb pocs ve\u00efns<\/strong>, habitualment entre quatre i cinc habitatges. Consisteix en la instal\u00b7laci\u00f3 d\u2019equips compactes que permeten el transport vertical de persones amb mobilitat redu\u00efda, adaptant-se a espais limitats on una instal\u00b7laci\u00f3 convencional no seria viable. \u00c9s una soluci\u00f3 m\u00e9s accessible i de menor cost, pensada especialment per a edificis amb necessitats de despla\u00e7ament m\u00e9s moderades. \u00c9s l\u2019opci\u00f3 m\u00e9s triada en habitatges unifamiliars.   <\/p>\t\t\t\t\t\t\t\t<\/div>\n\t\t\t\t<\/div>\n\t\t\t\t\t<\/div>\n\t\t<\/div>\n\t\t\t\t\t<\/div>\n\t\t<\/section>\n\t\t\t\t<section class=\"elementor-section elementor-top-section elementor-element elementor-element-53f5fe6 elementor-section-boxed elementor-section-height-default elementor-section-height-default\" data-id=\"53f5fe6\" data-element_type=\"section\" data-e-type=\"section\">\n\t\t\t\t\t\t<div class=\"elementor-container elementor-column-gap-default\">\n\t\t\t\t\t<div class=\"elementor-column elementor-col-50 elementor-top-column elementor-element elementor-element-4eb8c40\" data-id=\"4eb8c40\" data-element_type=\"column\" data-e-type=\"column\">\n\t\t\t<div class=\"elementor-widget-wrap elementor-element-populated\">\n\t\t\t\t\t\t<div class=\"elementor-element elementor-element-cd891e2 elementor-widget-laptop__width-initial elementor-widget__width-initial elementor-widget elementor-widget-image\" data-id=\"cd891e2\" data-element_type=\"widget\" data-e-type=\"widget\" data-widget_type=\"image.default\">\n\t\t\t\t<div class=\"elementor-widget-container\">\n\t\t\t\t\t\t\t\t\t\t\t\t\t\t\t<img decoding=\"async\" width=\"713\" height=\"821\" src=\"https:\/\/www.aszende.com\/wp-content\/uploads\/2025\/10\/edificio-sin-ascensor.jpg\" class=\"attachment-full size-full wp-image-26467\" alt=\"edifici sense ascensor\" srcset=\"https:\/\/www.aszende.com\/wp-content\/uploads\/2025\/10\/edificio-sin-ascensor.jpg 713w, https:\/\/www.aszende.com\/wp-content\/uploads\/2025\/10\/edificio-sin-ascensor-261x300.jpg 261w, https:\/\/www.aszende.com\/wp-content\/uploads\/2025\/10\/edificio-sin-ascensor-600x691.jpg 600w\" sizes=\"(max-width: 713px) 100vw, 713px\" \/>\t\t\t\t\t\t\t\t\t\t\t\t\t\t\t<\/div>\n\t\t\t\t<\/div>\n\t\t\t\t\t<\/div>\n\t\t<\/div>\n\t\t\t\t<div class=\"elementor-column elementor-col-50 elementor-top-column elementor-element elementor-element-ecc6198\" data-id=\"ecc6198\" data-element_type=\"column\" data-e-type=\"column\">\n\t\t\t<div class=\"elementor-widget-wrap elementor-element-populated\">\n\t\t\t\t\t\t<div class=\"elementor-element elementor-element-a1ae474 elementor-widget elementor-widget-heading\" data-id=\"a1ae474\" data-element_type=\"widget\" data-e-type=\"widget\" data-widget_type=\"heading.default\">\n\t\t\t\t<div class=\"elementor-widget-container\">\n\t\t\t\t\t<h3 class=\"elementor-heading-title elementor-size-default\">Beneficis d\u2019instal\u00b7lar un ascensor en la rehabilitaci\u00f3 d\u2019edificis<\/h3>\t\t\t\t<\/div>\n\t\t\t\t<\/div>\n\t\t\t\t<div class=\"elementor-element elementor-element-abf4c01 elementor-widget elementor-widget-text-editor\" data-id=\"abf4c01\" data-element_type=\"widget\" data-e-type=\"widget\" data-widget_type=\"text-editor.default\">\n\t\t\t\t<div class=\"elementor-widget-container\">\n\t\t\t\t\t\t\t\t\t<h3> <\/h3>\n<ul>\n<li><strong>Millora de l\u2019accessibilitat:<\/strong> la instal\u00b7laci\u00f3 d\u2019un ascensor garanteix que totes les persones de l\u2019immoble puguin despla\u00e7ar-se d\u2019un pis a un altre sense dificultats. En edificis antics, on no hi ha cap sistema de mobilitat vertical, la manca d\u2019accessibilitat pot esdevenir una limitaci\u00f3 greu per a les persones grans, ve\u00efns amb mobilitat redu\u00efda o fam\u00edlies amb infants petits. <\/li>\n<li><strong>Augment del valor dels habitatges:<\/strong> La instal\u00b7laci\u00f3 d\u2019un ascensor incrementa notablement la plusv\u00e0lua d\u2019un immoble, ja que el seu valor al mercat se\u2019n veu afavorit. Tant els llogaters com els compradors valoren la pres\u00e8ncia d\u2019un ascensor com un factor de comoditat i accessibilitat imprescindible, especialment en pisos situats a les plantes superiors. <\/li>\n<li><strong>Compliment normatiu: <\/strong> A Espanya, l\u2019accessibilitat \u00e9s un dret reconegut per la Constituci\u00f3 i regulat per diverses lleis i normatives que promouen l\u2019eliminaci\u00f3 de barreres arquitect\u00f2niques. Entre aquestes destaquen la Llei 51\/2003, d\u2019igualtat d\u2019oportunitats, no-discriminaci\u00f3 i accessibilitat universal de les persones amb discapacitat (LIONDAU) i el Codi T\u00e8cnic de l\u2019Edificaci\u00f3 (CTE). <\/li>\n<li><strong>M\u00e9s comoditat en el dia a dia: <\/strong> Tenir un ascensor a l\u2019edifici fa que les tasques quotidianes dels residents siguin molt m\u00e9s c\u00f2modes i segures. Pujar la compra, transportar mobles o accedir a casa despr\u00e9s d\u2019una jornada de treball esdev\u00e9 molt m\u00e9s senzill i sense esfor\u00e7. Per aquest motiu, la rehabilitaci\u00f3 de l\u2019edifici mitjan\u00e7ant la instal\u00b7laci\u00f3 d\u2019un ascensor exerceix un paper essencial en la millora de la qualitat de vida dels ve\u00efns.  <\/li>\n<\/ul>\t\t\t\t\t\t\t\t<\/div>\n\t\t\t\t<\/div>\n\t\t\t\t\t<\/div>\n\t\t<\/div>\n\t\t\t\t\t<\/div>\n\t\t<\/section>\n\t\t\t\t<section class=\"elementor-section elementor-top-section elementor-element elementor-element-410bd43 elementor-section-boxed elementor-section-height-default elementor-section-height-default\" data-id=\"410bd43\" data-element_type=\"section\" data-e-type=\"section\">\n\t\t\t\t\t\t<div class=\"elementor-container elementor-column-gap-default\">\n\t\t\t\t\t<div class=\"elementor-column elementor-col-100 elementor-top-column elementor-element elementor-element-88abf01\" data-id=\"88abf01\" data-element_type=\"column\" data-e-type=\"column\">\n\t\t\t<div class=\"elementor-widget-wrap elementor-element-populated\">\n\t\t\t\t\t\t<div class=\"elementor-element elementor-element-3f5a927 elementor-widget elementor-widget-text-editor\" data-id=\"3f5a927\" data-element_type=\"widget\" data-e-type=\"widget\" data-widget_type=\"text-editor.default\">\n\t\t\t\t<div class=\"elementor-widget-container\">\n\t\t\t\t\t\t\t\t\t<ul>\n<li><strong>Revaloritzaci\u00f3 est\u00e8tica de l\u2019immoble: <\/strong> Moltes instal\u00b7lacions d\u2019ascensors inclouen millores a l\u2019entrada, a les escales i a les zones comunes, cosa que contribueix a modernitzar la imatge de l\u2019edifici.<\/li>\n<li><strong>Ajuts p\u00fablics per a la rehabilitaci\u00f3:<\/strong> Actualment, a Espanya existeixen diverses subvencions i programes p\u00fablics destinats a la rehabilitaci\u00f3 d\u2019edificis i a la millora de l\u2019accessibilitat. Entre aquestes, destaquen els fons del Pla Estatal d\u2019Habitatge i les ajudes auton\u00f2miques i locals, que varien segons la comunitat i el municipi. <\/li>\n<\/ul>\t\t\t\t\t\t\t\t<\/div>\n\t\t\t\t<\/div>\n\t\t\t\t<div class=\"elementor-element elementor-element-c7af173 elementor-widget elementor-widget-heading\" data-id=\"c7af173\" data-element_type=\"widget\" data-e-type=\"widget\" data-widget_type=\"heading.default\">\n\t\t\t\t<div class=\"elementor-widget-container\">\n\t\t\t\t\t<h2 class=\"elementor-heading-title elementor-size-default\">Aszende: especialistes en instal\u00b7laci\u00f3 d\u2019ascensors en espais redu\u00efts<\/h2>\t\t\t\t<\/div>\n\t\t\t\t<\/div>\n\t\t\t\t<div class=\"elementor-element elementor-element-f0ba5e9 elementor-widget elementor-widget-text-editor\" data-id=\"f0ba5e9\" data-element_type=\"widget\" data-e-type=\"widget\" data-widget_type=\"text-editor.default\">\n\t\t\t\t<div class=\"elementor-widget-container\">\n\t\t\t\t\t\t\t\t\t<p>A <strong>Aszende <\/strong> som especialistes en la instal\u00b7laci\u00f3 d\u2019ascensors en espais redu\u00efts i a oferir solucions adaptades a tot tipus d\u2019edificis, incloent-hi aquells de m\u00e9s de 45 anys o amb complexitats t\u00e8cniques. Amb m\u00e9s de <strong>45 anys d\u2019experi\u00e8ncia<\/strong>, ens hem consolidat com a referent en solucions per a edificis sense ascensor, combinant coneixement t\u00e8cnic i tecnologia avan\u00e7ada. <\/p>\n<p>Podem instal\u00b7lar el teu ascensor en buits d\u2019escala, patis interiors o fa\u00e7anes, cercant sempre el <strong>millor empla\u00e7ament per maximitzar l\u2019espai de la cabina sense comprometre l\u2019est\u00e8tica de l\u2019edifici<\/strong>. La nostra tecnologia ens permet optimitzar fins i tot els buits m\u00e9s redu\u00efts, garantint comoditat i accessibilitat per a tots els residents. <\/p>\n<p>Si la teva comunitat necessita millorar l\u2019accessibilitat i revaloritzar l\u2019immoble, <strong>t\u2019acompanyem durant tot el proc\u00e9s: <\/strong> des de l\u2019estudi inicial fins a la instal\u00b7laci\u00f3 final, assegurant la millor soluci\u00f3 t\u00e8cnica i econ\u00f2mica per al teu edifici. Contacta amb nosaltres: t\u2019ajudarem a identificar les millors solucions per a edificis sense ascensor. <\/p>\t\t\t\t\t\t\t\t<\/div>\n\t\t\t\t<\/div>\n\t\t\t\t\t<\/div>\n\t\t<\/div>\n\t\t\t\t\t<\/div>\n\t\t<\/section>\n\t\t\t\t<\/div>\n\t\t","protected":false},"excerpt":{"rendered":"<p>Una realitat a Espanya \u00e9s que molts edificis antics es van construir sense ascensor. Aix\u00f2 s\u2019ha convertit en un problema, sobretot en zones amb alta densitat de poblaci\u00f3, ja que l\u2019abs\u00e8ncia d\u2019aquest mitj\u00e0 de mobilitat vertical afecta negativament l\u2019accessibilitat, la qualitat de vida dels residents i, per descomptat, el valor dels habitatges. Davant d\u2019aquesta situaci\u00f3, [&hellip;]<\/p>\n","protected":false},"author":6,"featured_media":26468,"comment_status":"closed","ping_status":"open","sticky":false,"template":"","format":"standard","meta":{"site-sidebar-layout":"default","site-content-layout":"default","ast-site-content-layout":"default","site-content-style":"default","site-sidebar-style":"default","ast-global-header-display":"","ast-banner-title-visibility":"","ast-main-header-display":"","ast-hfb-above-header-display":"","ast-hfb-below-header-display":"","ast-hfb-mobile-header-display":"","site-post-title":"","ast-breadcrumbs-content":"","ast-featured-img":"","footer-sml-layout":"","theme-transparent-header-meta":"default","adv-header-id-meta":"","stick-header-meta":"","header-above-stick-meta":"","header-main-stick-meta":"","header-below-stick-meta":"","astra-migrate-meta-layouts":"set","ast-page-background-enabled":"default","ast-page-background-meta":{"desktop":{"background-color":"var(--ast-global-color-4)","background-image":"","background-repeat":"repeat","background-position":"center center","background-size":"auto","background-attachment":"scroll","background-type":"","background-media":"","overlay-type":"","overlay-color":"","overlay-opacity":"","overlay-gradient":""},"tablet":{"background-color":"","background-image":"","background-repeat":"repeat","background-position":"center center","background-size":"auto","background-attachment":"scroll","background-type":"","background-media":"","overlay-type":"","overlay-color":"","overlay-opacity":"","overlay-gradient":""},"mobile":{"background-color":"","background-image":"","background-repeat":"repeat","background-position":"center center","background-size":"auto","background-attachment":"scroll","background-type":"","background-media":"","overlay-type":"","overlay-color":"","overlay-opacity":"","overlay-gradient":""}},"ast-content-background-meta":{"desktop":{"background-color":"var(--ast-global-color-5)","background-image":"","background-repeat":"repeat","background-position":"center center","background-size":"auto","background-attachment":"scroll","background-type":"","background-media":"","overlay-type":"","overlay-color":"","overlay-opacity":"","overlay-gradient":""},"tablet":{"background-color":"var(--ast-global-color-5)","background-image":"","background-repeat":"repeat","background-position":"center center","background-size":"auto","background-attachment":"scroll","background-type":"","background-media":"","overlay-type":"","overlay-color":"","overlay-opacity":"","overlay-gradient":""},"mobile":{"background-color":"var(--ast-global-color-5)","background-image":"","background-repeat":"repeat","background-position":"center center","background-size":"auto","background-attachment":"scroll","background-type":"","background-media":"","overlay-type":"","overlay-color":"","overlay-opacity":"","overlay-gradient":""}},"footnotes":""},"categories":[112],"tags":[],"class_list":["post-26469","post","type-post","status-publish","format-standard","has-post-thumbnail","hentry","category-installacions"],"yoast_head":"<!-- This site is optimized with the Yoast SEO plugin v27.0 - https:\/\/yoast.com\/product\/yoast-seo-wordpress\/ -->\n<title>Quines solucions existeixen per als edificis sense ascensor? Rehabilitaci\u00f3 d\u2019edificis - Aszende<\/title>\n<meta name=\"description\" content=\"Descobreix les millors solucions per instal\u00b7lar ascensors en edificis que no en disposen i millora\u2019n l\u2019accessibilitat, el valor i el confort.\" \/>\n<meta name=\"robots\" content=\"index, follow, max-snippet:-1, max-image-preview:large, max-video-preview:-1\" \/>\n<link rel=\"canonical\" href=\"https:\/\/www.aszende.com\/ca\/blog\/edificis-sense-ascensor-rehabilitacio-dedificis\/\" \/>\n<meta property=\"og:locale\" content=\"ca_ES\" \/>\n<meta property=\"og:type\" content=\"article\" \/>\n<meta property=\"og:title\" content=\"Quines solucions existeixen per als edificis sense ascensor? Rehabilitaci\u00f3 d\u2019edificis - Aszende\" \/>\n<meta property=\"og:description\" content=\"Descobreix les millors solucions per instal\u00b7lar ascensors en edificis que no en disposen i millora\u2019n l\u2019accessibilitat, el valor i el confort.\" \/>\n<meta property=\"og:url\" content=\"https:\/\/www.aszende.com\/ca\/blog\/edificis-sense-ascensor-rehabilitacio-dedificis\/\" \/>\n<meta property=\"og:site_name\" content=\"Aszende\" \/>\n<meta property=\"article:published_time\" content=\"2025-10-16T11:05:35+00:00\" \/>\n<meta property=\"article:modified_time\" content=\"2025-10-17T06:47:02+00:00\" \/>\n<meta property=\"og:image\" content=\"https:\/\/www.aszende.com\/wp-content\/uploads\/2025\/10\/edificio-sin-ascensor-1.jpg\" \/>\n\t<meta property=\"og:image:width\" content=\"911\" \/>\n\t<meta property=\"og:image:height\" content=\"772\" \/>\n\t<meta property=\"og:image:type\" content=\"image\/jpeg\" \/>\n<meta name=\"author\" content=\"GO2JUMP\" \/>\n<meta name=\"twitter:card\" content=\"summary_large_image\" \/>\n<meta name=\"twitter:label1\" content=\"Escrit per\" \/>\n\t<meta name=\"twitter:data1\" content=\"GO2JUMP\" \/>\n\t<meta name=\"twitter:label2\" content=\"Temps estimat de lectura\" \/>\n\t<meta name=\"twitter:data2\" content=\"6 minuts\" \/>\n<script type=\"application\/ld+json\" class=\"yoast-schema-graph\">{\"@context\":\"https:\/\/schema.org\",\"@graph\":[{\"@type\":\"Article\",\"@id\":\"https:\/\/www.aszende.com\/ca\/blog\/edificis-sense-ascensor-rehabilitacio-dedificis\/#article\",\"isPartOf\":{\"@id\":\"https:\/\/www.aszende.com\/ca\/blog\/edificis-sense-ascensor-rehabilitacio-dedificis\/\"},\"author\":{\"name\":\"GO2JUMP\",\"@id\":\"https:\/\/www.aszende.com\/en\/#\/schema\/person\/84539476955736c0d2283e7f6bcab6fb\"},\"headline\":\"Quines solucions existeixen per als edificis sense ascensor? Rehabilitaci\u00f3 d\u2019edificis\",\"datePublished\":\"2025-10-16T11:05:35+00:00\",\"dateModified\":\"2025-10-17T06:47:02+00:00\",\"mainEntityOfPage\":{\"@id\":\"https:\/\/www.aszende.com\/ca\/blog\/edificis-sense-ascensor-rehabilitacio-dedificis\/\"},\"wordCount\":1206,\"publisher\":{\"@id\":\"https:\/\/www.aszende.com\/en\/#organization\"},\"image\":{\"@id\":\"https:\/\/www.aszende.com\/ca\/blog\/edificis-sense-ascensor-rehabilitacio-dedificis\/#primaryimage\"},\"thumbnailUrl\":\"https:\/\/www.aszende.com\/wp-content\/uploads\/2025\/10\/edificio-sin-ascensor-1.jpg\",\"articleSection\":[\"Instal\u00b7lacions\"],\"inLanguage\":\"ca\"},{\"@type\":\"WebPage\",\"@id\":\"https:\/\/www.aszende.com\/ca\/blog\/edificis-sense-ascensor-rehabilitacio-dedificis\/\",\"url\":\"https:\/\/www.aszende.com\/ca\/blog\/edificis-sense-ascensor-rehabilitacio-dedificis\/\",\"name\":\"Quines solucions existeixen per als edificis sense ascensor? Rehabilitaci\u00f3 d\u2019edificis - Aszende\",\"isPartOf\":{\"@id\":\"https:\/\/www.aszende.com\/en\/#website\"},\"primaryImageOfPage\":{\"@id\":\"https:\/\/www.aszende.com\/ca\/blog\/edificis-sense-ascensor-rehabilitacio-dedificis\/#primaryimage\"},\"image\":{\"@id\":\"https:\/\/www.aszende.com\/ca\/blog\/edificis-sense-ascensor-rehabilitacio-dedificis\/#primaryimage\"},\"thumbnailUrl\":\"https:\/\/www.aszende.com\/wp-content\/uploads\/2025\/10\/edificio-sin-ascensor-1.jpg\",\"datePublished\":\"2025-10-16T11:05:35+00:00\",\"dateModified\":\"2025-10-17T06:47:02+00:00\",\"description\":\"Descobreix les millors solucions per instal\u00b7lar ascensors en edificis que no en disposen i millora\u2019n l\u2019accessibilitat, el valor i el confort.\",\"breadcrumb\":{\"@id\":\"https:\/\/www.aszende.com\/ca\/blog\/edificis-sense-ascensor-rehabilitacio-dedificis\/#breadcrumb\"},\"inLanguage\":\"ca\",\"potentialAction\":[{\"@type\":\"ReadAction\",\"target\":[\"https:\/\/www.aszende.com\/ca\/blog\/edificis-sense-ascensor-rehabilitacio-dedificis\/\"]}]},{\"@type\":\"ImageObject\",\"inLanguage\":\"ca\",\"@id\":\"https:\/\/www.aszende.com\/ca\/blog\/edificis-sense-ascensor-rehabilitacio-dedificis\/#primaryimage\",\"url\":\"https:\/\/www.aszende.com\/wp-content\/uploads\/2025\/10\/edificio-sin-ascensor-1.jpg\",\"contentUrl\":\"https:\/\/www.aszende.com\/wp-content\/uploads\/2025\/10\/edificio-sin-ascensor-1.jpg\",\"width\":911,\"height\":772,\"caption\":\"edifici sense ascensor\"},{\"@type\":\"BreadcrumbList\",\"@id\":\"https:\/\/www.aszende.com\/ca\/blog\/edificis-sense-ascensor-rehabilitacio-dedificis\/#breadcrumb\",\"itemListElement\":[{\"@type\":\"ListItem\",\"position\":1,\"name\":\"Inicio\",\"item\":\"https:\/\/www.aszende.com\/ca\/\"},{\"@type\":\"ListItem\",\"position\":2,\"name\":\"Quines solucions existeixen per als edificis sense ascensor? Rehabilitaci\u00f3 d\u2019edificis\"}]},{\"@type\":\"WebSite\",\"@id\":\"https:\/\/www.aszende.com\/en\/#website\",\"url\":\"https:\/\/www.aszende.com\/en\/\",\"name\":\"Aszende\",\"description\":\"\",\"publisher\":{\"@id\":\"https:\/\/www.aszende.com\/en\/#organization\"},\"potentialAction\":[{\"@type\":\"SearchAction\",\"target\":{\"@type\":\"EntryPoint\",\"urlTemplate\":\"https:\/\/www.aszende.com\/en\/?s={search_term_string}\"},\"query-input\":{\"@type\":\"PropertyValueSpecification\",\"valueRequired\":true,\"valueName\":\"search_term_string\"}}],\"inLanguage\":\"ca\"},{\"@type\":\"Organization\",\"@id\":\"https:\/\/www.aszende.com\/en\/#organization\",\"name\":\"Aszende\",\"url\":\"https:\/\/www.aszende.com\/en\/\",\"logo\":{\"@type\":\"ImageObject\",\"inLanguage\":\"ca\",\"@id\":\"https:\/\/www.aszende.com\/en\/#\/schema\/logo\/image\/\",\"url\":\"https:\/\/www.aszende.com\/wp-content\/uploads\/2022\/10\/LOGO-Aszende-sin-R.png\",\"contentUrl\":\"https:\/\/www.aszende.com\/wp-content\/uploads\/2022\/10\/LOGO-Aszende-sin-R.png\",\"width\":346,\"height\":114,\"caption\":\"Aszende\"},\"image\":{\"@id\":\"https:\/\/www.aszende.com\/en\/#\/schema\/logo\/image\/\"}},{\"@type\":\"Person\",\"@id\":\"https:\/\/www.aszende.com\/en\/#\/schema\/person\/84539476955736c0d2283e7f6bcab6fb\",\"name\":\"GO2JUMP\",\"image\":{\"@type\":\"ImageObject\",\"inLanguage\":\"ca\",\"@id\":\"https:\/\/www.aszende.com\/en\/#\/schema\/person\/image\/\",\"url\":\"https:\/\/secure.gravatar.com\/avatar\/31d3d42d560f9952b607a41659b69bc36248676da87a1f2a4a521b0e40b62fe8?s=96&d=mm&r=g\",\"contentUrl\":\"https:\/\/secure.gravatar.com\/avatar\/31d3d42d560f9952b607a41659b69bc36248676da87a1f2a4a521b0e40b62fe8?s=96&d=mm&r=g\",\"caption\":\"GO2JUMP\"}}]}<\/script>\n<!-- \/ Yoast SEO plugin. -->","yoast_head_json":{"title":"Quines solucions existeixen per als edificis sense ascensor? Rehabilitaci\u00f3 d\u2019edificis - Aszende","description":"Descobreix les millors solucions per instal\u00b7lar ascensors en edificis que no en disposen i millora\u2019n l\u2019accessibilitat, el valor i el confort.","robots":{"index":"index","follow":"follow","max-snippet":"max-snippet:-1","max-image-preview":"max-image-preview:large","max-video-preview":"max-video-preview:-1"},"canonical":"https:\/\/www.aszende.com\/ca\/blog\/edificis-sense-ascensor-rehabilitacio-dedificis\/","og_locale":"ca_ES","og_type":"article","og_title":"Quines solucions existeixen per als edificis sense ascensor? Rehabilitaci\u00f3 d\u2019edificis - Aszende","og_description":"Descobreix les millors solucions per instal\u00b7lar ascensors en edificis que no en disposen i millora\u2019n l\u2019accessibilitat, el valor i el confort.","og_url":"https:\/\/www.aszende.com\/ca\/blog\/edificis-sense-ascensor-rehabilitacio-dedificis\/","og_site_name":"Aszende","article_published_time":"2025-10-16T11:05:35+00:00","article_modified_time":"2025-10-17T06:47:02+00:00","og_image":[{"width":911,"height":772,"url":"https:\/\/www.aszende.com\/wp-content\/uploads\/2025\/10\/edificio-sin-ascensor-1.jpg","type":"image\/jpeg"}],"author":"GO2JUMP","twitter_card":"summary_large_image","twitter_misc":{"Escrit per":"GO2JUMP","Temps estimat de lectura":"6 minuts"},"schema":{"@context":"https:\/\/schema.org","@graph":[{"@type":"Article","@id":"https:\/\/www.aszende.com\/ca\/blog\/edificis-sense-ascensor-rehabilitacio-dedificis\/#article","isPartOf":{"@id":"https:\/\/www.aszende.com\/ca\/blog\/edificis-sense-ascensor-rehabilitacio-dedificis\/"},"author":{"name":"GO2JUMP","@id":"https:\/\/www.aszende.com\/en\/#\/schema\/person\/84539476955736c0d2283e7f6bcab6fb"},"headline":"Quines solucions existeixen per als edificis sense ascensor? Rehabilitaci\u00f3 d\u2019edificis","datePublished":"2025-10-16T11:05:35+00:00","dateModified":"2025-10-17T06:47:02+00:00","mainEntityOfPage":{"@id":"https:\/\/www.aszende.com\/ca\/blog\/edificis-sense-ascensor-rehabilitacio-dedificis\/"},"wordCount":1206,"publisher":{"@id":"https:\/\/www.aszende.com\/en\/#organization"},"image":{"@id":"https:\/\/www.aszende.com\/ca\/blog\/edificis-sense-ascensor-rehabilitacio-dedificis\/#primaryimage"},"thumbnailUrl":"https:\/\/www.aszende.com\/wp-content\/uploads\/2025\/10\/edificio-sin-ascensor-1.jpg","articleSection":["Instal\u00b7lacions"],"inLanguage":"ca"},{"@type":"WebPage","@id":"https:\/\/www.aszende.com\/ca\/blog\/edificis-sense-ascensor-rehabilitacio-dedificis\/","url":"https:\/\/www.aszende.com\/ca\/blog\/edificis-sense-ascensor-rehabilitacio-dedificis\/","name":"Quines solucions existeixen per als edificis sense ascensor? Rehabilitaci\u00f3 d\u2019edificis - Aszende","isPartOf":{"@id":"https:\/\/www.aszende.com\/en\/#website"},"primaryImageOfPage":{"@id":"https:\/\/www.aszende.com\/ca\/blog\/edificis-sense-ascensor-rehabilitacio-dedificis\/#primaryimage"},"image":{"@id":"https:\/\/www.aszende.com\/ca\/blog\/edificis-sense-ascensor-rehabilitacio-dedificis\/#primaryimage"},"thumbnailUrl":"https:\/\/www.aszende.com\/wp-content\/uploads\/2025\/10\/edificio-sin-ascensor-1.jpg","datePublished":"2025-10-16T11:05:35+00:00","dateModified":"2025-10-17T06:47:02+00:00","description":"Descobreix les millors solucions per instal\u00b7lar ascensors en edificis que no en disposen i millora\u2019n l\u2019accessibilitat, el valor i el confort.","breadcrumb":{"@id":"https:\/\/www.aszende.com\/ca\/blog\/edificis-sense-ascensor-rehabilitacio-dedificis\/#breadcrumb"},"inLanguage":"ca","potentialAction":[{"@type":"ReadAction","target":["https:\/\/www.aszende.com\/ca\/blog\/edificis-sense-ascensor-rehabilitacio-dedificis\/"]}]},{"@type":"ImageObject","inLanguage":"ca","@id":"https:\/\/www.aszende.com\/ca\/blog\/edificis-sense-ascensor-rehabilitacio-dedificis\/#primaryimage","url":"https:\/\/www.aszende.com\/wp-content\/uploads\/2025\/10\/edificio-sin-ascensor-1.jpg","contentUrl":"https:\/\/www.aszende.com\/wp-content\/uploads\/2025\/10\/edificio-sin-ascensor-1.jpg","width":911,"height":772,"caption":"edifici sense ascensor"},{"@type":"BreadcrumbList","@id":"https:\/\/www.aszende.com\/ca\/blog\/edificis-sense-ascensor-rehabilitacio-dedificis\/#breadcrumb","itemListElement":[{"@type":"ListItem","position":1,"name":"Inicio","item":"https:\/\/www.aszende.com\/ca\/"},{"@type":"ListItem","position":2,"name":"Quines solucions existeixen per als edificis sense ascensor? Rehabilitaci\u00f3 d\u2019edificis"}]},{"@type":"WebSite","@id":"https:\/\/www.aszende.com\/en\/#website","url":"https:\/\/www.aszende.com\/en\/","name":"Aszende","description":"","publisher":{"@id":"https:\/\/www.aszende.com\/en\/#organization"},"potentialAction":[{"@type":"SearchAction","target":{"@type":"EntryPoint","urlTemplate":"https:\/\/www.aszende.com\/en\/?s={search_term_string}"},"query-input":{"@type":"PropertyValueSpecification","valueRequired":true,"valueName":"search_term_string"}}],"inLanguage":"ca"},{"@type":"Organization","@id":"https:\/\/www.aszende.com\/en\/#organization","name":"Aszende","url":"https:\/\/www.aszende.com\/en\/","logo":{"@type":"ImageObject","inLanguage":"ca","@id":"https:\/\/www.aszende.com\/en\/#\/schema\/logo\/image\/","url":"https:\/\/www.aszende.com\/wp-content\/uploads\/2022\/10\/LOGO-Aszende-sin-R.png","contentUrl":"https:\/\/www.aszende.com\/wp-content\/uploads\/2022\/10\/LOGO-Aszende-sin-R.png","width":346,"height":114,"caption":"Aszende"},"image":{"@id":"https:\/\/www.aszende.com\/en\/#\/schema\/logo\/image\/"}},{"@type":"Person","@id":"https:\/\/www.aszende.com\/en\/#\/schema\/person\/84539476955736c0d2283e7f6bcab6fb","name":"GO2JUMP","image":{"@type":"ImageObject","inLanguage":"ca","@id":"https:\/\/www.aszende.com\/en\/#\/schema\/person\/image\/","url":"https:\/\/secure.gravatar.com\/avatar\/31d3d42d560f9952b607a41659b69bc36248676da87a1f2a4a521b0e40b62fe8?s=96&d=mm&r=g","contentUrl":"https:\/\/secure.gravatar.com\/avatar\/31d3d42d560f9952b607a41659b69bc36248676da87a1f2a4a521b0e40b62fe8?s=96&d=mm&r=g","caption":"GO2JUMP"}}]}},"_links":{"self":[{"href":"https:\/\/www.aszende.com\/ca\/wp-json\/wp\/v2\/posts\/26469","targetHints":{"allow":["GET"]}}],"collection":[{"href":"https:\/\/www.aszende.com\/ca\/wp-json\/wp\/v2\/posts"}],"about":[{"href":"https:\/\/www.aszende.com\/ca\/wp-json\/wp\/v2\/types\/post"}],"author":[{"embeddable":true,"href":"https:\/\/www.aszende.com\/ca\/wp-json\/wp\/v2\/users\/6"}],"replies":[{"embeddable":true,"href":"https:\/\/www.aszende.com\/ca\/wp-json\/wp\/v2\/comments?post=26469"}],"version-history":[{"count":5,"href":"https:\/\/www.aszende.com\/ca\/wp-json\/wp\/v2\/posts\/26469\/revisions"}],"predecessor-version":[{"id":26480,"href":"https:\/\/www.aszende.com\/ca\/wp-json\/wp\/v2\/posts\/26469\/revisions\/26480"}],"wp:featuredmedia":[{"embeddable":true,"href":"https:\/\/www.aszende.com\/ca\/wp-json\/wp\/v2\/media\/26468"}],"wp:attachment":[{"href":"https:\/\/www.aszende.com\/ca\/wp-json\/wp\/v2\/media?parent=26469"}],"wp:term":[{"taxonomy":"category","embeddable":true,"href":"https:\/\/www.aszende.com\/ca\/wp-json\/wp\/v2\/categories?post=26469"},{"taxonomy":"post_tag","embeddable":true,"href":"https:\/\/www.aszende.com\/ca\/wp-json\/wp\/v2\/tags?post=26469"}],"curies":[{"name":"wp","href":"https:\/\/api.w.org\/{rel}","templated":true}]}}