{"id":26816,"date":"2025-12-02T17:04:20","date_gmt":"2025-12-02T16:04:20","guid":{"rendered":"https:\/\/www.aszende.com\/?p=26816"},"modified":"2025-12-03T07:16:57","modified_gmt":"2025-12-03T06:16:57","slug":"avaries-frequents-en-ascensors-senyals-i-com-actuar","status":"publish","type":"post","link":"https:\/\/www.aszende.com\/ca\/blog\/avaries-frequents-en-ascensors-senyals-i-com-actuar\/","title":{"rendered":"Avaries freq\u00fcents en ascensors: senyals i com actuar"},"content":{"rendered":"\t\t<div data-elementor-type=\"wp-post\" data-elementor-id=\"26816\" class=\"elementor elementor-26816 elementor-26775\" data-elementor-post-type=\"post\">\n\t\t\t\t\t\t<section class=\"elementor-section elementor-top-section elementor-element elementor-element-6a6b119 elementor-section-boxed elementor-section-height-default elementor-section-height-default\" data-id=\"6a6b119\" data-element_type=\"section\" data-e-type=\"section\">\n\t\t\t\t\t\t<div class=\"elementor-container elementor-column-gap-default\">\n\t\t\t\t\t<div class=\"elementor-column elementor-col-50 elementor-top-column elementor-element elementor-element-a5415e8\" data-id=\"a5415e8\" data-element_type=\"column\" data-e-type=\"column\">\n\t\t\t<div class=\"elementor-widget-wrap elementor-element-populated\">\n\t\t\t\t\t\t<div class=\"elementor-element elementor-element-fd0e946 elementor-widget__width-initial elementor-widget elementor-widget-image\" data-id=\"fd0e946\" data-element_type=\"widget\" data-e-type=\"widget\" data-widget_type=\"image.default\">\n\t\t\t\t<div class=\"elementor-widget-container\">\n\t\t\t\t\t\t\t\t\t\t\t\t\t\t\t<img fetchpriority=\"high\" decoding=\"async\" width=\"911\" height=\"772\" src=\"https:\/\/www.aszende.com\/wp-content\/uploads\/2025\/12\/averias-frecuentes-ascensor.png\" class=\"attachment-full size-full wp-image-26814\" alt=\"avaries freq\u00fcents ascensor\" srcset=\"https:\/\/www.aszende.com\/wp-content\/uploads\/2025\/12\/averias-frecuentes-ascensor.png 911w, https:\/\/www.aszende.com\/wp-content\/uploads\/2025\/12\/averias-frecuentes-ascensor-300x254.png 300w, https:\/\/www.aszende.com\/wp-content\/uploads\/2025\/12\/averias-frecuentes-ascensor-768x651.png 768w, https:\/\/www.aszende.com\/wp-content\/uploads\/2025\/12\/averias-frecuentes-ascensor-600x508.png 600w\" sizes=\"(max-width: 911px) 100vw, 911px\" \/>\t\t\t\t\t\t\t\t\t\t\t\t\t\t\t<\/div>\n\t\t\t\t<\/div>\n\t\t\t\t\t<\/div>\n\t\t<\/div>\n\t\t\t\t<div class=\"elementor-column elementor-col-50 elementor-top-column elementor-element elementor-element-6c0a946\" data-id=\"6c0a946\" data-element_type=\"column\" data-e-type=\"column\">\n\t\t\t<div class=\"elementor-widget-wrap elementor-element-populated\">\n\t\t\t\t\t\t<div class=\"elementor-element elementor-element-0bafb13 elementor-widget__width-initial elementor-widget elementor-widget-text-editor\" data-id=\"0bafb13\" data-element_type=\"widget\" data-e-type=\"widget\" data-widget_type=\"text-editor.default\">\n\t\t\t\t<div class=\"elementor-widget-container\">\n\t\t\t\t\t\t\t\t\t<p>No hi ha dubte de la utilitat dels sistemes de mobilitat vertical: dins dels edificis residencials i comercials, s\u00f3n un dels mitjans de transport m\u00e9s segurs i eficients. Tanmateix, fins i tot els equips relativament nous poden experimentar avaries freq\u00fcents en els ascensors. <\/p><p>Segons informes del sector, aquestes avaries s\u00f3n m\u00e9s habituals del que es creu i, si no es detecten i es corregeixen a temps, poden afectar el confort i, en alguns casos, comprometre la seguretat dels usuaris.<\/p><p>Per aquest motiu, recon\u00e8ixer els signes d\u2019avaria i actuar amb rapidesa \u00e9s essencial per garantir un funcionament segur i fiable de l\u2019ascensor.<\/p>\t\t\t\t\t\t\t\t<\/div>\n\t\t\t\t<\/div>\n\t\t\t\t\t<\/div>\n\t\t<\/div>\n\t\t\t\t\t<\/div>\n\t\t<\/section>\n\t\t\t\t<section class=\"elementor-section elementor-top-section elementor-element elementor-element-52d67cc elementor-section-boxed elementor-section-height-default elementor-section-height-default\" data-id=\"52d67cc\" data-element_type=\"section\" data-e-type=\"section\">\n\t\t\t\t\t\t<div class=\"elementor-container elementor-column-gap-default\">\n\t\t\t\t\t<div class=\"elementor-column elementor-col-100 elementor-top-column elementor-element elementor-element-436bd1d\" data-id=\"436bd1d\" data-element_type=\"column\" data-e-type=\"column\">\n\t\t\t<div class=\"elementor-widget-wrap elementor-element-populated\">\n\t\t\t\t\t\t<div class=\"elementor-element elementor-element-28e70cb elementor-widget elementor-widget-heading\" data-id=\"28e70cb\" data-element_type=\"widget\" data-e-type=\"widget\" data-widget_type=\"heading.default\">\n\t\t\t\t<div class=\"elementor-widget-container\">\n\t\t\t\t\t<h2 class=\"elementor-heading-title elementor-size-default\">Avaries freq\u00fcents en ascensors: com identificar les fallades m\u00e9s comunes i els seus senyals?<\/h2>\t\t\t\t<\/div>\n\t\t\t\t<\/div>\n\t\t\t\t<div class=\"elementor-element elementor-element-c89830b elementor-widget elementor-widget-text-editor\" data-id=\"c89830b\" data-element_type=\"widget\" data-e-type=\"widget\" data-widget_type=\"text-editor.default\">\n\t\t\t\t<div class=\"elementor-widget-container\">\n\t\t\t\t\t\t\t\t\t<p>Si gestiones un edifici residencial\/comercial o formes part de la gesti\u00f3 d\u2019un edifici o comunitat de ve\u00efns, <strong> con\u00e8ixer les senyals d\u2019avaries freq\u00fcents en ascensors \u00e9s essencial per garantir la seguretat<\/strong> i la comoditat dels usuaris.<\/p><p>Molts problemes poden detectar-se de manera primerenca si s\u2019est\u00e0 atent als indicis m\u00e9s comuns que ofereix l\u2019equip. Entre les avaries m\u00e9s habituals es troben: <\/p>\t\t\t\t\t\t\t\t<\/div>\n\t\t\t\t<\/div>\n\t\t\t\t<div class=\"elementor-element elementor-element-49ceff5 elementor-widget elementor-widget-heading\" data-id=\"49ceff5\" data-element_type=\"widget\" data-e-type=\"widget\" data-widget_type=\"heading.default\">\n\t\t\t\t<div class=\"elementor-widget-container\">\n\t\t\t\t\t<h3 class=\"elementor-heading-title elementor-size-default\">Portes que no completen la seva obertura o tancament:<\/h3>\t\t\t\t<\/div>\n\t\t\t\t<\/div>\n\t\t\t\t<div class=\"elementor-element elementor-element-d91696b elementor-widget elementor-widget-text-editor\" data-id=\"d91696b\" data-element_type=\"widget\" data-e-type=\"widget\" data-widget_type=\"text-editor.default\">\n\t\t\t\t<div class=\"elementor-widget-container\">\n\t\t\t\t\t\t\t\t\t<p>Es tracta d\u2019una de les avaries m\u00e9s comunes en els ascensors, generalment causada per la <strong>desalineaci\u00f3 de les guies, sensors bruts o desgast dels mecanismes<\/strong> a causa de l\u2019\u00fas prolongat. Un senyal clar d\u2019aquest problema \u00e9s que la porta s\u2019aturi abans d\u2019obrir-se completament o es tanqui de manera inesperada. Si, en intentar entrar a l\u2019ascensor, detectes que la porta queda mig oberta i has d\u2019empenyer-la lleugerament perqu\u00e8 s\u2019obri del tot, \u00e9s probable que hi hagi una fallada en el mecanisme d\u2019obertura que requereix una revisi\u00f3 professional.  <\/p>\t\t\t\t\t\t\t\t<\/div>\n\t\t\t\t<\/div>\n\t\t\t\t<div class=\"elementor-element elementor-element-54c4c45 elementor-widget elementor-widget-heading\" data-id=\"54c4c45\" data-element_type=\"widget\" data-e-type=\"widget\" data-widget_type=\"heading.default\">\n\t\t\t\t<div class=\"elementor-widget-container\">\n\t\t\t\t\t<h3 class=\"elementor-heading-title elementor-size-default\">Aturades entre plantes:<\/h3>\t\t\t\t<\/div>\n\t\t\t\t<\/div>\n\t\t\t\t<div class=\"elementor-element elementor-element-06e5dba elementor-widget elementor-widget-text-editor\" data-id=\"06e5dba\" data-element_type=\"widget\" data-e-type=\"widget\" data-widget_type=\"text-editor.default\">\n\t\t\t\t<div class=\"elementor-widget-container\">\n\t\t\t\t\t\t\t\t\t<p>Una de les situacions m\u00e9s comunes \u00e9s que l\u2019ascensor s\u2019aturi de sobte mentre puges o baixes. Aquest \u00e9s un dels escenaris m\u00e9s preocupants dins les avaries freq\u00fcents en ascensors. No \u00e9s normal que l\u2019ascensor es quedi entre plantes o s\u2019aturi abans d\u2019arribar al pis sol\u00b7licitat. Aquest problema sol deure\u2019s a <strong>avaries en el motor, els frens o el sistema de control<\/strong>, i requereix la intervenci\u00f3 immediata d\u2019un t\u00e8cnic especialitzat.   <\/p>\t\t\t\t\t\t\t\t<\/div>\n\t\t\t\t<\/div>\n\t\t\t\t<div class=\"elementor-element elementor-element-9670b53 elementor-widget elementor-widget-heading\" data-id=\"9670b53\" data-element_type=\"widget\" data-e-type=\"widget\" data-widget_type=\"heading.default\">\n\t\t\t\t<div class=\"elementor-widget-container\">\n\t\t\t\t\t<h3 class=\"elementor-heading-title elementor-size-default\">Sons estranys durant el despla\u00e7ament:<\/h3>\t\t\t\t<\/div>\n\t\t\t\t<\/div>\n\t\t\t\t<div class=\"elementor-element elementor-element-4d72712 elementor-widget elementor-widget-text-editor\" data-id=\"4d72712\" data-element_type=\"widget\" data-e-type=\"widget\" data-widget_type=\"text-editor.default\">\n\t\t\t\t<div class=\"elementor-widget-container\">\n\t\t\t\t\t\t\t\t\t<p>Tot i que puguin semblar detalls menors, els sons inusuals durant el moviment de l\u2019ascensor s\u00f3n senyals clares que alguna cosa no funciona correctament. Aquests sons solen indicar <strong>desgast en components com politges, cables o motors<\/strong> i no s\u2019han d\u2019ignorar. Si escoltes grinyols o cops estranys durant el despla\u00e7ament, \u00e9s recomanable informar com m\u00e9s aviat millor al servei de manteniment per evitar que el problema empitjori.<\/p>\t\t\t\t\t\t\t\t<\/div>\n\t\t\t\t<\/div>\n\t\t\t\t<div class=\"elementor-element elementor-element-3a2f3e5 elementor-widget elementor-widget-heading\" data-id=\"3a2f3e5\" data-element_type=\"widget\" data-e-type=\"widget\" data-widget_type=\"heading.default\">\n\t\t\t\t<div class=\"elementor-widget-container\">\n\t\t\t\t\t<h3 class=\"elementor-heading-title elementor-size-default\">Vibracions inusuals:<\/h3>\t\t\t\t<\/div>\n\t\t\t\t<\/div>\n\t\t\t\t<div class=\"elementor-element elementor-element-f6ac55b elementor-widget elementor-widget-text-editor\" data-id=\"f6ac55b\" data-element_type=\"widget\" data-e-type=\"widget\" data-widget_type=\"text-editor.default\">\n\t\t\t\t<div class=\"elementor-widget-container\">\n\t\t\t\t\t\t\t\t\t<p>Un ascensor en bon estat no hauria de presentar vibracions apreciables durant el recorregut. Si notes moviments inusuals en pujar o baixar, aix\u00f2 pot ser un indici d\u2019<strong>avaria a la suspensi\u00f3, els coixinets o l\u2019estructura de l\u2019equip<\/strong>. En aquests casos, \u00e9s fonamental avisar el servei de manteniment abans de continuar utilitzant-lo.  <\/p>\t\t\t\t\t\t\t\t<\/div>\n\t\t\t\t<\/div>\n\t\t\t\t<div class=\"elementor-element elementor-element-1eb9e1d elementor-widget elementor-widget-heading\" data-id=\"1eb9e1d\" data-element_type=\"widget\" data-e-type=\"widget\" data-widget_type=\"heading.default\">\n\t\t\t\t<div class=\"elementor-widget-container\">\n\t\t\t\t\t<h3 class=\"elementor-heading-title elementor-size-default\">Desnivell en aturar-se:<\/h3>\t\t\t\t<\/div>\n\t\t\t\t<\/div>\n\t\t\t\t<div class=\"elementor-element elementor-element-36af327 elementor-widget elementor-widget-text-editor\" data-id=\"36af327\" data-element_type=\"widget\" data-e-type=\"widget\" data-widget_type=\"text-editor.default\">\n\t\t\t\t<div class=\"elementor-widget-container\">\n\t\t\t\t\t\t\t\t\t<p>La manca de nivellaci\u00f3 \u00e9s una altra de les avaries freq\u00fcents en ascensors. Quan la cabina no queda perfectament alineada amb el terra del pis, augmenta el risc d\u2019ensopegades i caigudes en entrar o sortir. <\/p>\t\t\t\t\t\t\t\t<\/div>\n\t\t\t\t<\/div>\n\t\t\t\t<div class=\"elementor-element elementor-element-011d70b elementor-widget elementor-widget-heading\" data-id=\"011d70b\" data-element_type=\"widget\" data-e-type=\"widget\" data-widget_type=\"heading.default\">\n\t\t\t\t<div class=\"elementor-widget-container\">\n\t\t\t\t\t<h3 class=\"elementor-heading-title elementor-size-default\">Llums que parpellegen o s\u2019apaguen dins l\u2019ascensor:<\/h3>\t\t\t\t<\/div>\n\t\t\t\t<\/div>\n\t\t\t\t<div class=\"elementor-element elementor-element-9a670f2 elementor-widget elementor-widget-text-editor\" data-id=\"9a670f2\" data-element_type=\"widget\" data-e-type=\"widget\" data-widget_type=\"text-editor.default\">\n\t\t\t\t<div class=\"elementor-widget-container\">\n\t\t\t\t\t\t\t\t\t<p>La il\u00b7luminaci\u00f3 defectuosa pot semblar un inconvenient menor, per\u00f2 sol indicar <strong>fallades el\u00e8ctriques o problemes en el sistema d\u2019alimentaci\u00f3<\/strong> que, si no es corregeixen, poden derivar en incidents m\u00e9s greus.<\/p>\t\t\t\t\t\t\t\t<\/div>\n\t\t\t\t<\/div>\n\t\t\t\t<div class=\"elementor-element elementor-element-c7c9705 elementor-widget elementor-widget-heading\" data-id=\"c7c9705\" data-element_type=\"widget\" data-e-type=\"widget\" data-widget_type=\"heading.default\">\n\t\t\t\t<div class=\"elementor-widget-container\">\n\t\t\t\t\t<h3 class=\"elementor-heading-title elementor-size-default\">Missatges d\u2019error al quadre de maniobra o al panell indicador:<\/h3>\t\t\t\t<\/div>\n\t\t\t\t<\/div>\n\t\t\t\t<div class=\"elementor-element elementor-element-6150284 elementor-widget elementor-widget-text-editor\" data-id=\"6150284\" data-element_type=\"widget\" data-e-type=\"widget\" data-widget_type=\"text-editor.default\">\n\t\t\t\t<div class=\"elementor-widget-container\">\n\t\t\t\t\t\t\t\t\t<p>En els equips moderns, \u00e9s habitual que apareguin missatges d\u2019error indicant un problema intern. En els equips moderns \u00e9s habitual que apareguin missatges d\u2019error al quadre de maniobra, indicant que el sistema ha detectat un problema intern. Aquests avisos representen avaries que requereixen diagn\u00f2stic professional i una intervenci\u00f3 immediata. <\/p>\t\t\t\t\t\t\t\t<\/div>\n\t\t\t\t<\/div>\n\t\t\t\t<div class=\"elementor-element elementor-element-9f9ab1c elementor-widget elementor-widget-heading\" data-id=\"9f9ab1c\" data-element_type=\"widget\" data-e-type=\"widget\" data-widget_type=\"heading.default\">\n\t\t\t\t<div class=\"elementor-widget-container\">\n\t\t\t\t\t<h3 class=\"elementor-heading-title elementor-size-default\">Fallades en el bot\u00f3 d\u2019emerg\u00e8ncia:<\/h3>\t\t\t\t<\/div>\n\t\t\t\t<\/div>\n\t\t\t\t<div class=\"elementor-element elementor-element-3adf426 elementor-widget elementor-widget-text-editor\" data-id=\"3adf426\" data-element_type=\"widget\" data-e-type=\"widget\" data-widget_type=\"text-editor.default\">\n\t\t\t\t<div class=\"elementor-widget-container\">\n\t\t\t\t\t\t\t\t\t<p>Tot ascensor ha de comptar amb un bot\u00f3 d\u2019alarma o emerg\u00e8ncia en perfecte estat de funcionament. Si aquest dispositiu no respon correctament, es posa en risc la capacitat de l\u2019usuari per demanar ajuda en cas d\u2019incid\u00e8ncia. <\/p>\t\t\t\t\t\t\t\t<\/div>\n\t\t\t\t<\/div>\n\t\t\t\t<div class=\"elementor-element elementor-element-d5bd5ce elementor-widget elementor-widget-heading\" data-id=\"d5bd5ce\" data-element_type=\"widget\" data-e-type=\"widget\" data-widget_type=\"heading.default\">\n\t\t\t\t<div class=\"elementor-widget-container\">\n\t\t\t\t\t<h3 class=\"elementor-heading-title elementor-size-default\">Fuites d\u2019oli en el sistema hidr\u00e0ulic:<\/h3>\t\t\t\t<\/div>\n\t\t\t\t<\/div>\n\t\t\t\t<div class=\"elementor-element elementor-element-94f067c elementor-widget elementor-widget-text-editor\" data-id=\"94f067c\" data-element_type=\"widget\" data-e-type=\"widget\" data-widget_type=\"text-editor.default\">\n\t\t\t\t<div class=\"elementor-widget-container\">\n\t\t\t\t\t\t\t\t\t<p>Les fuites d\u2019oli s\u00f3n una altra de les avaries freq\u00fcents en ascensors, especialment en equips hidr\u00e0ulics. La p\u00e8rdua de lubricant redueix la correcta lubricaci\u00f3 dels components mec\u00e0nics, provocant <strong>fricci\u00f3 excessiva, desgast prematur i risc de sobreescalfament<\/strong>. Sovint \u00e9s dif\u00edcil detectar-les a simple vista perqu\u00e8 l\u2019oli cau al fossat, per aix\u00f2 \u00e9s molt recomanable fer revisions peri\u00f2diques per part d\u2019un professional.<\/p>\t\t\t\t\t\t\t\t<\/div>\n\t\t\t\t<\/div>\n\t\t\t\t<div class=\"elementor-element elementor-element-d62ccaa elementor-widget elementor-widget-heading\" data-id=\"d62ccaa\" data-element_type=\"widget\" data-e-type=\"widget\" data-widget_type=\"heading.default\">\n\t\t\t\t<div class=\"elementor-widget-container\">\n\t\t\t\t\t<h3 class=\"elementor-heading-title elementor-size-default\">Lentitud en la resposta dels controls:<\/h3>\t\t\t\t<\/div>\n\t\t\t\t<\/div>\n\t\t\t\t<div class=\"elementor-element elementor-element-526fd2c elementor-widget elementor-widget-text-editor\" data-id=\"526fd2c\" data-element_type=\"widget\" data-e-type=\"widget\" data-widget_type=\"text-editor.default\">\n\t\t\t\t<div class=\"elementor-widget-container\">\n\t\t\t\t\t\t\t\t\t<p>La resposta dels controls d\u2019un ascensor hauria de ser r\u00e0pida. Quan l\u2019ascensor triga a respondre a les accions de l\u2019usuari, tant als botons interiors com als pulsadors de pis, pot indicar <strong>avaries en el sistema electr\u00f2nic o en els actuadors<\/strong>. <\/p>\t\t\t\t\t\t\t\t<\/div>\n\t\t\t\t<\/div>\n\t\t\t\t\t<\/div>\n\t\t<\/div>\n\t\t\t\t\t<\/div>\n\t\t<\/section>\n\t\t\t\t<section class=\"elementor-section elementor-top-section elementor-element elementor-element-53f5fe6 elementor-section-boxed elementor-section-height-default elementor-section-height-default\" data-id=\"53f5fe6\" data-element_type=\"section\" data-e-type=\"section\">\n\t\t\t\t\t\t<div class=\"elementor-container elementor-column-gap-default\">\n\t\t\t\t\t<div class=\"elementor-column elementor-col-50 elementor-top-column elementor-element elementor-element-4eb8c40\" data-id=\"4eb8c40\" data-element_type=\"column\" data-e-type=\"column\">\n\t\t\t<div class=\"elementor-widget-wrap elementor-element-populated\">\n\t\t\t\t\t\t<div class=\"elementor-element elementor-element-cd891e2 elementor-widget-laptop__width-initial elementor-widget__width-initial elementor-widget elementor-widget-image\" data-id=\"cd891e2\" data-element_type=\"widget\" data-e-type=\"widget\" data-widget_type=\"image.default\">\n\t\t\t\t<div class=\"elementor-widget-container\">\n\t\t\t\t\t\t\t\t\t\t\t\t\t\t\t<img decoding=\"async\" width=\"713\" height=\"821\" src=\"https:\/\/www.aszende.com\/wp-content\/uploads\/2025\/12\/averias-frecuentes-ascensor-1.png\" class=\"attachment-full size-full wp-image-26815\" alt=\"avaries freq\u00fcents ascensor 1\" srcset=\"https:\/\/www.aszende.com\/wp-content\/uploads\/2025\/12\/averias-frecuentes-ascensor-1.png 713w, https:\/\/www.aszende.com\/wp-content\/uploads\/2025\/12\/averias-frecuentes-ascensor-1-261x300.png 261w, https:\/\/www.aszende.com\/wp-content\/uploads\/2025\/12\/averias-frecuentes-ascensor-1-600x691.png 600w\" sizes=\"(max-width: 713px) 100vw, 713px\" \/>\t\t\t\t\t\t\t\t\t\t\t\t\t\t\t<\/div>\n\t\t\t\t<\/div>\n\t\t\t\t\t<\/div>\n\t\t<\/div>\n\t\t\t\t<div class=\"elementor-column elementor-col-50 elementor-top-column elementor-element elementor-element-ecc6198\" data-id=\"ecc6198\" data-element_type=\"column\" data-e-type=\"column\">\n\t\t\t<div class=\"elementor-widget-wrap elementor-element-populated\">\n\t\t\t\t\t\t<div class=\"elementor-element elementor-element-a1ae474 elementor-widget elementor-widget-heading\" data-id=\"a1ae474\" data-element_type=\"widget\" data-e-type=\"widget\" data-widget_type=\"heading.default\">\n\t\t\t\t<div class=\"elementor-widget-container\">\n\t\t\t\t\t<h2 class=\"elementor-heading-title elementor-size-default\">Qu\u00e8 fer en cas d\u2019identificar avaries en un ascensor?<\/h2>\t\t\t\t<\/div>\n\t\t\t\t<\/div>\n\t\t\t\t<div class=\"elementor-element elementor-element-abf4c01 elementor-widget elementor-widget-text-editor\" data-id=\"abf4c01\" data-element_type=\"widget\" data-e-type=\"widget\" data-widget_type=\"text-editor.default\">\n\t\t\t\t<div class=\"elementor-widget-container\">\n\t\t\t\t\t\t\t\t\t<p>Actuar correctament \u00e9s essencial per garantir el bon funcionament de l\u2019equip i prevenir danys majors. <\/p><p>Si detectes avaries en un ascensor, \u00e9s important tenir en compte els punts seg\u00fcents:<\/p><ul><li><strong>No utilitzis l\u2019ascensor<\/strong>: Davant qualsevol senyal d\u2019avaria, el m\u00e9s segur \u00e9s deixar d\u2019utilitzar-lo immediatament i avisar el responsable.<\/li><li><strong>Avisar com m\u00e9s aviat millor l<a href=\"https:\/\/www.aszende.com\/ca\/blog\/manteniment-preventiu-ascensors\/\">\u2019empresa de manteniment<\/a><\/strong>: Els t\u00e8cnics qualificats poden diagnosticar i reparar la fallada de manera segura i eficient.<\/li><li><strong>Informar l\u2019administrador o responsable de la comunitat<\/strong>: L\u2019administraci\u00f3 de l\u2019edifici ha d\u2019estar al cas del que passa per poder coordinar els avisos als residents i registrar la incid\u00e8ncia amb l\u2019equip.<\/li><li><strong>Senyalitzar l\u2019ascensor fora de servei<\/strong>: \u00c9s un pas essencial quan es presenten avaries freq\u00fcents en els ascensors. El m\u00e9s recomanable \u00e9s col\u00b7locar cartells ben visibles per impedir-ne l\u2019\u00fas. <\/li><\/ul>\t\t\t\t\t\t\t\t<\/div>\n\t\t\t\t<\/div>\n\t\t\t\t\t<\/div>\n\t\t<\/div>\n\t\t\t\t\t<\/div>\n\t\t<\/section>\n\t\t\t\t<section class=\"elementor-section elementor-top-section elementor-element elementor-element-410bd43 elementor-section-boxed elementor-section-height-default elementor-section-height-default\" data-id=\"410bd43\" data-element_type=\"section\" data-e-type=\"section\">\n\t\t\t\t\t\t<div class=\"elementor-container elementor-column-gap-default\">\n\t\t\t\t\t<div class=\"elementor-column elementor-col-100 elementor-top-column elementor-element elementor-element-88abf01\" data-id=\"88abf01\" data-element_type=\"column\" data-e-type=\"column\">\n\t\t\t<div class=\"elementor-widget-wrap elementor-element-populated\">\n\t\t\t\t\t\t<div class=\"elementor-element elementor-element-f0ba5e9 elementor-widget elementor-widget-text-editor\" data-id=\"f0ba5e9\" data-element_type=\"widget\" data-e-type=\"widget\" data-widget_type=\"text-editor.default\">\n\t\t\t\t<div class=\"elementor-widget-container\">\n\t\t\t\t\t\t\t\t\t<ul><li><strong>No intentar manipular portes o mecanismes: Intentar solucionar el problema sense la formaci\u00f3 adequada \u00e9s un error greu. Manipular components interns pot agreujar l\u2019avaria i generar riscos el\u00e8ctrics o mec\u00e0nics.<\/strong> <\/li><li><strong>Registrar la incid\u00e8ncia en el llibre\/registre de manteniment<\/strong>: Mantenir un registre formal de l\u2019avaria ajuda a documentar la freq\u00fc\u00e8ncia de les fallades i a exigir un servei adequat.<\/li><li><strong>Revisar el contracte de manteniment per con\u00e8ixer la cobertura<\/strong>: No tots els contractes inclouen les mateixes prestacions ni cobreixen totes les avaries freq\u00fcents en els ascensors. Revisar-lo amb deteniment permet saber qu\u00e8 hi est\u00e0 incl\u00f2s, quins serveis impliquen un cost addicional i quins temps de resposta garanteix l\u2019empresa de manteniment. <\/li><li><strong>Sol\u00b7licitar un informe t\u00e8cnic<\/strong>: Un informe t\u00e8cnic detallat permet identificar l\u2019origen de les fallades, detectar tend\u00e8ncies i planificar mesures preventives.<\/li><\/ul>\t\t\t\t\t\t\t\t<\/div>\n\t\t\t\t<\/div>\n\t\t\t\t<div class=\"elementor-element elementor-element-c7af173 elementor-widget elementor-widget-heading\" data-id=\"c7af173\" data-element_type=\"widget\" data-e-type=\"widget\" data-widget_type=\"heading.default\">\n\t\t\t\t<div class=\"elementor-widget-container\">\n\t\t\t\t\t<h2 class=\"elementor-heading-title elementor-size-default\">Prevenci\u00f3 i manteniment: la clau per evitar avaries freq\u00fcents en ascensors<\/h2>\t\t\t\t<\/div>\n\t\t\t\t<\/div>\n\t\t\t\t<div class=\"elementor-element elementor-element-2a0eb6b elementor-widget elementor-widget-text-editor\" data-id=\"2a0eb6b\" data-element_type=\"widget\" data-e-type=\"widget\" data-widget_type=\"text-editor.default\">\n\t\t\t\t<div class=\"elementor-widget-container\">\n\t\t\t\t\t\t\t\t\t<p>Si b\u00e9 les avaries freq\u00fcents en els ascensors poden sorgir de manera inesperada, moltes es poden prevenir mitjan\u00e7ant un manteniment adequat. La combinaci\u00f3 d\u2019accions preventives, revisions peri\u00f2diques i la implementaci\u00f3 de tecnologia predictiva permet reduir de manera significativa el risc d\u2019avaries. <\/p><p>En aquest context, empreses especialitzades com <strong>Aszende <\/strong> es destaquen per oferir solucions a mida. Gr\u00e0cies al seu sistema <a href=\"https:\/\/www.aszende.com\/ca\/blog\/sistema-arm\/\"><strong><em>ARM (Aszende Remote Monitoring)<\/em><\/strong><\/a>, moltes incid\u00e8ncies es detecten abans que afectin el funcionament de l\u2019ascensor. Aquest sistema permet:  <\/p><ul><li><strong>Monitorar de manera cont\u00ednua <\/strong> els components clau de l\u2019ascensor.<\/li><li><strong>Preveure fallades<\/strong> de funcionament abans que es converteixin en avaries greus.<\/li><li><strong>Executar reparacions a dist\u00e0ncia<\/strong> quan \u00e9s possible, reduint els temps d\u2019inactivitat.<\/li><li><strong>Generar alertes primerenques<\/strong> que permetin a l\u2019equip de manteniment actuar de manera proactiva.<\/li><\/ul><p>\u00c9s fonamental que la gesti\u00f3 de qualsevol avaria sigui realitzada per personal qualificat. Tria un servei especialitzat i de qualitat per als teus equips amb Aszende. <\/p>\t\t\t\t\t\t\t\t<\/div>\n\t\t\t\t<\/div>\n\t\t\t\t\t<\/div>\n\t\t<\/div>\n\t\t\t\t\t<\/div>\n\t\t<\/section>\n\t\t\t\t<\/div>\n\t\t","protected":false},"excerpt":{"rendered":"<p>No hi ha dubte de la utilitat dels sistemes de mobilitat vertical: dins dels edificis residencials i comercials, s\u00f3n un dels mitjans de transport m\u00e9s segurs i eficients. Tanmateix, fins i tot els equips relativament nous poden experimentar avaries freq\u00fcents en els ascensors. <\/p>\n","protected":false},"author":6,"featured_media":26814,"comment_status":"closed","ping_status":"open","sticky":false,"template":"","format":"standard","meta":{"site-sidebar-layout":"default","site-content-layout":"default","ast-site-content-layout":"default","site-content-style":"default","site-sidebar-style":"default","ast-global-header-display":"","ast-banner-title-visibility":"","ast-main-header-display":"","ast-hfb-above-header-display":"","ast-hfb-below-header-display":"","ast-hfb-mobile-header-display":"","site-post-title":"","ast-breadcrumbs-content":"","ast-featured-img":"","footer-sml-layout":"","theme-transparent-header-meta":"default","adv-header-id-meta":"","stick-header-meta":"","header-above-stick-meta":"","header-main-stick-meta":"","header-below-stick-meta":"","astra-migrate-meta-layouts":"default","ast-page-background-enabled":"default","ast-page-background-meta":{"desktop":{"background-color":"var(--ast-global-color-4)","background-image":"","background-repeat":"repeat","background-position":"center center","background-size":"auto","background-attachment":"scroll","background-type":"","background-media":"","overlay-type":"","overlay-color":"","overlay-opacity":"","overlay-gradient":""},"tablet":{"background-color":"","background-image":"","background-repeat":"repeat","background-position":"center center","background-size":"auto","background-attachment":"scroll","background-type":"","background-media":"","overlay-type":"","overlay-color":"","overlay-opacity":"","overlay-gradient":""},"mobile":{"background-color":"","background-image":"","background-repeat":"repeat","background-position":"center center","background-size":"auto","background-attachment":"scroll","background-type":"","background-media":"","overlay-type":"","overlay-color":"","overlay-opacity":"","overlay-gradient":""}},"ast-content-background-meta":{"desktop":{"background-color":"var(--ast-global-color-5)","background-image":"","background-repeat":"repeat","background-position":"center center","background-size":"auto","background-attachment":"scroll","background-type":"","background-media":"","overlay-type":"","overlay-color":"","overlay-opacity":"","overlay-gradient":""},"tablet":{"background-color":"var(--ast-global-color-5)","background-image":"","background-repeat":"repeat","background-position":"center center","background-size":"auto","background-attachment":"scroll","background-type":"","background-media":"","overlay-type":"","overlay-color":"","overlay-opacity":"","overlay-gradient":""},"mobile":{"background-color":"var(--ast-global-color-5)","background-image":"","background-repeat":"repeat","background-position":"center center","background-size":"auto","background-attachment":"scroll","background-type":"","background-media":"","overlay-type":"","overlay-color":"","overlay-opacity":"","overlay-gradient":""}},"footnotes":""},"categories":[112],"tags":[],"class_list":["post-26816","post","type-post","status-publish","format-standard","has-post-thumbnail","hentry","category-installacions"],"yoast_head":"<!-- This site is optimized with the Yoast SEO plugin v27.0 - https:\/\/yoast.com\/product\/yoast-seo-wordpress\/ -->\n<title>Avaries freq\u00fcents en ascensors: senyals i com actuar - Aszende<\/title>\n<meta name=\"description\" content=\"Descobreix les millors solucions per instal\u00b7lar ascensors en edificis que no en disposen i millora\u2019n l\u2019accessibilitat, el valor i el confort.\" \/>\n<meta name=\"robots\" content=\"index, follow, max-snippet:-1, max-image-preview:large, max-video-preview:-1\" \/>\n<link rel=\"canonical\" href=\"https:\/\/www.aszende.com\/ca\/blog\/avaries-frequents-en-ascensors-senyals-i-com-actuar\/\" \/>\n<meta property=\"og:locale\" content=\"ca_ES\" \/>\n<meta property=\"og:type\" content=\"article\" \/>\n<meta property=\"og:title\" content=\"Avaries freq\u00fcents en ascensors: senyals i com actuar - Aszende\" \/>\n<meta property=\"og:description\" content=\"Descobreix les millors solucions per instal\u00b7lar ascensors en edificis que no en disposen i millora\u2019n l\u2019accessibilitat, el valor i el confort.\" \/>\n<meta property=\"og:url\" content=\"https:\/\/www.aszende.com\/ca\/blog\/avaries-frequents-en-ascensors-senyals-i-com-actuar\/\" \/>\n<meta property=\"og:site_name\" content=\"Aszende\" \/>\n<meta property=\"article:published_time\" content=\"2025-12-02T16:04:20+00:00\" \/>\n<meta property=\"article:modified_time\" content=\"2025-12-03T06:16:57+00:00\" \/>\n<meta property=\"og:image\" content=\"https:\/\/www.aszende.com\/wp-content\/uploads\/2025\/12\/averias-frecuentes-ascensor.png\" \/>\n\t<meta property=\"og:image:width\" content=\"911\" \/>\n\t<meta property=\"og:image:height\" content=\"772\" \/>\n\t<meta property=\"og:image:type\" content=\"image\/png\" \/>\n<meta name=\"author\" content=\"GO2JUMP\" \/>\n<meta name=\"twitter:card\" content=\"summary_large_image\" \/>\n<meta name=\"twitter:label1\" content=\"Escrit per\" \/>\n\t<meta name=\"twitter:data1\" content=\"GO2JUMP\" \/>\n\t<meta name=\"twitter:label2\" content=\"Temps estimat de lectura\" \/>\n\t<meta name=\"twitter:data2\" content=\"7 minuts\" \/>\n<script type=\"application\/ld+json\" class=\"yoast-schema-graph\">{\"@context\":\"https:\/\/schema.org\",\"@graph\":[{\"@type\":\"Article\",\"@id\":\"https:\/\/www.aszende.com\/ca\/blog\/avaries-frequents-en-ascensors-senyals-i-com-actuar\/#article\",\"isPartOf\":{\"@id\":\"https:\/\/www.aszende.com\/ca\/blog\/avaries-frequents-en-ascensors-senyals-i-com-actuar\/\"},\"author\":{\"name\":\"GO2JUMP\",\"@id\":\"https:\/\/www.aszende.com\/en\/#\/schema\/person\/84539476955736c0d2283e7f6bcab6fb\"},\"headline\":\"Avaries freq\u00fcents en ascensors: senyals i com actuar\",\"datePublished\":\"2025-12-02T16:04:20+00:00\",\"dateModified\":\"2025-12-03T06:16:57+00:00\",\"mainEntityOfPage\":{\"@id\":\"https:\/\/www.aszende.com\/ca\/blog\/avaries-frequents-en-ascensors-senyals-i-com-actuar\/\"},\"wordCount\":1322,\"publisher\":{\"@id\":\"https:\/\/www.aszende.com\/en\/#organization\"},\"image\":{\"@id\":\"https:\/\/www.aszende.com\/ca\/blog\/avaries-frequents-en-ascensors-senyals-i-com-actuar\/#primaryimage\"},\"thumbnailUrl\":\"https:\/\/www.aszende.com\/wp-content\/uploads\/2025\/12\/averias-frecuentes-ascensor.png\",\"articleSection\":[\"Instal\u00b7lacions\"],\"inLanguage\":\"ca\"},{\"@type\":\"WebPage\",\"@id\":\"https:\/\/www.aszende.com\/ca\/blog\/avaries-frequents-en-ascensors-senyals-i-com-actuar\/\",\"url\":\"https:\/\/www.aszende.com\/ca\/blog\/avaries-frequents-en-ascensors-senyals-i-com-actuar\/\",\"name\":\"Avaries freq\u00fcents en ascensors: senyals i com actuar - Aszende\",\"isPartOf\":{\"@id\":\"https:\/\/www.aszende.com\/en\/#website\"},\"primaryImageOfPage\":{\"@id\":\"https:\/\/www.aszende.com\/ca\/blog\/avaries-frequents-en-ascensors-senyals-i-com-actuar\/#primaryimage\"},\"image\":{\"@id\":\"https:\/\/www.aszende.com\/ca\/blog\/avaries-frequents-en-ascensors-senyals-i-com-actuar\/#primaryimage\"},\"thumbnailUrl\":\"https:\/\/www.aszende.com\/wp-content\/uploads\/2025\/12\/averias-frecuentes-ascensor.png\",\"datePublished\":\"2025-12-02T16:04:20+00:00\",\"dateModified\":\"2025-12-03T06:16:57+00:00\",\"description\":\"Descobreix les millors solucions per instal\u00b7lar ascensors en edificis que no en disposen i millora\u2019n l\u2019accessibilitat, el valor i el confort.\",\"breadcrumb\":{\"@id\":\"https:\/\/www.aszende.com\/ca\/blog\/avaries-frequents-en-ascensors-senyals-i-com-actuar\/#breadcrumb\"},\"inLanguage\":\"ca\",\"potentialAction\":[{\"@type\":\"ReadAction\",\"target\":[\"https:\/\/www.aszende.com\/ca\/blog\/avaries-frequents-en-ascensors-senyals-i-com-actuar\/\"]}]},{\"@type\":\"ImageObject\",\"inLanguage\":\"ca\",\"@id\":\"https:\/\/www.aszende.com\/ca\/blog\/avaries-frequents-en-ascensors-senyals-i-com-actuar\/#primaryimage\",\"url\":\"https:\/\/www.aszende.com\/wp-content\/uploads\/2025\/12\/averias-frecuentes-ascensor.png\",\"contentUrl\":\"https:\/\/www.aszende.com\/wp-content\/uploads\/2025\/12\/averias-frecuentes-ascensor.png\",\"width\":911,\"height\":772,\"caption\":\"avaries freq\u00fcents ascensor\"},{\"@type\":\"BreadcrumbList\",\"@id\":\"https:\/\/www.aszende.com\/ca\/blog\/avaries-frequents-en-ascensors-senyals-i-com-actuar\/#breadcrumb\",\"itemListElement\":[{\"@type\":\"ListItem\",\"position\":1,\"name\":\"Inicio\",\"item\":\"https:\/\/www.aszende.com\/ca\/\"},{\"@type\":\"ListItem\",\"position\":2,\"name\":\"Avaries freq\u00fcents en ascensors: senyals i com actuar\"}]},{\"@type\":\"WebSite\",\"@id\":\"https:\/\/www.aszende.com\/en\/#website\",\"url\":\"https:\/\/www.aszende.com\/en\/\",\"name\":\"Aszende\",\"description\":\"\",\"publisher\":{\"@id\":\"https:\/\/www.aszende.com\/en\/#organization\"},\"potentialAction\":[{\"@type\":\"SearchAction\",\"target\":{\"@type\":\"EntryPoint\",\"urlTemplate\":\"https:\/\/www.aszende.com\/en\/?s={search_term_string}\"},\"query-input\":{\"@type\":\"PropertyValueSpecification\",\"valueRequired\":true,\"valueName\":\"search_term_string\"}}],\"inLanguage\":\"ca\"},{\"@type\":\"Organization\",\"@id\":\"https:\/\/www.aszende.com\/en\/#organization\",\"name\":\"Aszende\",\"url\":\"https:\/\/www.aszende.com\/en\/\",\"logo\":{\"@type\":\"ImageObject\",\"inLanguage\":\"ca\",\"@id\":\"https:\/\/www.aszende.com\/en\/#\/schema\/logo\/image\/\",\"url\":\"https:\/\/www.aszende.com\/wp-content\/uploads\/2022\/10\/LOGO-Aszende-sin-R.png\",\"contentUrl\":\"https:\/\/www.aszende.com\/wp-content\/uploads\/2022\/10\/LOGO-Aszende-sin-R.png\",\"width\":346,\"height\":114,\"caption\":\"Aszende\"},\"image\":{\"@id\":\"https:\/\/www.aszende.com\/en\/#\/schema\/logo\/image\/\"}},{\"@type\":\"Person\",\"@id\":\"https:\/\/www.aszende.com\/en\/#\/schema\/person\/84539476955736c0d2283e7f6bcab6fb\",\"name\":\"GO2JUMP\",\"image\":{\"@type\":\"ImageObject\",\"inLanguage\":\"ca\",\"@id\":\"https:\/\/www.aszende.com\/en\/#\/schema\/person\/image\/\",\"url\":\"https:\/\/secure.gravatar.com\/avatar\/31d3d42d560f9952b607a41659b69bc36248676da87a1f2a4a521b0e40b62fe8?s=96&d=mm&r=g\",\"contentUrl\":\"https:\/\/secure.gravatar.com\/avatar\/31d3d42d560f9952b607a41659b69bc36248676da87a1f2a4a521b0e40b62fe8?s=96&d=mm&r=g\",\"caption\":\"GO2JUMP\"}}]}<\/script>\n<!-- \/ Yoast SEO plugin. -->","yoast_head_json":{"title":"Avaries freq\u00fcents en ascensors: senyals i com actuar - Aszende","description":"Descobreix les millors solucions per instal\u00b7lar ascensors en edificis que no en disposen i millora\u2019n l\u2019accessibilitat, el valor i el confort.","robots":{"index":"index","follow":"follow","max-snippet":"max-snippet:-1","max-image-preview":"max-image-preview:large","max-video-preview":"max-video-preview:-1"},"canonical":"https:\/\/www.aszende.com\/ca\/blog\/avaries-frequents-en-ascensors-senyals-i-com-actuar\/","og_locale":"ca_ES","og_type":"article","og_title":"Avaries freq\u00fcents en ascensors: senyals i com actuar - Aszende","og_description":"Descobreix les millors solucions per instal\u00b7lar ascensors en edificis que no en disposen i millora\u2019n l\u2019accessibilitat, el valor i el confort.","og_url":"https:\/\/www.aszende.com\/ca\/blog\/avaries-frequents-en-ascensors-senyals-i-com-actuar\/","og_site_name":"Aszende","article_published_time":"2025-12-02T16:04:20+00:00","article_modified_time":"2025-12-03T06:16:57+00:00","og_image":[{"width":911,"height":772,"url":"https:\/\/www.aszende.com\/wp-content\/uploads\/2025\/12\/averias-frecuentes-ascensor.png","type":"image\/png"}],"author":"GO2JUMP","twitter_card":"summary_large_image","twitter_misc":{"Escrit per":"GO2JUMP","Temps estimat de lectura":"7 minuts"},"schema":{"@context":"https:\/\/schema.org","@graph":[{"@type":"Article","@id":"https:\/\/www.aszende.com\/ca\/blog\/avaries-frequents-en-ascensors-senyals-i-com-actuar\/#article","isPartOf":{"@id":"https:\/\/www.aszende.com\/ca\/blog\/avaries-frequents-en-ascensors-senyals-i-com-actuar\/"},"author":{"name":"GO2JUMP","@id":"https:\/\/www.aszende.com\/en\/#\/schema\/person\/84539476955736c0d2283e7f6bcab6fb"},"headline":"Avaries freq\u00fcents en ascensors: senyals i com actuar","datePublished":"2025-12-02T16:04:20+00:00","dateModified":"2025-12-03T06:16:57+00:00","mainEntityOfPage":{"@id":"https:\/\/www.aszende.com\/ca\/blog\/avaries-frequents-en-ascensors-senyals-i-com-actuar\/"},"wordCount":1322,"publisher":{"@id":"https:\/\/www.aszende.com\/en\/#organization"},"image":{"@id":"https:\/\/www.aszende.com\/ca\/blog\/avaries-frequents-en-ascensors-senyals-i-com-actuar\/#primaryimage"},"thumbnailUrl":"https:\/\/www.aszende.com\/wp-content\/uploads\/2025\/12\/averias-frecuentes-ascensor.png","articleSection":["Instal\u00b7lacions"],"inLanguage":"ca"},{"@type":"WebPage","@id":"https:\/\/www.aszende.com\/ca\/blog\/avaries-frequents-en-ascensors-senyals-i-com-actuar\/","url":"https:\/\/www.aszende.com\/ca\/blog\/avaries-frequents-en-ascensors-senyals-i-com-actuar\/","name":"Avaries freq\u00fcents en ascensors: senyals i com actuar - Aszende","isPartOf":{"@id":"https:\/\/www.aszende.com\/en\/#website"},"primaryImageOfPage":{"@id":"https:\/\/www.aszende.com\/ca\/blog\/avaries-frequents-en-ascensors-senyals-i-com-actuar\/#primaryimage"},"image":{"@id":"https:\/\/www.aszende.com\/ca\/blog\/avaries-frequents-en-ascensors-senyals-i-com-actuar\/#primaryimage"},"thumbnailUrl":"https:\/\/www.aszende.com\/wp-content\/uploads\/2025\/12\/averias-frecuentes-ascensor.png","datePublished":"2025-12-02T16:04:20+00:00","dateModified":"2025-12-03T06:16:57+00:00","description":"Descobreix les millors solucions per instal\u00b7lar ascensors en edificis que no en disposen i millora\u2019n l\u2019accessibilitat, el valor i el confort.","breadcrumb":{"@id":"https:\/\/www.aszende.com\/ca\/blog\/avaries-frequents-en-ascensors-senyals-i-com-actuar\/#breadcrumb"},"inLanguage":"ca","potentialAction":[{"@type":"ReadAction","target":["https:\/\/www.aszende.com\/ca\/blog\/avaries-frequents-en-ascensors-senyals-i-com-actuar\/"]}]},{"@type":"ImageObject","inLanguage":"ca","@id":"https:\/\/www.aszende.com\/ca\/blog\/avaries-frequents-en-ascensors-senyals-i-com-actuar\/#primaryimage","url":"https:\/\/www.aszende.com\/wp-content\/uploads\/2025\/12\/averias-frecuentes-ascensor.png","contentUrl":"https:\/\/www.aszende.com\/wp-content\/uploads\/2025\/12\/averias-frecuentes-ascensor.png","width":911,"height":772,"caption":"avaries freq\u00fcents ascensor"},{"@type":"BreadcrumbList","@id":"https:\/\/www.aszende.com\/ca\/blog\/avaries-frequents-en-ascensors-senyals-i-com-actuar\/#breadcrumb","itemListElement":[{"@type":"ListItem","position":1,"name":"Inicio","item":"https:\/\/www.aszende.com\/ca\/"},{"@type":"ListItem","position":2,"name":"Avaries freq\u00fcents en ascensors: senyals i com actuar"}]},{"@type":"WebSite","@id":"https:\/\/www.aszende.com\/en\/#website","url":"https:\/\/www.aszende.com\/en\/","name":"Aszende","description":"","publisher":{"@id":"https:\/\/www.aszende.com\/en\/#organization"},"potentialAction":[{"@type":"SearchAction","target":{"@type":"EntryPoint","urlTemplate":"https:\/\/www.aszende.com\/en\/?s={search_term_string}"},"query-input":{"@type":"PropertyValueSpecification","valueRequired":true,"valueName":"search_term_string"}}],"inLanguage":"ca"},{"@type":"Organization","@id":"https:\/\/www.aszende.com\/en\/#organization","name":"Aszende","url":"https:\/\/www.aszende.com\/en\/","logo":{"@type":"ImageObject","inLanguage":"ca","@id":"https:\/\/www.aszende.com\/en\/#\/schema\/logo\/image\/","url":"https:\/\/www.aszende.com\/wp-content\/uploads\/2022\/10\/LOGO-Aszende-sin-R.png","contentUrl":"https:\/\/www.aszende.com\/wp-content\/uploads\/2022\/10\/LOGO-Aszende-sin-R.png","width":346,"height":114,"caption":"Aszende"},"image":{"@id":"https:\/\/www.aszende.com\/en\/#\/schema\/logo\/image\/"}},{"@type":"Person","@id":"https:\/\/www.aszende.com\/en\/#\/schema\/person\/84539476955736c0d2283e7f6bcab6fb","name":"GO2JUMP","image":{"@type":"ImageObject","inLanguage":"ca","@id":"https:\/\/www.aszende.com\/en\/#\/schema\/person\/image\/","url":"https:\/\/secure.gravatar.com\/avatar\/31d3d42d560f9952b607a41659b69bc36248676da87a1f2a4a521b0e40b62fe8?s=96&d=mm&r=g","contentUrl":"https:\/\/secure.gravatar.com\/avatar\/31d3d42d560f9952b607a41659b69bc36248676da87a1f2a4a521b0e40b62fe8?s=96&d=mm&r=g","caption":"GO2JUMP"}}]}},"_links":{"self":[{"href":"https:\/\/www.aszende.com\/ca\/wp-json\/wp\/v2\/posts\/26816","targetHints":{"allow":["GET"]}}],"collection":[{"href":"https:\/\/www.aszende.com\/ca\/wp-json\/wp\/v2\/posts"}],"about":[{"href":"https:\/\/www.aszende.com\/ca\/wp-json\/wp\/v2\/types\/post"}],"author":[{"embeddable":true,"href":"https:\/\/www.aszende.com\/ca\/wp-json\/wp\/v2\/users\/6"}],"replies":[{"embeddable":true,"href":"https:\/\/www.aszende.com\/ca\/wp-json\/wp\/v2\/comments?post=26816"}],"version-history":[{"count":7,"href":"https:\/\/www.aszende.com\/ca\/wp-json\/wp\/v2\/posts\/26816\/revisions"}],"predecessor-version":[{"id":26828,"href":"https:\/\/www.aszende.com\/ca\/wp-json\/wp\/v2\/posts\/26816\/revisions\/26828"}],"wp:featuredmedia":[{"embeddable":true,"href":"https:\/\/www.aszende.com\/ca\/wp-json\/wp\/v2\/media\/26814"}],"wp:attachment":[{"href":"https:\/\/www.aszende.com\/ca\/wp-json\/wp\/v2\/media?parent=26816"}],"wp:term":[{"taxonomy":"category","embeddable":true,"href":"https:\/\/www.aszende.com\/ca\/wp-json\/wp\/v2\/categories?post=26816"},{"taxonomy":"post_tag","embeddable":true,"href":"https:\/\/www.aszende.com\/ca\/wp-json\/wp\/v2\/tags?post=26816"}],"curies":[{"name":"wp","href":"https:\/\/api.w.org\/{rel}","templated":true}]}}