{"id":1551,"date":"2017-09-14T08:27:31","date_gmt":"2017-09-14T08:27:31","guid":{"rendered":"http:\/\/www.aszende.com\/?p=1551"},"modified":"2023-01-11T10:25:02","modified_gmt":"2023-01-11T10:25:02","slug":"la-accesibilidad-en-portales-y-escaleras","status":"publish","type":"post","link":"https:\/\/www.aszende.com\/en\/blog\/la-accesibilidad-en-portales-y-escaleras\/","title":{"rendered":"La accesibilidad llega a portales y escaleras en diciembre"},"content":{"rendered":"\t\t<div data-elementor-type=\"wp-post\" data-elementor-id=\"1551\" class=\"elementor elementor-1551\" data-elementor-post-type=\"post\">\n\t\t\t\t\t\t<section class=\"elementor-section elementor-top-section elementor-element elementor-element-22ebb1d9 elementor-section-boxed elementor-section-height-default elementor-section-height-default\" data-id=\"22ebb1d9\" data-element_type=\"section\" data-e-type=\"section\">\n\t\t\t\t\t\t<div class=\"elementor-container elementor-column-gap-default\">\n\t\t\t\t\t<div class=\"elementor-column elementor-col-100 elementor-top-column elementor-element elementor-element-3b8d720a\" data-id=\"3b8d720a\" data-element_type=\"column\" data-e-type=\"column\">\n\t\t\t<div class=\"elementor-widget-wrap elementor-element-populated\">\n\t\t\t\t\t\t<div class=\"elementor-element elementor-element-476a4036 elementor-widget elementor-widget-text-editor\" data-id=\"476a4036\" data-element_type=\"widget\" data-e-type=\"widget\" data-widget_type=\"text-editor.default\">\n\t\t\t\t<div class=\"elementor-widget-container\">\n\t\t\t\t\t\t\t\t\t<div class=\"csRow\"><div class=\"csColumn\" style=\"margin: 0px; padding: 0px; float: left; width: 99.4%;\" data-csstartpoint=\"0\" data-csendpoint=\"954\" data-cswidth=\"99.4%\" data-csid=\"b3ce9ab5-4cfa-f0f6-9d33-8be99b3ca4a3\"><p>Vivir en un bloque de viviendas sin accesibilidad\u00a0puede convertirse en ciertos casos en una odisea diaria. Tener que sortear las escaleras y dem\u00e1s obst\u00e1culos que se interponen entre el residente y su hogar requiere para las personas con movilidad reducida mucho esfuerzo. Y en algunas ocasiones resulta imposible salir del edificio, llegando a recluir al vecino en su propia casa.<br \/>Por eso, los edificios construidos antes de diciembre de 2010 tienen de plazo para adaptar sus portales y escaleras hasta el 4 de diciembre de 2017. As\u00ed lo establece el <a href=\"https:\/\/www.boe.es\/buscar\/pdf\/2013\/BOE-A-2013-12632-consolidado.pdf\" target=\"_blank\" rel=\"noopener\">Real Decreto Legislativo 1\/2013<\/a> por el que se aprueba el Texto Refundido de la Ley General de las Personas con Discapacidad y de su Inclusi\u00f3n Social.<\/p><h6><img fetchpriority=\"high\" decoding=\"async\" class=\"aligncenter wp-image-1561 size-full\" src=\"\/wp-content\/uploads\/noticias\/Imagen-accesibilidad.jpg\" alt=\"Accesibilidad en portales y escaleras de comunidades de vecinos construidos antes de diciembre de 2010\" width=\"800\" height=\"400\" \/><\/h6><h6>\u00a0Trabajos de accesibilidad<\/h6><\/div><\/div><p>Los trabajos de accesibilidad deben ser asumibles por los vecinos de la siguiente manera:<\/p><ul><li>Por una parte, si el coste total de las obras no supera las doce mensualidades de los gastos de comunidad por vivienda, los trabajos deben ser abonados a partes iguales por todos los vecinos.<\/li><li>Por otra parte y en caso contrario, se convocar\u00eda una junta directiva y el acuerdo ha de ser aprobado por la mayor\u00eda de los propietarios. De esta manera, estar\u00edan todos obligados a pagar hasta el l\u00edmite de la cuota anual de comunidad.<\/li><\/ul><h6>\u00bfA qui\u00e9n afecta?<\/h6><p>En primer lugar, la adaptaci\u00f3n de edificios residenciales\u00a0beneficia sobre a\u00a0<strong>personas mayores que necesitan vivir en un entorno accesible y seguro<\/strong>.<\/p><p>En segundo lugar, tambi\u00e9n se ven afectadas <strong>personas con enfermedades o lesiones que perjudican la movilidad<\/strong>.<\/p><h6>Soluciones de accesibilidad<\/h6><p>Para eliminar las barreras arquitect\u00f3nicas de estas instalaciones, Aszende propone <strong>tres soluciones<\/strong> que se ajustan con sus variaciones a todas las necesidades de los usuarios.<\/p><ul><li><strong><a href=\"http:\/\/www.aszende.com\/sillas-salvaescaleras\/\">Silla salvaescaleras<\/a>.<\/strong>\u00a0Son sillas mec\u00e1nicas que superan cualquier tipo de tramos de escaleras, tanto rectos como curvos. Se trata de instalaciones de f\u00e1cil montaje que no precisa de obra por lo que el usuario ahorra en tiempo, dinero y molestias.<\/li><li><strong>Plataforma salvaescaleras.<\/strong>\u00a0Estos elevadores pueden ser <a href=\"http:\/\/www.aszende.com\/plataformas-inclinadas\/\">inclinados<\/a> o <a href=\"http:\/\/www.aszende.com\/plataformas-verticales\/\">verticales<\/a> dependiendo de la estructura y espacio disponible. Son equipos preparados para transportar sillas de ruedas y se pueden instalar en interior y exterior.<\/li><li><strong>Ascensores de velocidad reducida.<\/strong>\u00a0Es la mejor opci\u00f3n para el desplazamiento vertical en cualquier tipo de vivienda ya que se hacen pr\u00e1cticamente a medida del hueco existente y son de bajo consumo el\u00e9ctrico.<\/li><\/ul><p>Estos son productos que no requieren revisiones peri\u00f3dicas aunque es conveniente que mantengan un buen estado de conservaci\u00f3n.<\/p><p>Tanto si se se debe cumplir el plazo de adecuaci\u00f3n como si se busca una soluci\u00f3n para una vivienda unifamiliar, puede solicitar informaci\u00f3n sobre los productos Aszende. LLama sin compromiso al 900 224 365 o pide presupuesto de forma gratuita rellenando <a href=\"http:\/\/www.aszende.com\/solicita-presupuesto\/\">este formulario<\/a>.<\/p>\t\t\t\t\t\t\t\t<\/div>\n\t\t\t\t<\/div>\n\t\t\t\t\t<\/div>\n\t\t<\/div>\n\t\t\t\t\t<\/div>\n\t\t<\/section>\n\t\t\t\t<\/div>\n\t\t","protected":false},"excerpt":{"rendered":"<p>Vivir en un bloque de viviendas sin accesibilidad\u00a0puede convertirse en ciertos casos en una odisea diaria. Tener que sortear las escaleras y dem\u00e1s obst\u00e1culos que se interponen entre el residente y su hogar requiere para las personas con movilidad reducida mucho esfuerzo. Y en algunas ocasiones resulta imposible salir del edificio, llegando a recluir al [&hellip;]<\/p>\n","protected":false},"author":1,"featured_media":0,"comment_status":"closed","ping_status":"closed","sticky":false,"template":"","format":"standard","meta":{"site-sidebar-layout":"default","site-content-layout":"","ast-site-content-layout":"default","site-content-style":"default","site-sidebar-style":"default","ast-global-header-display":"","ast-banner-title-visibility":"","ast-main-header-display":"","ast-hfb-above-header-display":"","ast-hfb-below-header-display":"","ast-hfb-mobile-header-display":"","site-post-title":"","ast-breadcrumbs-content":"","ast-featured-img":"","footer-sml-layout":"","theme-transparent-header-meta":"","adv-header-id-meta":"","stick-header-meta":"","header-above-stick-meta":"","header-main-stick-meta":"","header-below-stick-meta":"","astra-migrate-meta-layouts":"default","ast-page-background-enabled":"default","ast-page-background-meta":{"desktop":{"background-color":"var(--ast-global-color-4)","background-image":"","background-repeat":"repeat","background-position":"center center","background-size":"auto","background-attachment":"scroll","background-type":"","background-media":"","overlay-type":"","overlay-color":"","overlay-opacity":"","overlay-gradient":""},"tablet":{"background-color":"","background-image":"","background-repeat":"repeat","background-position":"center center","background-size":"auto","background-attachment":"scroll","background-type":"","background-media":"","overlay-type":"","overlay-color":"","overlay-opacity":"","overlay-gradient":""},"mobile":{"background-color":"","background-image":"","background-repeat":"repeat","background-position":"center center","background-size":"auto","background-attachment":"scroll","background-type":"","background-media":"","overlay-type":"","overlay-color":"","overlay-opacity":"","overlay-gradient":""}},"ast-content-background-meta":{"desktop":{"background-color":"var(--ast-global-color-5)","background-image":"","background-repeat":"repeat","background-position":"center center","background-size":"auto","background-attachment":"scroll","background-type":"","background-media":"","overlay-type":"","overlay-color":"","overlay-opacity":"","overlay-gradient":""},"tablet":{"background-color":"var(--ast-global-color-5)","background-image":"","background-repeat":"repeat","background-position":"center center","background-size":"auto","background-attachment":"scroll","background-type":"","background-media":"","overlay-type":"","overlay-color":"","overlay-opacity":"","overlay-gradient":""},"mobile":{"background-color":"var(--ast-global-color-5)","background-image":"","background-repeat":"repeat","background-position":"center center","background-size":"auto","background-attachment":"scroll","background-type":"","background-media":"","overlay-type":"","overlay-color":"","overlay-opacity":"","overlay-gradient":""}},"footnotes":""},"categories":[15],"tags":[],"class_list":["post-1551","post","type-post","status-publish","format-standard","hentry","category-noticias"],"yoast_head":"<!-- This site is optimized with the Yoast SEO plugin v27.0 - https:\/\/yoast.com\/product\/yoast-seo-wordpress\/ -->\n<title>La accesibilidad llega a portales y escaleras en diciembre<\/title>\n<meta name=\"description\" content=\"Los edificios construidos antes de diciembre de 2010 tienen hasta el 4 de diciembre de este a\u00f1o para conseguir la plena accesibilidad en sus instalaciones.\" \/>\n<meta name=\"robots\" content=\"index, follow, max-snippet:-1, max-image-preview:large, max-video-preview:-1\" \/>\n<link rel=\"canonical\" href=\"https:\/\/www.aszende.com\/blog\/la-accesibilidad-en-portales-y-escaleras\/\" \/>\n<meta property=\"og:locale\" content=\"en_US\" \/>\n<meta property=\"og:type\" content=\"article\" \/>\n<meta property=\"og:title\" content=\"La accesibilidad llega a portales y escaleras en diciembre\" \/>\n<meta property=\"og:description\" content=\"Los edificios construidos antes de diciembre de 2010 tienen de plazo para adaptar sus portales y escaleras hasta el 4 de diciembre de 2017.\" \/>\n<meta property=\"og:url\" content=\"https:\/\/www.aszende.com\/blog\/la-accesibilidad-en-portales-y-escaleras\/\" \/>\n<meta property=\"og:site_name\" content=\"Aszende\" \/>\n<meta property=\"article:published_time\" content=\"2017-09-14T08:27:31+00:00\" \/>\n<meta property=\"article:modified_time\" content=\"2023-01-11T10:25:02+00:00\" \/>\n<meta property=\"og:image\" content=\"https:\/\/www.aszende.com\/wp-content\/uploads\/2022\/06\/LOGO-CLAIM-Aszende-gris-azul-en-alta-calidad.png\" \/>\n\t<meta property=\"og:image:width\" content=\"1436\" \/>\n\t<meta property=\"og:image:height\" content=\"473\" \/>\n\t<meta property=\"og:image:type\" content=\"image\/png\" \/>\n<meta name=\"author\" content=\"mdelasheras_t47usv26\" \/>\n<meta name=\"twitter:card\" content=\"summary_large_image\" \/>\n<meta name=\"twitter:image\" content=\"https:\/\/www.aszende.com\/wp-content\/uploads\/noticias\/Imagen-accesibilidad.jpg\" \/>\n<meta name=\"twitter:label1\" content=\"Written by\" \/>\n\t<meta name=\"twitter:data1\" content=\"mdelasheras_t47usv26\" \/>\n\t<meta name=\"twitter:label2\" content=\"Est. reading time\" \/>\n\t<meta name=\"twitter:data2\" content=\"3 minutes\" \/>\n<script type=\"application\/ld+json\" class=\"yoast-schema-graph\">{\"@context\":\"https:\/\/schema.org\",\"@graph\":[{\"@type\":\"Article\",\"@id\":\"https:\/\/www.aszende.com\/blog\/la-accesibilidad-en-portales-y-escaleras\/#article\",\"isPartOf\":{\"@id\":\"https:\/\/www.aszende.com\/blog\/la-accesibilidad-en-portales-y-escaleras\/\"},\"author\":{\"name\":\"mdelasheras_t47usv26\",\"@id\":\"https:\/\/www.aszende.com\/en\/#\/schema\/person\/75364c9465d2e4a3bc6eea58f0afd4bb\"},\"headline\":\"La accesibilidad llega a portales y escaleras en diciembre\",\"datePublished\":\"2017-09-14T08:27:31+00:00\",\"dateModified\":\"2023-01-11T10:25:02+00:00\",\"mainEntityOfPage\":{\"@id\":\"https:\/\/www.aszende.com\/blog\/la-accesibilidad-en-portales-y-escaleras\/\"},\"wordCount\":468,\"publisher\":{\"@id\":\"https:\/\/www.aszende.com\/en\/#organization\"},\"articleSection\":[\"Noticias\"],\"inLanguage\":\"en-US\"},{\"@type\":\"WebPage\",\"@id\":\"https:\/\/www.aszende.com\/blog\/la-accesibilidad-en-portales-y-escaleras\/\",\"url\":\"https:\/\/www.aszende.com\/blog\/la-accesibilidad-en-portales-y-escaleras\/\",\"name\":\"La accesibilidad llega a portales y escaleras en diciembre\",\"isPartOf\":{\"@id\":\"https:\/\/www.aszende.com\/en\/#website\"},\"datePublished\":\"2017-09-14T08:27:31+00:00\",\"dateModified\":\"2023-01-11T10:25:02+00:00\",\"description\":\"Los edificios construidos antes de diciembre de 2010 tienen hasta el 4 de diciembre de este a\u00f1o para conseguir la plena accesibilidad en sus instalaciones.\",\"breadcrumb\":{\"@id\":\"https:\/\/www.aszende.com\/blog\/la-accesibilidad-en-portales-y-escaleras\/#breadcrumb\"},\"inLanguage\":\"en-US\",\"potentialAction\":[{\"@type\":\"ReadAction\",\"target\":[\"https:\/\/www.aszende.com\/blog\/la-accesibilidad-en-portales-y-escaleras\/\"]}]},{\"@type\":\"BreadcrumbList\",\"@id\":\"https:\/\/www.aszende.com\/blog\/la-accesibilidad-en-portales-y-escaleras\/#breadcrumb\",\"itemListElement\":[{\"@type\":\"ListItem\",\"position\":1,\"name\":\"Inicio\",\"item\":\"https:\/\/www.aszende.com\/en\/\"},{\"@type\":\"ListItem\",\"position\":2,\"name\":\"La accesibilidad llega a portales y escaleras en diciembre\"}]},{\"@type\":\"WebSite\",\"@id\":\"https:\/\/www.aszende.com\/en\/#website\",\"url\":\"https:\/\/www.aszende.com\/en\/\",\"name\":\"Aszende\",\"description\":\"\",\"publisher\":{\"@id\":\"https:\/\/www.aszende.com\/en\/#organization\"},\"potentialAction\":[{\"@type\":\"SearchAction\",\"target\":{\"@type\":\"EntryPoint\",\"urlTemplate\":\"https:\/\/www.aszende.com\/en\/?s={search_term_string}\"},\"query-input\":{\"@type\":\"PropertyValueSpecification\",\"valueRequired\":true,\"valueName\":\"search_term_string\"}}],\"inLanguage\":\"en-US\"},{\"@type\":\"Organization\",\"@id\":\"https:\/\/www.aszende.com\/en\/#organization\",\"name\":\"Aszende\",\"url\":\"https:\/\/www.aszende.com\/en\/\",\"logo\":{\"@type\":\"ImageObject\",\"inLanguage\":\"en-US\",\"@id\":\"https:\/\/www.aszende.com\/en\/#\/schema\/logo\/image\/\",\"url\":\"https:\/\/www.aszende.com\/wp-content\/uploads\/2022\/10\/LOGO-Aszende-sin-R.png\",\"contentUrl\":\"https:\/\/www.aszende.com\/wp-content\/uploads\/2022\/10\/LOGO-Aszende-sin-R.png\",\"width\":346,\"height\":114,\"caption\":\"Aszende\"},\"image\":{\"@id\":\"https:\/\/www.aszende.com\/en\/#\/schema\/logo\/image\/\"}},{\"@type\":\"Person\",\"@id\":\"https:\/\/www.aszende.com\/en\/#\/schema\/person\/75364c9465d2e4a3bc6eea58f0afd4bb\",\"name\":\"mdelasheras_t47usv26\",\"image\":{\"@type\":\"ImageObject\",\"inLanguage\":\"en-US\",\"@id\":\"https:\/\/www.aszende.com\/en\/#\/schema\/person\/image\/\",\"url\":\"https:\/\/secure.gravatar.com\/avatar\/76bae367ca81d1ccf127a89819566b45834db29981360991fb2397d5bc27423f?s=96&d=mm&r=g\",\"contentUrl\":\"https:\/\/secure.gravatar.com\/avatar\/76bae367ca81d1ccf127a89819566b45834db29981360991fb2397d5bc27423f?s=96&d=mm&r=g\",\"caption\":\"mdelasheras_t47usv26\"}}]}<\/script>\n<!-- \/ Yoast SEO plugin. -->","yoast_head_json":{"title":"La accesibilidad llega a portales y escaleras en diciembre","description":"Los edificios construidos antes de diciembre de 2010 tienen hasta el 4 de diciembre de este a\u00f1o para conseguir la plena accesibilidad en sus instalaciones.","robots":{"index":"index","follow":"follow","max-snippet":"max-snippet:-1","max-image-preview":"max-image-preview:large","max-video-preview":"max-video-preview:-1"},"canonical":"https:\/\/www.aszende.com\/blog\/la-accesibilidad-en-portales-y-escaleras\/","og_locale":"en_US","og_type":"article","og_title":"La accesibilidad llega a portales y escaleras en diciembre","og_description":"Los edificios construidos antes de diciembre de 2010 tienen de plazo para adaptar sus portales y escaleras hasta el 4 de diciembre de 2017.","og_url":"https:\/\/www.aszende.com\/blog\/la-accesibilidad-en-portales-y-escaleras\/","og_site_name":"Aszende","article_published_time":"2017-09-14T08:27:31+00:00","article_modified_time":"2023-01-11T10:25:02+00:00","og_image":[{"width":1436,"height":473,"url":"https:\/\/www.aszende.com\/wp-content\/uploads\/2022\/06\/LOGO-CLAIM-Aszende-gris-azul-en-alta-calidad.png","type":"image\/png"}],"author":"mdelasheras_t47usv26","twitter_card":"summary_large_image","twitter_image":"https:\/\/www.aszende.com\/wp-content\/uploads\/noticias\/Imagen-accesibilidad.jpg","twitter_misc":{"Written by":"mdelasheras_t47usv26","Est. reading time":"3 minutes"},"schema":{"@context":"https:\/\/schema.org","@graph":[{"@type":"Article","@id":"https:\/\/www.aszende.com\/blog\/la-accesibilidad-en-portales-y-escaleras\/#article","isPartOf":{"@id":"https:\/\/www.aszende.com\/blog\/la-accesibilidad-en-portales-y-escaleras\/"},"author":{"name":"mdelasheras_t47usv26","@id":"https:\/\/www.aszende.com\/en\/#\/schema\/person\/75364c9465d2e4a3bc6eea58f0afd4bb"},"headline":"La accesibilidad llega a portales y escaleras en diciembre","datePublished":"2017-09-14T08:27:31+00:00","dateModified":"2023-01-11T10:25:02+00:00","mainEntityOfPage":{"@id":"https:\/\/www.aszende.com\/blog\/la-accesibilidad-en-portales-y-escaleras\/"},"wordCount":468,"publisher":{"@id":"https:\/\/www.aszende.com\/en\/#organization"},"articleSection":["Noticias"],"inLanguage":"en-US"},{"@type":"WebPage","@id":"https:\/\/www.aszende.com\/blog\/la-accesibilidad-en-portales-y-escaleras\/","url":"https:\/\/www.aszende.com\/blog\/la-accesibilidad-en-portales-y-escaleras\/","name":"La accesibilidad llega a portales y escaleras en diciembre","isPartOf":{"@id":"https:\/\/www.aszende.com\/en\/#website"},"datePublished":"2017-09-14T08:27:31+00:00","dateModified":"2023-01-11T10:25:02+00:00","description":"Los edificios construidos antes de diciembre de 2010 tienen hasta el 4 de diciembre de este a\u00f1o para conseguir la plena accesibilidad en sus instalaciones.","breadcrumb":{"@id":"https:\/\/www.aszende.com\/blog\/la-accesibilidad-en-portales-y-escaleras\/#breadcrumb"},"inLanguage":"en-US","potentialAction":[{"@type":"ReadAction","target":["https:\/\/www.aszende.com\/blog\/la-accesibilidad-en-portales-y-escaleras\/"]}]},{"@type":"BreadcrumbList","@id":"https:\/\/www.aszende.com\/blog\/la-accesibilidad-en-portales-y-escaleras\/#breadcrumb","itemListElement":[{"@type":"ListItem","position":1,"name":"Inicio","item":"https:\/\/www.aszende.com\/en\/"},{"@type":"ListItem","position":2,"name":"La accesibilidad llega a portales y escaleras en diciembre"}]},{"@type":"WebSite","@id":"https:\/\/www.aszende.com\/en\/#website","url":"https:\/\/www.aszende.com\/en\/","name":"Aszende","description":"","publisher":{"@id":"https:\/\/www.aszende.com\/en\/#organization"},"potentialAction":[{"@type":"SearchAction","target":{"@type":"EntryPoint","urlTemplate":"https:\/\/www.aszende.com\/en\/?s={search_term_string}"},"query-input":{"@type":"PropertyValueSpecification","valueRequired":true,"valueName":"search_term_string"}}],"inLanguage":"en-US"},{"@type":"Organization","@id":"https:\/\/www.aszende.com\/en\/#organization","name":"Aszende","url":"https:\/\/www.aszende.com\/en\/","logo":{"@type":"ImageObject","inLanguage":"en-US","@id":"https:\/\/www.aszende.com\/en\/#\/schema\/logo\/image\/","url":"https:\/\/www.aszende.com\/wp-content\/uploads\/2022\/10\/LOGO-Aszende-sin-R.png","contentUrl":"https:\/\/www.aszende.com\/wp-content\/uploads\/2022\/10\/LOGO-Aszende-sin-R.png","width":346,"height":114,"caption":"Aszende"},"image":{"@id":"https:\/\/www.aszende.com\/en\/#\/schema\/logo\/image\/"}},{"@type":"Person","@id":"https:\/\/www.aszende.com\/en\/#\/schema\/person\/75364c9465d2e4a3bc6eea58f0afd4bb","name":"mdelasheras_t47usv26","image":{"@type":"ImageObject","inLanguage":"en-US","@id":"https:\/\/www.aszende.com\/en\/#\/schema\/person\/image\/","url":"https:\/\/secure.gravatar.com\/avatar\/76bae367ca81d1ccf127a89819566b45834db29981360991fb2397d5bc27423f?s=96&d=mm&r=g","contentUrl":"https:\/\/secure.gravatar.com\/avatar\/76bae367ca81d1ccf127a89819566b45834db29981360991fb2397d5bc27423f?s=96&d=mm&r=g","caption":"mdelasheras_t47usv26"}}]}},"_links":{"self":[{"href":"https:\/\/www.aszende.com\/en\/wp-json\/wp\/v2\/posts\/1551","targetHints":{"allow":["GET"]}}],"collection":[{"href":"https:\/\/www.aszende.com\/en\/wp-json\/wp\/v2\/posts"}],"about":[{"href":"https:\/\/www.aszende.com\/en\/wp-json\/wp\/v2\/types\/post"}],"author":[{"embeddable":true,"href":"https:\/\/www.aszende.com\/en\/wp-json\/wp\/v2\/users\/1"}],"replies":[{"embeddable":true,"href":"https:\/\/www.aszende.com\/en\/wp-json\/wp\/v2\/comments?post=1551"}],"version-history":[{"count":0,"href":"https:\/\/www.aszende.com\/en\/wp-json\/wp\/v2\/posts\/1551\/revisions"}],"wp:attachment":[{"href":"https:\/\/www.aszende.com\/en\/wp-json\/wp\/v2\/media?parent=1551"}],"wp:term":[{"taxonomy":"category","embeddable":true,"href":"https:\/\/www.aszende.com\/en\/wp-json\/wp\/v2\/categories?post=1551"},{"taxonomy":"post_tag","embeddable":true,"href":"https:\/\/www.aszende.com\/en\/wp-json\/wp\/v2\/tags?post=1551"}],"curies":[{"name":"wp","href":"https:\/\/api.w.org\/{rel}","templated":true}]}}