{"id":27371,"date":"2026-04-15T10:44:16","date_gmt":"2026-04-15T08:44:16","guid":{"rendered":"https:\/\/www.aszende.com\/?p=27371"},"modified":"2026-04-20T12:19:23","modified_gmt":"2026-04-20T10:19:23","slug":"aszende-factura-52-millones-en-2025-un-15-mas-y-preve-duplicar-la-cifra-en-cinco-anos","status":"publish","type":"post","link":"https:\/\/www.aszende.com\/en\/blog\/aszende-factura-52-millones-en-2025-un-15-mas-y-preve-duplicar-la-cifra-en-cinco-anos\/","title":{"rendered":"Aszende celebra su 50 aniversario con cinco nuevas adquisiciones y una facturaci\u00f3n de m\u00e1s de 50 millones de euros"},"content":{"rendered":"\t\t<div data-elementor-type=\"wp-post\" data-elementor-id=\"27371\" class=\"elementor elementor-27371\" data-elementor-post-type=\"post\">\n\t\t\t\t\t\t<section class=\"elementor-section elementor-top-section elementor-element elementor-element-056ca26 elementor-section-boxed elementor-section-height-default elementor-section-height-default\" data-id=\"056ca26\" data-element_type=\"section\" data-e-type=\"section\">\n\t\t\t\t\t\t<div class=\"elementor-container elementor-column-gap-default\">\n\t\t\t\t\t<div class=\"elementor-column elementor-col-100 elementor-top-column elementor-element elementor-element-ed1dcf1\" data-id=\"ed1dcf1\" data-element_type=\"column\" data-e-type=\"column\">\n\t\t\t<div class=\"elementor-widget-wrap elementor-element-populated\">\n\t\t\t\t\t\t<div class=\"elementor-element elementor-element-5209347 elementor-widget elementor-widget-image\" data-id=\"5209347\" data-element_type=\"widget\" data-e-type=\"widget\" data-widget_type=\"image.default\">\n\t\t\t\t<div class=\"elementor-widget-container\">\n\t\t\t\t\t\t\t\t\t\t\t\t\t\t\t<img fetchpriority=\"high\" decoding=\"async\" width=\"1024\" height=\"298\" src=\"https:\/\/www.aszende.com\/wp-content\/uploads\/2026\/04\/Presentacion-Nota-de-Prensa-Aszende-2026-1-1024x298.png\" class=\"attachment-large size-large wp-image-27411\" alt=\"\" srcset=\"https:\/\/www.aszende.com\/wp-content\/uploads\/2026\/04\/Presentacion-Nota-de-Prensa-Aszende-2026-1-1024x298.png 1024w, https:\/\/www.aszende.com\/wp-content\/uploads\/2026\/04\/Presentacion-Nota-de-Prensa-Aszende-2026-1-300x87.png 300w, https:\/\/www.aszende.com\/wp-content\/uploads\/2026\/04\/Presentacion-Nota-de-Prensa-Aszende-2026-1-768x223.png 768w, https:\/\/www.aszende.com\/wp-content\/uploads\/2026\/04\/Presentacion-Nota-de-Prensa-Aszende-2026-1-1536x446.png 1536w, https:\/\/www.aszende.com\/wp-content\/uploads\/2026\/04\/Presentacion-Nota-de-Prensa-Aszende-2026-1-2048x595.png 2048w, https:\/\/www.aszende.com\/wp-content\/uploads\/2026\/04\/Presentacion-Nota-de-Prensa-Aszende-2026-1-600x174.png 600w\" sizes=\"(max-width: 1024px) 100vw, 1024px\" \/>\t\t\t\t\t\t\t\t\t\t\t\t\t\t\t<\/div>\n\t\t\t\t<\/div>\n\t\t\t\t<div class=\"elementor-element elementor-element-241c83e elementor-widget elementor-widget-text-editor\" data-id=\"241c83e\" data-element_type=\"widget\" data-e-type=\"widget\" data-widget_type=\"text-editor.default\">\n\t\t\t\t<div class=\"elementor-widget-container\">\n\t\t\t\t\t\t\t\t\t<p style=\"margin: 0cm 0cm 0cm 36pt; font-size: 11pt; font-family: Calibri, sans-serif; color: #000000; font-style: normal; text-indent: -18pt;\"><span style=\"color: #6b6b6a;\"><span style=\"font-size: 12pt; font-family: Symbol;\">\u00b7<span style=\"font-style: normal; font-variant: normal; font-size-adjust: none; font-language-override: normal; font-kerning: auto; font-optical-sizing: auto; font-feature-settings: normal; font-variation-settings: normal; font-stretch: normal; font-size: 7pt; line-height: normal; font-family: 'Times New Roman';\">\u00a0\u00a0\u00a0\u00a0\u00a0 <\/span><\/span><strong><span style=\"font-size: 12pt;\">La compa\u00f1\u00eda cerr\u00f3 2025 con un crecimiento del 15 % respecto al ejercicio anterior y prev\u00e9 duplicar su facturaci\u00f3n en 2030.<\/span><\/strong><\/span><\/p>\n<p style=\"margin: 0cm; font-size: 12pt; font-family: 'Times New Roman', serif; color: #000000; font-style: normal;\">\u00a0<\/p>\n<p style=\"margin: 0cm 0cm 0cm 36pt; font-size: 11pt; font-family: Calibri, sans-serif; color: #000000; font-style: normal; text-indent: -18pt;\"><strong><span style=\"color: #6b6b6a;\"><span style=\"font-size: 12pt; font-family: Symbol;\">\u00b7<span style=\"font-style: normal; font-variant: normal; font-size-adjust: none; font-language-override: normal; font-kerning: auto; font-optical-sizing: auto; font-feature-settings: normal; font-variation-settings: normal; font-stretch: normal; font-size: 7pt; line-height: normal; font-family: 'Times New Roman';\">\u00a0\u00a0\u00a0\u00a0\u00a0 <\/span><\/span><span style=\"font-size: 12pt;\">Aszende gestiona actualmente un parque de cerca de 20.000 ascensores en mantenimiento, lo que la sit\u00faa entre las diez principales empresas del sector, y prev\u00e9 alcanzar los 24.000 equipos en 2026.<\/span><\/span><\/strong><\/p>\n<p style=\"margin: 0cm 0cm 0cm 36pt; font-size: 11pt; font-family: Calibri, sans-serif; color: #000000; font-style: normal; text-indent: -18pt;\"><strong><span style=\"color: #6b6b6a;\"><span style=\"font-size: 11.5pt; font-family: Symbol;\">\u00b7<span style=\"font-style: normal; font-variant: normal; font-size-adjust: none; font-language-override: normal; font-kerning: auto; font-optical-sizing: auto; font-feature-settings: normal; font-variation-settings: normal; font-stretch: normal; font-size: 7pt; line-height: normal; font-family: 'Times New Roman';\">\u00a0\u00a0\u00a0\u00a0\u00a0\u00a0 <\/span><\/span><span style=\"font-size: 12pt;\">La entrada en vigor de la ITC ha supuesto que, en un a\u00f1o, la compa\u00f1\u00eda haya duplicado las grandes reparaciones asociadas a inspecciones.<\/span><\/span><\/strong><\/p>\n<p style=\"margin: 0cm 0cm 0cm 36pt; font-size: 11pt; font-family: Calibri, sans-serif; color: #000000; font-style: normal; text-indent: -18pt;\"><span style=\"font-size: 12pt; color: #6b6b6a;\">\u00a0<\/span><\/p>\n<p style=\"margin: 0cm 0cm 0cm 36pt; font-family: Calibri, sans-serif; color: #000000; font-style: normal; text-indent: -18pt;\">\u00a0<\/p>\n<p style=\"margin: 0cm 0cm 6pt; font-size: 12pt; font-family: 'Times New Roman', serif; color: #000000; font-style: normal; font-weight: 400; text-align: justify;\"><span style=\"font-family: Calibri, sans-serif; color: #6b6b6a;\">La empresa familiar <strong>Aszende<\/strong>, especializada en la <strong>instalaci\u00f3n, mantenimiento y modernizaci\u00f3n multimarca de ascensores<\/strong>, celebra su <strong>50 aniversario<\/strong> consolidando una nueva etapa de crecimiento marcada por la expansi\u00f3n territorial, la adaptaci\u00f3n a la nueva normativa ITC y una firme apuesta por la sostenibilidad y el talento.<\/span><\/p>\n<p style=\"margin: 0cm 0cm 0cm 36pt; font-family: Calibri, sans-serif; color: #000000; font-style: normal; text-indent: -18pt;\">\u00a0<\/p>\n<p style=\"margin: 6pt 0cm; font-size: 12pt; font-family: 'Times New Roman', serif; color: #000000; font-style: normal;\"><span style=\"font-family: Calibri, sans-serif; color: #6b6b6a;\">La compa\u00f1\u00eda cerr\u00f3 el ejercicio 2025 con una facturaci\u00f3n de <strong style=\"font-weight: 400;\">52 millones de euros<\/strong>, lo que supone un crecimiento cercano al <b>15 % respecto al anterior ejercicio<\/b>, y cuenta actualmente con cerca de 400 profesionales distribuidos entre la sede central de la empresa, ubicada en Barcelona, y 16 delegaciones en el territorio nacional, manteniendo su f\u00e1brica propia en Zaragoza.<\/span><\/p>\t\t\t\t\t\t\t\t<\/div>\n\t\t\t\t<\/div>\n\t\t\t\t\t<\/div>\n\t\t<\/div>\n\t\t\t\t\t<\/div>\n\t\t<\/section>\n\t\t\t\t<section class=\"elementor-section elementor-top-section elementor-element elementor-element-24d1814 elementor-section-boxed elementor-section-height-default elementor-section-height-default\" data-id=\"24d1814\" data-element_type=\"section\" data-e-type=\"section\">\n\t\t\t\t\t\t<div class=\"elementor-container elementor-column-gap-default\">\n\t\t\t\t\t<div class=\"elementor-column elementor-col-100 elementor-top-column elementor-element elementor-element-b13d8b4\" data-id=\"b13d8b4\" data-element_type=\"column\" data-e-type=\"column\">\n\t\t\t<div class=\"elementor-widget-wrap elementor-element-populated\">\n\t\t\t\t\t\t<div class=\"elementor-element elementor-element-e6397dc elementor-widget elementor-widget-heading\" data-id=\"e6397dc\" data-element_type=\"widget\" data-e-type=\"widget\" data-widget_type=\"heading.default\">\n\t\t\t\t<div class=\"elementor-widget-container\">\n\t\t\t\t\t<h2 class=\"elementor-heading-title elementor-size-default\">Cinco nuevas adquisiciones en 2025<\/h2>\t\t\t\t<\/div>\n\t\t\t\t<\/div>\n\t\t\t\t\t<\/div>\n\t\t<\/div>\n\t\t\t\t\t<\/div>\n\t\t<\/section>\n\t\t\t\t<section class=\"elementor-section elementor-top-section elementor-element elementor-element-6fa4952 elementor-section-boxed elementor-section-height-default elementor-section-height-default\" data-id=\"6fa4952\" data-element_type=\"section\" data-e-type=\"section\">\n\t\t\t\t\t\t<div class=\"elementor-container elementor-column-gap-default\">\n\t\t\t\t\t<div class=\"elementor-column elementor-col-100 elementor-top-column elementor-element elementor-element-bf0dbb1\" data-id=\"bf0dbb1\" data-element_type=\"column\" data-e-type=\"column\">\n\t\t\t<div class=\"elementor-widget-wrap elementor-element-populated\">\n\t\t\t\t\t\t<div class=\"elementor-element elementor-element-831540b elementor-widget elementor-widget-text-editor\" data-id=\"831540b\" data-element_type=\"widget\" data-e-type=\"widget\" data-widget_type=\"text-editor.default\">\n\t\t\t\t<div class=\"elementor-widget-container\">\n\t\t\t\t\t\t\t\t\t<p style=\"margin: 6pt 0cm; font-size: 12pt; font-family: 'Times New Roman', serif; color: #000000; font-style: normal; font-weight: 400;\"><span style=\"color: #6b6b6a;\"><span style=\"font-family: Calibri, sans-serif; font-size: 12pt;\">En el marco de su estrategia de crecimiento, que responde tanto al desarrollo org\u00e1nico del negocio como a la incorporaci\u00f3n de nuevas empresas y carteras coherentes con su modelo de servicio, Aszende ha reforzado su presencia en Catalu\u00f1a mediante la <\/span><strong>incorporaci\u00f3n, en 2025, de tres empresas familiares del sector, as\u00ed como las carteras de ascensores de dos compa\u00f1\u00edas.<\/strong><\/span><\/p>\n<p style=\"margin: 6pt 0cm; font-size: 12pt; font-family: 'Times New Roman', serif; color: #000000; font-style: normal; font-weight: 400;\"><span style=\"font-family: Calibri, sans-serif; color: #6b6b6a;\">Gracias a este crecimiento, la compa\u00f1\u00eda gestiona actualmente un parque de cerca de <strong>20.000 ascensores en mantenimiento<\/strong>, lo que la sit\u00faa entre las <strong>diez principales empresas del sector<\/strong>, con la previsi\u00f3n de alcanzar los <strong>24.000 equipos en 2026.<\/strong><\/span><\/p>\n<p style=\"margin: 6pt 0cm; font-size: 12pt; font-family: 'Times New Roman', serif; color: #000000; font-style: normal; font-weight: 400;\"><span style=\"font-family: Calibri, sans-serif; color: #6b6b6a;\">\u201cEl crecimiento a trav\u00e9s de adquisiciones forma parte de una evoluci\u00f3n natural, siempre que podamos integrar empresas que compartan nuestra manera de entender el servicio y la relaci\u00f3n con el cliente: un modelo basado en <strong>la proximidad, la excelencia y la personalizaci\u00f3n del servicio, con las personas en el centro\u201d<\/strong>, explica Alfredo Palencia Tejada, consejero delegado de Aszende.<\/span><\/p>\n<p style=\"margin: 6pt 0cm; font-size: 12pt; font-family: 'Times New Roman', serif; color: #000000; font-style: normal; font-weight: 400;\"><span style=\"font-family: Calibri, sans-serif; color: #6b6b6a;\">De cara a los pr\u00f3ximos a\u00f1os, la compa\u00f1\u00eda <strong>prev\u00e9 seguir creciendo en todo el territorio espa\u00f1ol<\/strong>, con el objetivo de doblar la <strong>facturaci\u00f3n en 2030<\/strong>, manteniendo una estrategia sostenible y coherente con la evoluci\u00f3n del mercado.<\/span><\/p>\t\t\t\t\t\t\t\t<\/div>\n\t\t\t\t<\/div>\n\t\t\t\t<div class=\"elementor-element elementor-element-0a32d04 elementor-widget elementor-widget-image\" data-id=\"0a32d04\" data-element_type=\"widget\" data-e-type=\"widget\" data-widget_type=\"image.default\">\n\t\t\t\t<div class=\"elementor-widget-container\">\n\t\t\t\t\t\t\t\t\t\t\t\t\t\t\t<img decoding=\"async\" width=\"1024\" height=\"403\" src=\"https:\/\/www.aszende.com\/wp-content\/uploads\/2026\/04\/IMG_2852_Retocada-1-1024x403.jpg\" class=\"attachment-large size-large wp-image-27377\" alt=\"\" srcset=\"https:\/\/www.aszende.com\/wp-content\/uploads\/2026\/04\/IMG_2852_Retocada-1-1024x403.jpg 1024w, https:\/\/www.aszende.com\/wp-content\/uploads\/2026\/04\/IMG_2852_Retocada-1-300x118.jpg 300w, https:\/\/www.aszende.com\/wp-content\/uploads\/2026\/04\/IMG_2852_Retocada-1-768x302.jpg 768w, https:\/\/www.aszende.com\/wp-content\/uploads\/2026\/04\/IMG_2852_Retocada-1-1536x605.jpg 1536w, https:\/\/www.aszende.com\/wp-content\/uploads\/2026\/04\/IMG_2852_Retocada-1-2048x806.jpg 2048w, https:\/\/www.aszende.com\/wp-content\/uploads\/2026\/04\/IMG_2852_Retocada-1-600x236.jpg 600w\" sizes=\"(max-width: 1024px) 100vw, 1024px\" \/>\t\t\t\t\t\t\t\t\t\t\t\t\t\t\t<\/div>\n\t\t\t\t<\/div>\n\t\t\t\t<div class=\"elementor-element elementor-element-bd8614c elementor-widget elementor-widget-heading\" data-id=\"bd8614c\" data-element_type=\"widget\" data-e-type=\"widget\" data-widget_type=\"heading.default\">\n\t\t\t\t<div class=\"elementor-widget-container\">\n\t\t\t\t\t<h2 class=\"elementor-heading-title elementor-size-default\">La nueva normativa duplica las grandes reparaciones asociadas a inspecciones<\/h2>\t\t\t\t<\/div>\n\t\t\t\t<\/div>\n\t\t\t\t<div class=\"elementor-element elementor-element-64f5796 elementor-widget__width-initial elementor-widget elementor-widget-text-editor\" data-id=\"64f5796\" data-element_type=\"widget\" data-e-type=\"widget\" data-widget_type=\"text-editor.default\">\n\t\t\t\t<div class=\"elementor-widget-container\">\n\t\t\t\t\t\t\t\t\t<p class=\"MsoNormal\" style=\"margin: 6pt 0cm; font-size: 12pt; font-family: 'Times New Roman', serif; color: #000000; font-style: normal;\"><span style=\"font-family: Calibri, sans-serif; color: #6b6b6a;\">La entrada en vigor, el <strong>1 de julio de 2024, de la nueva Instrucci\u00f3n T\u00e9cnica Complementaria (ITC) sobre ascensores <\/strong>ha supuesto un punto de inflexi\u00f3n para el sector. Esta normativa introduce <strong>nuevas exigencias en materia<\/strong><b> <\/b><strong>de seguridad, mantenimiento e inspecci\u00f3n de los equipos,<\/strong> acelerando un proceso de modernizaci\u00f3n imprescindible en un pa\u00eds que cuenta con uno de los <strong>parques de ascensores m\u00e1s antiguos de Europa<\/strong> \u2014la mitad de los equipos tienen m\u00e1s de 25 a\u00f1os de antig\u00fcedad\u2014 y donde todav\u00eda existen <strong>m\u00e1s de un mill\u00f3n de edificios sin ascensor.<\/strong><\/span><\/p>\n<p class=\"MsoNormal\" style=\"margin: 6pt 0cm; font-size: 12pt; font-family: 'Times New Roman', serif; color: #000000; font-style: normal;\"><span style=\"font-family: Calibri, sans-serif; color: #6b6b6a;\">En este contexto, Aszende <strong>duplic\u00f3 en 2025, respecto a 2024, las grandes reparaciones asociadas a inspecciones,<\/strong> actuaciones obligatorias para adecuar los equipos a los nuevos est\u00e1ndares de seguridad. Este incremento ha tenido un impacto directo en la actividad de la compa\u00f1\u00eda: <strong>el volumen de trabajos ha crecido un 40 % en t\u00e9rminos generales, impulsadas principalmente por las actuaciones vinculadas a inspecciones, que han aumentado un 96 %.<\/strong><\/span><\/p>\n<p class=\"MsoNormal\" style=\"margin: 6pt 0cm; font-size: 12pt; font-family: 'Times New Roman', serif; color: #000000; font-style: normal;\"><span style=\"font-family: Calibri, sans-serif; color: #6b6b6a;\">\u201cLa nueva ITC ha puesto el foco en la <strong>protecci\u00f3n de las personas y ha acelerado una transformaci\u00f3n que era absolutamente necesaria.<\/strong> Modernizar el parque de ascensores no es solo una cuesti\u00f3n t\u00e9cnica, sino una <strong>responsabilidad social, ya que es clave para la seguridad, la accesibilidad y la calidad del servicio<\/strong> en los edificios\u201d, se\u00f1ala Alfredo Palencia Tejada.<\/span><\/p>\n<p class=\"MsoNormal\" style=\"margin: 6pt 0cm; font-size: 12pt; font-family: 'Times New Roman', serif; color: #000000; font-style: normal;\"><span style=\"font-family: Calibri, sans-serif; color: #6b6b6a;\">Desde la entrada en vigor de la normativa, el sector <strong>ha acelerado su transformaci\u00f3n<\/strong> y se encuentra actualmente en torno al <strong>50 % del proceso de renovaci\u00f3n del parque.<\/strong><\/span><\/p>\t\t\t\t\t\t\t\t<\/div>\n\t\t\t\t<\/div>\n\t\t\t\t<div class=\"elementor-element elementor-element-b14a5f1 elementor-widget elementor-widget-image\" data-id=\"b14a5f1\" data-element_type=\"widget\" data-e-type=\"widget\" data-widget_type=\"image.default\">\n\t\t\t\t<div class=\"elementor-widget-container\">\n\t\t\t\t\t\t\t\t\t\t\t\t\t\t\t<img decoding=\"async\" width=\"1024\" height=\"403\" src=\"https:\/\/www.aszende.com\/wp-content\/uploads\/2026\/04\/IMG_2852_Retocada-2-1024x403.jpg\" class=\"attachment-large size-large wp-image-27384\" alt=\"\" srcset=\"https:\/\/www.aszende.com\/wp-content\/uploads\/2026\/04\/IMG_2852_Retocada-2-1024x403.jpg 1024w, https:\/\/www.aszende.com\/wp-content\/uploads\/2026\/04\/IMG_2852_Retocada-2-300x118.jpg 300w, https:\/\/www.aszende.com\/wp-content\/uploads\/2026\/04\/IMG_2852_Retocada-2-768x302.jpg 768w, https:\/\/www.aszende.com\/wp-content\/uploads\/2026\/04\/IMG_2852_Retocada-2-1536x605.jpg 1536w, https:\/\/www.aszende.com\/wp-content\/uploads\/2026\/04\/IMG_2852_Retocada-2-2048x806.jpg 2048w, https:\/\/www.aszende.com\/wp-content\/uploads\/2026\/04\/IMG_2852_Retocada-2-600x236.jpg 600w\" sizes=\"(max-width: 1024px) 100vw, 1024px\" \/>\t\t\t\t\t\t\t\t\t\t\t\t\t\t\t<\/div>\n\t\t\t\t<\/div>\n\t\t\t\t<div class=\"elementor-element elementor-element-eae331b elementor-widget elementor-widget-heading\" data-id=\"eae331b\" data-element_type=\"widget\" data-e-type=\"widget\" data-widget_type=\"heading.default\">\n\t\t\t\t<div class=\"elementor-widget-container\">\n\t\t\t\t\t<h2 class=\"elementor-heading-title elementor-size-default\">Sostenibilidad y econom\u00eda circular<\/h2>\t\t\t\t<\/div>\n\t\t\t\t<\/div>\n\t\t\t\t<div class=\"elementor-element elementor-element-068c9fa elementor-widget__width-initial elementor-widget elementor-widget-text-editor\" data-id=\"068c9fa\" data-element_type=\"widget\" data-e-type=\"widget\" data-widget_type=\"text-editor.default\">\n\t\t\t\t<div class=\"elementor-widget-container\">\n\t\t\t\t\t\t\t\t\t<p class=\"MsoNormal\" style=\"margin: 6pt 0cm; font-size: 12pt; font-family: 'Times New Roman', serif; color: #000000; font-style: normal;\"><span style=\"font-family: Calibri, sans-serif; color: #6b6b6a;\"><strong>En paralelo al crecimiento, Aszende est\u00e1 desarrollando una estrategia orientada a<\/strong> reducir su impacto ambiental. La compa\u00f1\u00eda est\u00e1 sustituyendo progresivamente combustibles f\u00f3siles por <strong>alternativas hidrogenadas con menor nivel de emisiones de CO\u2082 y electrificando parte de su flota<\/strong> para reducir tanto emisiones como contaminaci\u00f3n ac\u00fastica.<\/span><\/p>\n<p class=\"MsoNormal\" style=\"margin: 6pt 0cm; font-size: 12pt; font-family: 'Times New Roman', serif; color: #000000; font-style: normal;\"><span style=\"font-family: Calibri, sans-serif; color: #6b6b6a;\">Adem\u00e1s, ha implementado sistemas de software para <strong>monitorizar la conducci\u00f3n de su equipo t\u00e9cnico<\/strong>, mejorando la eficiencia, la seguridad y reduciendo el consumo de combustible. Asimismo, est\u00e1 implantando una <strong>gesti\u00f3n optimizada de rutas<\/strong> que permite disminuir el consumo de los veh\u00edculos, reduciendo las emisiones y el uso de energ\u00eda y recursos<\/span><\/p>\n<p class=\"MsoNormal\" style=\"margin: 6pt 0cm; font-size: 12pt; font-family: 'Times New Roman', serif; color: #000000; font-style: normal;\"><span style=\"font-family: Calibri, sans-serif; color: #6b6b6a;\">La empresa fomenta la <strong>reparaci\u00f3n de componentes electr\u00f3nicos<\/strong> para alargar su vida \u00fatil y minimizar la generaci\u00f3n de residuos, impulsando pr\u00e1cticas de econom\u00eda circular. Tambi\u00e9n trabaja en la <strong>valorizaci\u00f3n de residuos<\/strong> como aceites, bater\u00edas o cart\u00f3n, con el objetivo de darles una segunda vida \u00fatil y reducir el impacto derivado de su extracci\u00f3n y fabricaci\u00f3n<\/span><\/p>\n<p>Por otro lado, durante 2025 Aszende <strong>ha consumido energ\u00eda 100 % renovable en todas sus delegaciones y ha generado energ\u00eda propia en su sede central<\/strong>, lo que ha permitido reducir significativamente las emisiones derivadas del consumo el\u00e9ctrico.<\/p>\t\t\t\t\t\t\t\t<\/div>\n\t\t\t\t<\/div>\n\t\t\t\t\t<\/div>\n\t\t<\/div>\n\t\t\t\t\t<\/div>\n\t\t<\/section>\n\t\t\t\t<section class=\"elementor-section elementor-top-section elementor-element elementor-element-6d05580 elementor-section-boxed elementor-section-height-default elementor-section-height-default\" data-id=\"6d05580\" data-element_type=\"section\" data-e-type=\"section\">\n\t\t\t\t\t\t<div class=\"elementor-container elementor-column-gap-default\">\n\t\t\t\t\t<div class=\"elementor-column elementor-col-100 elementor-top-column elementor-element elementor-element-d2d9ba5\" data-id=\"d2d9ba5\" data-element_type=\"column\" data-e-type=\"column\">\n\t\t\t<div class=\"elementor-widget-wrap elementor-element-populated\">\n\t\t\t\t\t\t<div class=\"elementor-element elementor-element-8d36cb8 elementor-widget elementor-widget-heading\" data-id=\"8d36cb8\" data-element_type=\"widget\" data-e-type=\"widget\" data-widget_type=\"heading.default\">\n\t\t\t\t<div class=\"elementor-widget-container\">\n\t\t\t\t\t<h2 class=\"elementor-heading-title elementor-size-default\">Aszende Academy, una ventana a la profesi\u00f3n de la movilidad vertical<\/h2>\t\t\t\t<\/div>\n\t\t\t\t<\/div>\n\t\t\t\t<div class=\"elementor-element elementor-element-00f31ab elementor-widget__width-initial elementor-widget elementor-widget-text-editor\" data-id=\"00f31ab\" data-element_type=\"widget\" data-e-type=\"widget\" data-widget_type=\"text-editor.default\">\n\t\t\t\t<div class=\"elementor-widget-container\">\n\t\t\t\t\t\t\t\t\t<p>Coincidiendo con su 50 aniversario, la compa\u00f1\u00eda pondr\u00e1 en marcha este a\u00f1o 2026 <strong>Aszende Academy<\/strong>, una iniciativa concebida como el <strong>centro de formaci\u00f3n de la compa\u00f1\u00eda<\/strong> <strong>para impulsar el talento, favorecer la promoci\u00f3n interna y dar respuesta a los retos de profesionalizaci\u00f3n y relevo generacional del sector<\/strong>. En este sentido, contar\u00e1 con distintos programas de acceso al sector para puestos t\u00e9cnicos, as\u00ed como con itinerarios de desarrollo dirigidos al resto de perfiles de la compa\u00f1\u00eda.<\/p>\n<p>Asimismo, el proyecto busca tambi\u00e9n <strong>prestigiar la profesi\u00f3n de la movilidad vertical, acercarla a la ciudadan\u00eda y poner en valor su impacto en la vida de las personas<\/strong>.<\/p>\n<p>El sector afronta actualmente un <strong>d\u00e9ficit de m\u00e1s de 1.000 profesionales t\u00e9cnicos en toda Espa\u00f1a<\/strong>, en gran medida debido al desconocimiento de la profesi\u00f3n y de sus oportunidades laborales.<\/p>\n<p>Para ello, la iniciativa se apoya en la creaci\u00f3n de un <strong><em>showroom <\/em>experiencial e interactivo abierto al p\u00fablico<\/strong> en la sede de Barcelona, desde el que la compa\u00f1\u00eda quiere mostrar c\u00f3mo funciona el sector desde dentro, <strong>reforzar la transparencia y facilitar la captaci\u00f3n de talento<\/strong>, clave para seguir garantizando la seguridad y la calidad del servicio.<\/p>\n<p>\u201cCelebrar 50 a\u00f1os no es solo conmemorar una trayectoria, sino asumir la responsabilidad de <strong>prestigiar el sector, mostrar el trabajo que hay detr\u00e1s de cada ascensor y atraer nuevas generaciones de profesionales<\/strong>. La transparencia y la formaci\u00f3n son claves para el futuro de la movilidad vertical\u201d, concluye el consejero delegado de Aszende.<\/p>\t\t\t\t\t\t\t\t<\/div>\n\t\t\t\t<\/div>\n\t\t\t\t\t<\/div>\n\t\t<\/div>\n\t\t\t\t\t<\/div>\n\t\t<\/section>\n\t\t\t\t<section class=\"elementor-section elementor-top-section elementor-element elementor-element-5f23cbd elementor-section-boxed elementor-section-height-default elementor-section-height-default\" data-id=\"5f23cbd\" data-element_type=\"section\" data-e-type=\"section\">\n\t\t\t\t\t\t<div class=\"elementor-container elementor-column-gap-default\">\n\t\t\t\t\t\t<\/div>\n\t\t<\/section>\n\t\t\t\t<section class=\"elementor-section elementor-top-section elementor-element elementor-element-49966d3 elementor-section-boxed elementor-section-height-default elementor-section-height-default\" data-id=\"49966d3\" data-element_type=\"section\" data-e-type=\"section\">\n\t\t\t\t\t\t<div class=\"elementor-container elementor-column-gap-default\">\n\t\t\t\t\t\t<\/div>\n\t\t<\/section>\n\t\t\t\t<section class=\"elementor-section elementor-top-section elementor-element elementor-element-1bf26a4 elementor-section-boxed elementor-section-height-default elementor-section-height-default\" data-id=\"1bf26a4\" data-element_type=\"section\" data-e-type=\"section\">\n\t\t\t\t\t\t<div class=\"elementor-container elementor-column-gap-default\">\n\t\t\t\t\t\t<\/div>\n\t\t<\/section>\n\t\t\t\t<section class=\"elementor-section elementor-top-section elementor-element elementor-element-66d6383 elementor-section-boxed elementor-section-height-default elementor-section-height-default\" data-id=\"66d6383\" data-element_type=\"section\" data-e-type=\"section\">\n\t\t\t\t\t\t<div class=\"elementor-container elementor-column-gap-default\">\n\t\t\t\t\t\t<\/div>\n\t\t<\/section>\n\t\t\t\t<section class=\"elementor-section elementor-top-section elementor-element elementor-element-c73b044 elementor-section-boxed elementor-section-height-default elementor-section-height-default\" data-id=\"c73b044\" data-element_type=\"section\" data-e-type=\"section\">\n\t\t\t\t\t\t<div class=\"elementor-container elementor-column-gap-default\">\n\t\t\t\t\t\t<\/div>\n\t\t<\/section>\n\t\t\t\t<section class=\"elementor-section elementor-top-section elementor-element elementor-element-e320ccd elementor-section-boxed elementor-section-height-default elementor-section-height-default\" data-id=\"e320ccd\" data-element_type=\"section\" data-e-type=\"section\">\n\t\t\t\t\t\t<div class=\"elementor-container elementor-column-gap-default\">\n\t\t\t\t\t\t<\/div>\n\t\t<\/section>\n\t\t\t\t<\/div>\n\t\t","protected":false},"excerpt":{"rendered":"<p>\u00b7\u00a0\u00a0\u00a0\u00a0\u00a0 La compa\u00f1\u00eda cerr\u00f3 2025 con un crecimiento del 15 % respecto al ejercicio anterior y prev\u00e9 duplicar su facturaci\u00f3n en 2030. \u00a0 \u00b7\u00a0\u00a0\u00a0\u00a0\u00a0 Aszende gestiona actualmente un parque de cerca de 20.000 ascensores en mantenimiento, lo que la sit\u00faa entre las diez principales empresas del sector, y prev\u00e9 alcanzar los 24.000 equipos en 2026. [&hellip;]<\/p>\n","protected":false},"author":10,"featured_media":0,"comment_status":"closed","ping_status":"open","sticky":false,"template":"","format":"standard","meta":{"site-sidebar-layout":"default","site-content-layout":"","ast-site-content-layout":"default","site-content-style":"default","site-sidebar-style":"default","ast-global-header-display":"","ast-banner-title-visibility":"","ast-main-header-display":"","ast-hfb-above-header-display":"","ast-hfb-below-header-display":"","ast-hfb-mobile-header-display":"","site-post-title":"","ast-breadcrumbs-content":"","ast-featured-img":"","footer-sml-layout":"","theme-transparent-header-meta":"","adv-header-id-meta":"","stick-header-meta":"","header-above-stick-meta":"","header-main-stick-meta":"","header-below-stick-meta":"","astra-migrate-meta-layouts":"set","ast-page-background-enabled":"default","ast-page-background-meta":{"desktop":{"background-color":"var(--ast-global-color-4)","background-image":"","background-repeat":"repeat","background-position":"center center","background-size":"auto","background-attachment":"scroll","background-type":"","background-media":"","overlay-type":"","overlay-color":"","overlay-opacity":"","overlay-gradient":""},"tablet":{"background-color":"","background-image":"","background-repeat":"repeat","background-position":"center center","background-size":"auto","background-attachment":"scroll","background-type":"","background-media":"","overlay-type":"","overlay-color":"","overlay-opacity":"","overlay-gradient":""},"mobile":{"background-color":"","background-image":"","background-repeat":"repeat","background-position":"center center","background-size":"auto","background-attachment":"scroll","background-type":"","background-media":"","overlay-type":"","overlay-color":"","overlay-opacity":"","overlay-gradient":""}},"ast-content-background-meta":{"desktop":{"background-color":"var(--ast-global-color-5)","background-image":"","background-repeat":"repeat","background-position":"center center","background-size":"auto","background-attachment":"scroll","background-type":"","background-media":"","overlay-type":"","overlay-color":"","overlay-opacity":"","overlay-gradient":""},"tablet":{"background-color":"var(--ast-global-color-5)","background-image":"","background-repeat":"repeat","background-position":"center center","background-size":"auto","background-attachment":"scroll","background-type":"","background-media":"","overlay-type":"","overlay-color":"","overlay-opacity":"","overlay-gradient":""},"mobile":{"background-color":"var(--ast-global-color-5)","background-image":"","background-repeat":"repeat","background-position":"center center","background-size":"auto","background-attachment":"scroll","background-type":"","background-media":"","overlay-type":"","overlay-color":"","overlay-opacity":"","overlay-gradient":""}},"footnotes":""},"categories":[1],"tags":[],"class_list":["post-27371","post","type-post","status-publish","format-standard","hentry","category-sin-categorizar"],"yoast_head":"<!-- This site is optimized with the Yoast SEO plugin v27.0 - https:\/\/yoast.com\/product\/yoast-seo-wordpress\/ -->\n<title>Aszende celebra su 50 aniversario con cinco nuevas adquisiciones y una facturaci\u00f3n de m\u00e1s de 50 millones de euros - Aszende<\/title>\n<meta name=\"robots\" content=\"index, follow, max-snippet:-1, max-image-preview:large, max-video-preview:-1\" \/>\n<link rel=\"canonical\" href=\"https:\/\/www.aszende.com\/blog\/aszende-factura-52-millones-en-2025-un-15-mas-y-preve-duplicar-la-cifra-en-cinco-anos\/\" \/>\n<meta property=\"og:locale\" content=\"en_US\" \/>\n<meta property=\"og:type\" content=\"article\" \/>\n<meta property=\"og:title\" content=\"Aszende celebra su 50 aniversario con cinco nuevas adquisiciones y una facturaci\u00f3n de m\u00e1s de 50 millones de euros - Aszende\" \/>\n<meta property=\"og:description\" content=\"\u00b7\u00a0\u00a0\u00a0\u00a0\u00a0 La compa\u00f1\u00eda cerr\u00f3 2025 con un crecimiento del 15 % respecto al ejercicio anterior y prev\u00e9 duplicar su facturaci\u00f3n en 2030. \u00a0 \u00b7\u00a0\u00a0\u00a0\u00a0\u00a0 Aszende gestiona actualmente un parque de cerca de 20.000 ascensores en mantenimiento, lo que la sit\u00faa entre las diez principales empresas del sector, y prev\u00e9 alcanzar los 24.000 equipos en 2026. [&hellip;]\" \/>\n<meta property=\"og:url\" content=\"https:\/\/www.aszende.com\/blog\/aszende-factura-52-millones-en-2025-un-15-mas-y-preve-duplicar-la-cifra-en-cinco-anos\/\" \/>\n<meta property=\"og:site_name\" content=\"Aszende\" \/>\n<meta property=\"article:published_time\" content=\"2026-04-15T08:44:16+00:00\" \/>\n<meta property=\"article:modified_time\" content=\"2026-04-20T10:19:23+00:00\" \/>\n<meta property=\"og:image\" content=\"https:\/\/www.aszende.com\/wp-content\/uploads\/2026\/04\/Presentacion-Nota-de-Prensa-Aszende-2026-1.png\" \/>\n\t<meta property=\"og:image:width\" content=\"2147\" \/>\n\t<meta property=\"og:image:height\" content=\"624\" \/>\n\t<meta property=\"og:image:type\" content=\"image\/png\" \/>\n<meta name=\"author\" content=\"Marta Regalon Martinez\" \/>\n<meta name=\"twitter:card\" content=\"summary_large_image\" \/>\n<meta name=\"twitter:label1\" content=\"Written by\" \/>\n\t<meta name=\"twitter:data1\" content=\"Marta Regalon Martinez\" \/>\n\t<meta name=\"twitter:label2\" content=\"Est. reading time\" \/>\n\t<meta name=\"twitter:data2\" content=\"6 minutes\" \/>\n<script type=\"application\/ld+json\" class=\"yoast-schema-graph\">{\"@context\":\"https:\/\/schema.org\",\"@graph\":[{\"@type\":\"Article\",\"@id\":\"https:\/\/www.aszende.com\/blog\/aszende-factura-52-millones-en-2025-un-15-mas-y-preve-duplicar-la-cifra-en-cinco-anos\/#article\",\"isPartOf\":{\"@id\":\"https:\/\/www.aszende.com\/blog\/aszende-factura-52-millones-en-2025-un-15-mas-y-preve-duplicar-la-cifra-en-cinco-anos\/\"},\"author\":{\"name\":\"Marta Regalon Martinez\",\"@id\":\"https:\/\/www.aszende.com\/en\/#\/schema\/person\/672a3969d466d5a1c7d7d2de7baf5988\"},\"headline\":\"Aszende celebra su 50 aniversario con cinco nuevas adquisiciones y una facturaci\u00f3n de m\u00e1s de 50 millones de euros\",\"datePublished\":\"2026-04-15T08:44:16+00:00\",\"dateModified\":\"2026-04-20T10:19:23+00:00\",\"mainEntityOfPage\":{\"@id\":\"https:\/\/www.aszende.com\/blog\/aszende-factura-52-millones-en-2025-un-15-mas-y-preve-duplicar-la-cifra-en-cinco-anos\/\"},\"wordCount\":1155,\"publisher\":{\"@id\":\"https:\/\/www.aszende.com\/en\/#organization\"},\"image\":{\"@id\":\"https:\/\/www.aszende.com\/blog\/aszende-factura-52-millones-en-2025-un-15-mas-y-preve-duplicar-la-cifra-en-cinco-anos\/#primaryimage\"},\"thumbnailUrl\":\"https:\/\/www.aszende.com\/wp-content\/uploads\/2026\/04\/Presentacion-Nota-de-Prensa-Aszende-2026-1-1024x298.png\",\"articleSection\":[\"Sin categorizar\"],\"inLanguage\":\"en-US\"},{\"@type\":\"WebPage\",\"@id\":\"https:\/\/www.aszende.com\/blog\/aszende-factura-52-millones-en-2025-un-15-mas-y-preve-duplicar-la-cifra-en-cinco-anos\/\",\"url\":\"https:\/\/www.aszende.com\/blog\/aszende-factura-52-millones-en-2025-un-15-mas-y-preve-duplicar-la-cifra-en-cinco-anos\/\",\"name\":\"Aszende celebra su 50 aniversario con cinco nuevas adquisiciones y una facturaci\u00f3n de m\u00e1s de 50 millones de euros - Aszende\",\"isPartOf\":{\"@id\":\"https:\/\/www.aszende.com\/en\/#website\"},\"primaryImageOfPage\":{\"@id\":\"https:\/\/www.aszende.com\/blog\/aszende-factura-52-millones-en-2025-un-15-mas-y-preve-duplicar-la-cifra-en-cinco-anos\/#primaryimage\"},\"image\":{\"@id\":\"https:\/\/www.aszende.com\/blog\/aszende-factura-52-millones-en-2025-un-15-mas-y-preve-duplicar-la-cifra-en-cinco-anos\/#primaryimage\"},\"thumbnailUrl\":\"https:\/\/www.aszende.com\/wp-content\/uploads\/2026\/04\/Presentacion-Nota-de-Prensa-Aszende-2026-1-1024x298.png\",\"datePublished\":\"2026-04-15T08:44:16+00:00\",\"dateModified\":\"2026-04-20T10:19:23+00:00\",\"breadcrumb\":{\"@id\":\"https:\/\/www.aszende.com\/blog\/aszende-factura-52-millones-en-2025-un-15-mas-y-preve-duplicar-la-cifra-en-cinco-anos\/#breadcrumb\"},\"inLanguage\":\"en-US\",\"potentialAction\":[{\"@type\":\"ReadAction\",\"target\":[\"https:\/\/www.aszende.com\/blog\/aszende-factura-52-millones-en-2025-un-15-mas-y-preve-duplicar-la-cifra-en-cinco-anos\/\"]}]},{\"@type\":\"ImageObject\",\"inLanguage\":\"en-US\",\"@id\":\"https:\/\/www.aszende.com\/blog\/aszende-factura-52-millones-en-2025-un-15-mas-y-preve-duplicar-la-cifra-en-cinco-anos\/#primaryimage\",\"url\":\"https:\/\/www.aszende.com\/wp-content\/uploads\/2026\/04\/Presentacion-Nota-de-Prensa-Aszende-2026-1-1024x298.png\",\"contentUrl\":\"https:\/\/www.aszende.com\/wp-content\/uploads\/2026\/04\/Presentacion-Nota-de-Prensa-Aszende-2026-1-1024x298.png\"},{\"@type\":\"BreadcrumbList\",\"@id\":\"https:\/\/www.aszende.com\/blog\/aszende-factura-52-millones-en-2025-un-15-mas-y-preve-duplicar-la-cifra-en-cinco-anos\/#breadcrumb\",\"itemListElement\":[{\"@type\":\"ListItem\",\"position\":1,\"name\":\"Inicio\",\"item\":\"https:\/\/www.aszende.com\/en\/\"},{\"@type\":\"ListItem\",\"position\":2,\"name\":\"Aszende celebra su 50 aniversario con cinco nuevas adquisiciones y una facturaci\u00f3n de m\u00e1s de 50 millones de euros\"}]},{\"@type\":\"WebSite\",\"@id\":\"https:\/\/www.aszende.com\/en\/#website\",\"url\":\"https:\/\/www.aszende.com\/en\/\",\"name\":\"Aszende\",\"description\":\"\",\"publisher\":{\"@id\":\"https:\/\/www.aszende.com\/en\/#organization\"},\"potentialAction\":[{\"@type\":\"SearchAction\",\"target\":{\"@type\":\"EntryPoint\",\"urlTemplate\":\"https:\/\/www.aszende.com\/en\/?s={search_term_string}\"},\"query-input\":{\"@type\":\"PropertyValueSpecification\",\"valueRequired\":true,\"valueName\":\"search_term_string\"}}],\"inLanguage\":\"en-US\"},{\"@type\":\"Organization\",\"@id\":\"https:\/\/www.aszende.com\/en\/#organization\",\"name\":\"Aszende\",\"url\":\"https:\/\/www.aszende.com\/en\/\",\"logo\":{\"@type\":\"ImageObject\",\"inLanguage\":\"en-US\",\"@id\":\"https:\/\/www.aszende.com\/en\/#\/schema\/logo\/image\/\",\"url\":\"https:\/\/www.aszende.com\/wp-content\/uploads\/2022\/10\/LOGO-Aszende-sin-R.png\",\"contentUrl\":\"https:\/\/www.aszende.com\/wp-content\/uploads\/2022\/10\/LOGO-Aszende-sin-R.png\",\"width\":346,\"height\":114,\"caption\":\"Aszende\"},\"image\":{\"@id\":\"https:\/\/www.aszende.com\/en\/#\/schema\/logo\/image\/\"}},{\"@type\":\"Person\",\"@id\":\"https:\/\/www.aszende.com\/en\/#\/schema\/person\/672a3969d466d5a1c7d7d2de7baf5988\",\"name\":\"Marta Regalon Martinez\",\"image\":{\"@type\":\"ImageObject\",\"inLanguage\":\"en-US\",\"@id\":\"https:\/\/www.aszende.com\/en\/#\/schema\/person\/image\/\",\"url\":\"https:\/\/secure.gravatar.com\/avatar\/e9cb9b8becf423dac0a43193c13ce4972bc73222d419e4dbabea9d9c9557fac8?s=96&d=mm&r=g\",\"contentUrl\":\"https:\/\/secure.gravatar.com\/avatar\/e9cb9b8becf423dac0a43193c13ce4972bc73222d419e4dbabea9d9c9557fac8?s=96&d=mm&r=g\",\"caption\":\"Marta Regalon Martinez\"}}]}<\/script>\n<!-- \/ Yoast SEO plugin. -->","yoast_head_json":{"title":"Aszende celebra su 50 aniversario con cinco nuevas adquisiciones y una facturaci\u00f3n de m\u00e1s de 50 millones de euros - Aszende","robots":{"index":"index","follow":"follow","max-snippet":"max-snippet:-1","max-image-preview":"max-image-preview:large","max-video-preview":"max-video-preview:-1"},"canonical":"https:\/\/www.aszende.com\/blog\/aszende-factura-52-millones-en-2025-un-15-mas-y-preve-duplicar-la-cifra-en-cinco-anos\/","og_locale":"en_US","og_type":"article","og_title":"Aszende celebra su 50 aniversario con cinco nuevas adquisiciones y una facturaci\u00f3n de m\u00e1s de 50 millones de euros - Aszende","og_description":"\u00b7\u00a0\u00a0\u00a0\u00a0\u00a0 La compa\u00f1\u00eda cerr\u00f3 2025 con un crecimiento del 15 % respecto al ejercicio anterior y prev\u00e9 duplicar su facturaci\u00f3n en 2030. \u00a0 \u00b7\u00a0\u00a0\u00a0\u00a0\u00a0 Aszende gestiona actualmente un parque de cerca de 20.000 ascensores en mantenimiento, lo que la sit\u00faa entre las diez principales empresas del sector, y prev\u00e9 alcanzar los 24.000 equipos en 2026. [&hellip;]","og_url":"https:\/\/www.aszende.com\/blog\/aszende-factura-52-millones-en-2025-un-15-mas-y-preve-duplicar-la-cifra-en-cinco-anos\/","og_site_name":"Aszende","article_published_time":"2026-04-15T08:44:16+00:00","article_modified_time":"2026-04-20T10:19:23+00:00","og_image":[{"width":2147,"height":624,"url":"https:\/\/www.aszende.com\/wp-content\/uploads\/2026\/04\/Presentacion-Nota-de-Prensa-Aszende-2026-1.png","type":"image\/png"}],"author":"Marta Regalon Martinez","twitter_card":"summary_large_image","twitter_misc":{"Written by":"Marta Regalon Martinez","Est. reading time":"6 minutes"},"schema":{"@context":"https:\/\/schema.org","@graph":[{"@type":"Article","@id":"https:\/\/www.aszende.com\/blog\/aszende-factura-52-millones-en-2025-un-15-mas-y-preve-duplicar-la-cifra-en-cinco-anos\/#article","isPartOf":{"@id":"https:\/\/www.aszende.com\/blog\/aszende-factura-52-millones-en-2025-un-15-mas-y-preve-duplicar-la-cifra-en-cinco-anos\/"},"author":{"name":"Marta Regalon Martinez","@id":"https:\/\/www.aszende.com\/en\/#\/schema\/person\/672a3969d466d5a1c7d7d2de7baf5988"},"headline":"Aszende celebra su 50 aniversario con cinco nuevas adquisiciones y una facturaci\u00f3n de m\u00e1s de 50 millones de euros","datePublished":"2026-04-15T08:44:16+00:00","dateModified":"2026-04-20T10:19:23+00:00","mainEntityOfPage":{"@id":"https:\/\/www.aszende.com\/blog\/aszende-factura-52-millones-en-2025-un-15-mas-y-preve-duplicar-la-cifra-en-cinco-anos\/"},"wordCount":1155,"publisher":{"@id":"https:\/\/www.aszende.com\/en\/#organization"},"image":{"@id":"https:\/\/www.aszende.com\/blog\/aszende-factura-52-millones-en-2025-un-15-mas-y-preve-duplicar-la-cifra-en-cinco-anos\/#primaryimage"},"thumbnailUrl":"https:\/\/www.aszende.com\/wp-content\/uploads\/2026\/04\/Presentacion-Nota-de-Prensa-Aszende-2026-1-1024x298.png","articleSection":["Sin categorizar"],"inLanguage":"en-US"},{"@type":"WebPage","@id":"https:\/\/www.aszende.com\/blog\/aszende-factura-52-millones-en-2025-un-15-mas-y-preve-duplicar-la-cifra-en-cinco-anos\/","url":"https:\/\/www.aszende.com\/blog\/aszende-factura-52-millones-en-2025-un-15-mas-y-preve-duplicar-la-cifra-en-cinco-anos\/","name":"Aszende celebra su 50 aniversario con cinco nuevas adquisiciones y una facturaci\u00f3n de m\u00e1s de 50 millones de euros - Aszende","isPartOf":{"@id":"https:\/\/www.aszende.com\/en\/#website"},"primaryImageOfPage":{"@id":"https:\/\/www.aszende.com\/blog\/aszende-factura-52-millones-en-2025-un-15-mas-y-preve-duplicar-la-cifra-en-cinco-anos\/#primaryimage"},"image":{"@id":"https:\/\/www.aszende.com\/blog\/aszende-factura-52-millones-en-2025-un-15-mas-y-preve-duplicar-la-cifra-en-cinco-anos\/#primaryimage"},"thumbnailUrl":"https:\/\/www.aszende.com\/wp-content\/uploads\/2026\/04\/Presentacion-Nota-de-Prensa-Aszende-2026-1-1024x298.png","datePublished":"2026-04-15T08:44:16+00:00","dateModified":"2026-04-20T10:19:23+00:00","breadcrumb":{"@id":"https:\/\/www.aszende.com\/blog\/aszende-factura-52-millones-en-2025-un-15-mas-y-preve-duplicar-la-cifra-en-cinco-anos\/#breadcrumb"},"inLanguage":"en-US","potentialAction":[{"@type":"ReadAction","target":["https:\/\/www.aszende.com\/blog\/aszende-factura-52-millones-en-2025-un-15-mas-y-preve-duplicar-la-cifra-en-cinco-anos\/"]}]},{"@type":"ImageObject","inLanguage":"en-US","@id":"https:\/\/www.aszende.com\/blog\/aszende-factura-52-millones-en-2025-un-15-mas-y-preve-duplicar-la-cifra-en-cinco-anos\/#primaryimage","url":"https:\/\/www.aszende.com\/wp-content\/uploads\/2026\/04\/Presentacion-Nota-de-Prensa-Aszende-2026-1-1024x298.png","contentUrl":"https:\/\/www.aszende.com\/wp-content\/uploads\/2026\/04\/Presentacion-Nota-de-Prensa-Aszende-2026-1-1024x298.png"},{"@type":"BreadcrumbList","@id":"https:\/\/www.aszende.com\/blog\/aszende-factura-52-millones-en-2025-un-15-mas-y-preve-duplicar-la-cifra-en-cinco-anos\/#breadcrumb","itemListElement":[{"@type":"ListItem","position":1,"name":"Inicio","item":"https:\/\/www.aszende.com\/en\/"},{"@type":"ListItem","position":2,"name":"Aszende celebra su 50 aniversario con cinco nuevas adquisiciones y una facturaci\u00f3n de m\u00e1s de 50 millones de euros"}]},{"@type":"WebSite","@id":"https:\/\/www.aszende.com\/en\/#website","url":"https:\/\/www.aszende.com\/en\/","name":"Aszende","description":"","publisher":{"@id":"https:\/\/www.aszende.com\/en\/#organization"},"potentialAction":[{"@type":"SearchAction","target":{"@type":"EntryPoint","urlTemplate":"https:\/\/www.aszende.com\/en\/?s={search_term_string}"},"query-input":{"@type":"PropertyValueSpecification","valueRequired":true,"valueName":"search_term_string"}}],"inLanguage":"en-US"},{"@type":"Organization","@id":"https:\/\/www.aszende.com\/en\/#organization","name":"Aszende","url":"https:\/\/www.aszende.com\/en\/","logo":{"@type":"ImageObject","inLanguage":"en-US","@id":"https:\/\/www.aszende.com\/en\/#\/schema\/logo\/image\/","url":"https:\/\/www.aszende.com\/wp-content\/uploads\/2022\/10\/LOGO-Aszende-sin-R.png","contentUrl":"https:\/\/www.aszende.com\/wp-content\/uploads\/2022\/10\/LOGO-Aszende-sin-R.png","width":346,"height":114,"caption":"Aszende"},"image":{"@id":"https:\/\/www.aszende.com\/en\/#\/schema\/logo\/image\/"}},{"@type":"Person","@id":"https:\/\/www.aszende.com\/en\/#\/schema\/person\/672a3969d466d5a1c7d7d2de7baf5988","name":"Marta Regalon Martinez","image":{"@type":"ImageObject","inLanguage":"en-US","@id":"https:\/\/www.aszende.com\/en\/#\/schema\/person\/image\/","url":"https:\/\/secure.gravatar.com\/avatar\/e9cb9b8becf423dac0a43193c13ce4972bc73222d419e4dbabea9d9c9557fac8?s=96&d=mm&r=g","contentUrl":"https:\/\/secure.gravatar.com\/avatar\/e9cb9b8becf423dac0a43193c13ce4972bc73222d419e4dbabea9d9c9557fac8?s=96&d=mm&r=g","caption":"Marta Regalon Martinez"}}]}},"_links":{"self":[{"href":"https:\/\/www.aszende.com\/en\/wp-json\/wp\/v2\/posts\/27371","targetHints":{"allow":["GET"]}}],"collection":[{"href":"https:\/\/www.aszende.com\/en\/wp-json\/wp\/v2\/posts"}],"about":[{"href":"https:\/\/www.aszende.com\/en\/wp-json\/wp\/v2\/types\/post"}],"author":[{"embeddable":true,"href":"https:\/\/www.aszende.com\/en\/wp-json\/wp\/v2\/users\/10"}],"replies":[{"embeddable":true,"href":"https:\/\/www.aszende.com\/en\/wp-json\/wp\/v2\/comments?post=27371"}],"version-history":[{"count":31,"href":"https:\/\/www.aszende.com\/en\/wp-json\/wp\/v2\/posts\/27371\/revisions"}],"predecessor-version":[{"id":27490,"href":"https:\/\/www.aszende.com\/en\/wp-json\/wp\/v2\/posts\/27371\/revisions\/27490"}],"wp:attachment":[{"href":"https:\/\/www.aszende.com\/en\/wp-json\/wp\/v2\/media?parent=27371"}],"wp:term":[{"taxonomy":"category","embeddable":true,"href":"https:\/\/www.aszende.com\/en\/wp-json\/wp\/v2\/categories?post=27371"},{"taxonomy":"post_tag","embeddable":true,"href":"https:\/\/www.aszende.com\/en\/wp-json\/wp\/v2\/tags?post=27371"}],"curies":[{"name":"wp","href":"https:\/\/api.w.org\/{rel}","templated":true}]}}